{"id":38291,"date":"2024-12-30T11:51:02","date_gmt":"2024-12-30T08:51:02","guid":{"rendered":"https:\/\/mersinkadingazetesi.com\/?p=38291"},"modified":"2024-12-30T11:51:03","modified_gmt":"2024-12-30T08:51:03","slug":"2025te-sosyal-politikalar-butcemiz-1-5-milyar-tl","status":"publish","type":"post","link":"https:\/\/mersinkadingazetesi.com\/?p=38291","title":{"rendered":"&#8220;2025&#8217;TE SOSYAL POL\u0130T\u0130KALAR B\u00dcT\u00c7EM\u0130Z 1.5 M\u0130LYAR TL&#8221;"},"content":{"rendered":"\n<p>Mersin B\u00fcy\u00fck\u015fehir Belediye Ba\u015fkan\u0131 Vahap Se\u00e7er; yerel TV ve radyolarda ger\u00e7ekle\u015fen ortak canl\u0131 yay\u0131n\u0131n konu\u011fu olarak; Mersin Gazeteciler Cemiyeti Ba\u015fkan\u0131 R\u00fcstem Kaya Tepe&#8217;nin moderat\u00f6rl\u00fc\u011f\u00fcnde, D\u00fcnya Gazetesi Mersin B\u00f6lge Temsilcisi Fahriye Kutlay \u015eenyurt ile Gazeteci Ahmet \u00d6zdemir&#8217;in \u00fclke ve Mersin g\u00fcndemine ili\u015fkin sorular\u0131n\u0131 yan\u0131tlad\u0131.<\/p>\n\n\n\n<p><strong>&#8220;Mersin&#8217;de, sand\u0131ktan uzla\u015f\u0131 \u00e7\u0131kt\u0131&#8221;<\/strong><\/p>\n\n\n\n<p>Program, Ba\u015fkan Se\u00e7er&#8217;in k\u0131sa s\u00fcre \u00f6nce vefat eden karde\u015fi U\u011furcan Se\u00e7er&#8217;e vefat ve ba\u015f sa\u011fl\u0131\u011f\u0131 dilekleri ile ba\u015flad\u0131. Kaya Tepe&#8217;nin&nbsp;<strong>&#8216;Kendinizi siyasette nas\u0131l tan\u0131ml\u0131yorsunuz?&#8217;<\/strong>&nbsp;sorusuna Ba\u015fkan Se\u00e7er,&nbsp;<strong>&#8220;Asl\u0131nda bu sorunun cevab\u0131 yakla\u015f\u0131k 9 ay \u00f6nce yap\u0131lan se\u00e7imlerde ortaya \u00e7\u0131kt\u0131. Mersin&#8217;de sand\u0131ktan uzla\u015f\u0131 \u00e7\u0131kt\u0131. Herkes bir siyasi fig\u00fcr \u00fczerinde ortakla\u015ft\u0131 ve hangi siyasi gelenekten gelirse gelsin Cumhuriyet Halk Partili Vahap Se\u00e7er etraf\u0131nda birle\u015fti. Kulland\u0131\u011f\u0131n\u0131z lisan, uygulamalar, kentte sa\u011flad\u0131\u011f\u0131n\u0131z sinerji, adaletli hizmetler, s\u00f6ylem dilinizin kapsay\u0131c\u0131 ve kucaklay\u0131c\u0131 bar\u0131\u015f dili olmas\u0131; i\u015fte b\u00fct\u00fcn bunlar sand\u0131ktan y\u00fczde 60 oy olarak \u00e7\u0131kt\u0131&#8221;<\/strong>&nbsp;dedi.<\/p>\n\n\n\n<p><strong>&#8220;Her 10 ki\u015finin 6&#8217;s\u0131n\u0131n tevecc\u00fch\u00fc Mersin&#8217;de bir\u00e7ok sorunu ortadan kald\u0131rd\u0131&#8221;<\/strong><\/p>\n\n\n\n<p>Ahmet \u00d6zdemir&#8217;in bu ba\u015far\u0131y\u0131 sa\u011flayan etkenler aras\u0131nda liyakatli kadrolar ve adil hizmet anlay\u0131\u015f\u0131 oldu\u011fu y\u00f6n\u00fcndeki yorumu \u00fczerine ise Se\u00e7er, Mersin gibi bir kentte ideolojik ba\u011fnazl\u0131ktan uzak bir \u015fekilde belediye ba\u015fkanl\u0131\u011f\u0131 yapman\u0131n \u00f6nemini vurgulad\u0131.&nbsp;&nbsp;Kendisinin y\u00f6netim \u015fekli ve bak\u0131\u015f a\u00e7\u0131s\u0131n\u0131n kente \u00e7ok uydu\u011funu s\u00f6zlerine ekleyen Se\u00e7er,&nbsp;&nbsp;<strong>&#8220;Bug\u00fcne kadar partime mesafeli olan b\u00f6lgelerde art\u0131k her \u015fey farkl\u0131 boyutlara ge\u00e7ti. \u00d6n yarg\u0131lar tuzla buz oldu. Bize farkl\u0131 g\u00f6zle bakan kitleler \u015fimdi \u00e7ok daha samimi, daha i\u00e7ten ve s\u0131cak bakmaya ba\u015flad\u0131. Sand\u0131k;&nbsp;<em>&#8216;Siz Vahap Ba\u015fkana hangi yaftalar\u0131 yap\u0131\u015ft\u0131rmak isterseniz isteyin, siyasi karalama kampanyalar\u0131n\u0131z tutmayacak. Biz hizmetlerinden memnunuz. Hizmetleri bir yana; g\u00f6n\u00fcl insan\u0131, hizmet insan\u0131, bizleri seviyor ve say\u0131yor. Biz de onu seviyoruz ve say\u0131yoruz&#8217;<\/em>&nbsp;dedi. 31 Mart&#8217;ta her 10 ki\u015finin 6&#8217;s\u0131n\u0131n tevecc\u00fch\u00fc Mersin&#8217;de bir\u00e7ok sorunu ortadan kald\u0131rd\u0131&#8221;<\/strong>&nbsp;diye konu\u015ftu.<\/p>\n\n\n\n<p><strong>&#8220;Mersin B\u00fcy\u00fck\u015fehir Belediyesi T\u00fcrkiye&#8217;de sayg\u0131 duyulacak hizmetler yapt\u0131&#8221;<\/strong><\/p>\n\n\n\n<p>Fahriye Kutlay \u015eenyurt&#8217;un 2025 y\u0131l\u0131 i\u00e7erisinde sosyal hizmetlere ayr\u0131lacak b\u00fct\u00e7eyi sormas\u0131 \u00fczerine Se\u00e7er, sosyal hizmetlere verdikleri \u00f6nemi anlatt\u0131. Mersin&#8217;de zengin ve fakir u\u00e7urumunun fazla oldu\u011funu s\u00f6zlerine ekleyen Se\u00e7er, kentin dezavantajl\u0131 gruplar\u0131na; kad\u0131nlara, \u00e7ocuklara, ya\u015f alm\u0131\u015f yurtta\u015flara, \u00f6zel gereksinimli birey ve \u00e7ocuklara y\u00f6nelik \u00e7al\u0131\u015fmalar\u0131 \u00f6ncelediklerini ifade etti. Se\u00e7er,&nbsp;<strong>&#8220;Mersin&#8217;in bu ger\u00e7eklerinden yola \u00e7\u0131kal\u0131m ve sosyal politikalara \u00f6nem verdik. Biz 2019&#8217;dan \u00f6nce dersimize \u00e7ok iyi \u00e7al\u0131\u015ft\u0131k. O masada bulunanlar\u0131n bir\u00e7o\u011fu ya meclis \u00fcyesi ya b\u00fcrokrat ya da dan\u0131\u015fman olarak hala benimle \u00e7al\u0131\u015f\u0131yorlar. Biz ne yapt\u0131\u011f\u0131m\u0131z\u0131 biliyoruz ve \u00e7ok iyi i\u015fler yap\u0131yoruz&#8221;<\/strong>&nbsp;ifadelerine yer verdi.<\/p>\n\n\n\n<p><strong>&#8220;Sosyal politikalara ay\u0131rd\u0131\u011f\u0131m\u0131z b\u00fct\u00e7eyi y\u00fczde 80 art\u0131rarak 1,5 milyar TL yapt\u0131k&#8221;<\/strong><\/p>\n\n\n\n<p>2025 b\u00fct\u00e7esinde sosyal politikalara ay\u0131rd\u0131klar\u0131 rakam\u0131n bilgisini payla\u015fan Se\u00e7er,&nbsp;<strong>&#8220;Biz, 2024 y\u0131l\u0131nda sosyal politikalara 830 milyon TL para harcad\u0131k. 2025 y\u0131l\u0131 i\u00e7in y\u00fczde 80 art\u0131rd\u0131k ve sosyal politikalara yakla\u015f\u0131k 1,5 milyar TL pay ay\u0131rd\u0131k. 119 milyon TL olan tar\u0131msal deste\u011fi 215 milyon TL&#8217;ye \u00e7\u0131kard\u0131k. Hangi noktalara dokunaca\u011f\u0131m\u0131z\u0131 biliyoruz. Biz insanlara sadece yard\u0131m yapal\u0131m istemiyoruz, onlar\u0131n \u00fcretmesini istiyoruz. T\u00fcrkiye&#8217;nin \u00fcretmeye, istihdama ve insanlar\u0131n \u00e7al\u0131\u015fmas\u0131na ihtiyac\u0131 var&#8221;<\/strong>&nbsp;dedi.<\/p>\n\n\n\n<p><strong>&#8220;Bizim en b\u00fcy\u00fck \u00f6zelli\u011fimiz ayr\u0131mc\u0131l\u0131\u011f\u0131, arac\u0131l\u0131\u011f\u0131 ortadan kald\u0131rd\u0131k&#8221;<\/strong><\/p>\n\n\n\n<p>\u00d6zdemir&#8217;in; B\u00fcy\u00fck\u015fehir Belediyesi&#8217;nin Refakat\u00e7i Evi Dosthane ba\u015fta olmak \u00fczere e\u015fi olmayan bir\u00e7ok projeye imza att\u0131\u011f\u0131n\u0131 s\u00f6ylemesi \u00fczerine de Se\u00e7er,&nbsp;<strong>&#8220;Bu hizmet T\u00fcrkiye&#8217;nin hi\u00e7bir yerinde yoktu. Kente 200-300 kilometre uzak k\u00f6ylerimiz var. \u00d6rne\u011fin Ay\u015fe Han\u0131m G\u00fclnar&#8217;dan geldi k\u0131z\u0131n\u0131 ameliyat ettirdi, nerede kalacak? \u0130\u015fte Mersin B\u00fcy\u00fck\u015fehir Belediyesi var. Kimseyi araya sokmaya gerek yok. Bizim en b\u00fcy\u00fck \u00f6zelli\u011fimiz ayr\u0131mc\u0131l\u0131\u011f\u0131, arac\u0131l\u0131\u011f\u0131 ortadan kald\u0131rd\u0131k. Onun i\u00e7in Teksin Alo 185 var. Biz Mersin B\u00fcy\u00fck\u015fehir Belediyesi&#8217;ni Teksin \u00fczerinden y\u00f6netiyoruz&#8221;<\/strong>&nbsp;diye konu\u015ftu.<\/p>\n\n\n\n<p><strong>&#8220;Yeti\u015ftirdi\u011finiz insan g\u00fcc\u00fcyle marka kent olunuyor&#8221;<\/strong><\/p>\n\n\n\n<p><strong><em>&#8216;E\u011fitimde F\u0131rsat E\u015fitli\u011fi&#8217;&nbsp;<\/em><\/strong>alan\u0131nda yapm\u0131\u015f olduklar\u0131 hizmetlere dair de konu\u015fan Se\u00e7er, B\u00fcy\u00fck\u015fehir Belediyesi E\u011fitim ve \u00d6\u011fretimi Destekleme Kurs Merkezleri&#8217;nde LGS ve YKS&#8217;ye haz\u0131rlanan 8 binin \u00fczerinde \u00f6\u011frenci oldu\u011funu ifade etti. Kaynak kitap deste\u011finden deneme s\u0131navlar\u0131na ve LGS \u00f6\u011frencilerine verilen \u00f6\u011fle yeme\u011fi hizmetine kadar e\u011fitimi her alanda desteklerinin vurgusunu yapan Se\u00e7er,<strong>&nbsp;&#8220;Mersin&#8217;de e\u011fitimli n\u00fcfusu ne kadar art\u0131rabilirsek, iyi \u00fcniversitelerde ne kadar \u00e7ok \u00e7ocu\u011fumuzun e\u011fitimini sa\u011flayabilirsek kente o kadar fayda sa\u011flar\u0131z.&nbsp;<em>&#8216;Marka kent olaca\u011f\u0131z!&#8217;<\/em>&nbsp;diyoruz. Marka kent; bilim insan\u0131, iyi siyaset\u00e7i, \u015fampiyon sporcu, romanc\u0131, sanat\u00e7\u0131, b\u00fcy\u00fck ve vizyonel i\u015f insanlar\u0131 yeti\u015ftirerek olunur. Yeti\u015ftirdi\u011finiz insan g\u00fcc\u00fcyle marka kent olunuyor&#8221;&nbsp;<\/strong>dedi.<\/p>\n\n\n\n<p>Kentteki resmi n\u00fcfus ile fiili n\u00fcfus aras\u0131nda y\u00fczde 30-35 fark oldu\u011funun da alt\u0131n\u0131 \u00e7izen Se\u00e7er, 6 \u015eubat depreminin ard\u0131ndan Mersin&#8217;de ya\u015fanan s\u00fcre\u00e7ten s\u00f6z etti. Depremin ard\u0131ndan Mersin&#8217;in&nbsp;<strong><em>&#8216;Genel Hayata Etkili Afet B\u00f6lgesi&#8217;<\/em><\/strong>ilan edilmesi i\u00e7in \u00e7ok ses y\u00fckselttiklerini de kaydeden Se\u00e7er, \u015fehrin bu stat\u00fcye al\u0131nmad\u0131\u011f\u0131n\u0131 hat\u0131rlatt\u0131. Yeni altyap\u0131 yat\u0131r\u0131mlar\u0131, yeni su kaynaklar\u0131 ve kanalizasyon sistemleri gibi konularda EBRD, IBRD, IFC ve AFD gibi kurulu\u015flarla g\u00f6r\u00fc\u015fmeler yapt\u0131klar\u0131n\u0131 ifade eden Se\u00e7er, Pamukluk Baraj\u0131 i\u00e7in IBRD&#8217;den hibe bulduklar\u0131n\u0131 ancak, kent&nbsp;<strong><em>&#8216;Genel Hayata Etkili Afet B\u00f6lgesi&#8217;&nbsp;<\/em><\/strong>ilan edilmedi\u011fi i\u00e7in bunun iptal oldu\u011funu s\u00f6zlerine ekledi. Se\u00e7er,&nbsp;<strong>&#8220;DS\u0130 ile yeniden konu\u015ftuk.&nbsp;<em>&#8216;Biz tamam\u0131n\u0131 yapal\u0131m ama hibe olmaz. Siz ar\u0131tmay\u0131 da b\u0131rak\u0131n, biz yapal\u0131m. Biz sizi bor\u00e7land\u0131r\u0131r\u0131z. Bunu \u00f6dersiniz bize.&#8217;<\/em>&nbsp;dediler. Yani bizim 100 milyon Euro hibe gitti. Bunu \u015fimdi Mersin \u00f6deyecek. DS\u0130 yapacak ama ben hi\u00e7 para \u00f6demeden bunu yapacakt\u0131m. Biz Mersin&#8217;i&nbsp;<em>&#8216;Genel Hayata Etkili Afet B\u00f6lgesi&#8217;<\/em>&nbsp;ilan ettirmi\u015f olsayd\u0131k, hibe paketinden sadece Pamukluk i\u00e7in de\u011fil bir\u00e7ok konuda destek al\u0131rd\u0131k&#8221;&nbsp;<\/strong>diye belirtti.<\/p>\n\n\n\n<p><strong>&#8220;Mersin B\u00fcy\u00fck\u015fehir, mali disiplini sa\u011flanm\u0131\u015f bir belediye&#8221;<\/strong><\/p>\n\n\n\n<p>Se\u00e7er, 2019 y\u0131l\u0131nda B\u00fcy\u00fck\u015fehir Belediyesi&#8217;nin y\u00f6netimini devrald\u0131klar\u0131nda, belediyenin ve i\u015ftiraklerinin o g\u00fcnk\u00fc d\u00f6viz kuruyla TL cinsi borcunun 530 milyon dolar oldu\u011fundan s\u00f6z ederek, bu borcun \u015fu anda 284 milyon dolar oldu\u011funu ifade etti. Se\u00e7er,&nbsp;<strong>&#8220;Bu da 9 milyara yak\u0131n bir para demektir. Yani 5 y\u0131l hizmet etmi\u015fiz, bunun yan\u0131nda da 9 milyar lira bizle alakas\u0131 olmayan, \u00f6nceki d\u00f6nemde bize fatura edilmi\u015f bedeller \u00f6demi\u015fiz. 250 milyon dolar bor\u00e7 azalm\u0131\u015f. Onun i\u00e7in \u00e7ok rahat\u0131z. Mersin B\u00fcy\u00fck\u015fehir Belediyesi, mali disiplini sa\u011flanm\u0131\u015f bir belediye&#8221;&nbsp;<\/strong>dedi.<\/p>\n\n\n\n<p><strong>&#8220;Bu kadar kat\u0131 kurallar Cumhur \u0130ttifak\u0131&#8217;na mensup belediyelere uygulan\u0131yor mu?&#8221;<\/strong><\/p>\n\n\n\n<p>Gazeteci Fahriye Kutlay \u015eenyurt&#8217;un SGK taraf\u0131ndan Mersin B\u00fcy\u00fck\u015fehir Belediyesi&#8217;nin i\u015ftirak \u015firketlerine e-haciz konulmas\u0131 hakk\u0131ndaki sorusunu yan\u0131tlayan Se\u00e7er, as\u0131l konu\u015fulmas\u0131 gerekenin borcun neden ge\u00e7mi\u015fte \u00f6denmedi\u011fi olmas\u0131 gerekti\u011fini belirtti. Se\u00e7er,&nbsp;<strong>&#8220;SGK&#8217;n\u0131n T\u00fcrkiye&#8217;de alaca\u011f\u0131 her 10 liran\u0131n 1 liras\u0131 belediyelerin, yani sen 9 liray\u0131 tahsil ettin her \u015feyi hallettin de g\u00f6z\u00fc bize mi diktin SGK? Zaten bir kararname ile kayna\u011f\u0131ndan, Maliye&#8217;den kesiyorsun. Acaba bize uygulanan bu kadar kat\u0131 kurallar Cumhur \u0130ttifak\u0131&#8217;na mensup belediyelere uygulan\u0131yor mu? Uygulanm\u0131yor mu?&#8221;<\/strong>&nbsp;dedi.<\/p>\n\n\n\n<p><strong>&#8220;Devlet, devlet kurumundan teminat istiyor&#8221;<\/strong><\/p>\n\n\n\n<p>Mersin B\u00fcy\u00fck\u015fehir Belediyesi&#8217;nin 2024 y\u0131l\u0131 i\u00e7erisinde 1 milyar 227 milyon TL vergi ve SGK primi \u00f6dedi\u011fini aktaran Se\u00e7er,&nbsp;<strong>&#8220;Bu hesap d\u00f6n\u00fcyor. Bu hesap dura\u011fan bir hesap de\u011fil. Do\u011fal olarak bu kadar pandomim koparacak bir durum s\u00f6z konusu de\u011fil. Biz \u015fimdi m\u00fcracaat\u0131m\u0131z\u0131 yapt\u0131k, bir yap\u0131land\u0131rma tabi ki vade farklar\u0131n\u0131 koyacaklar, bize&nbsp;<em>&#8216;Kar\u015f\u0131l\u0131\u011f\u0131nda teminat verin&#8217;<\/em>&nbsp;dediler. Devlet, devlet kurumundan teminat istiyor, ona da&nbsp;<em>&#8216;Tamam&#8217;<\/em>&nbsp;dedik. Cuma g\u00fcn\u00fc ola\u011fan\u00fcst\u00fc olarak meclisi toplad\u0131k. \u015eimdi kendilerine sunduk, onlardan haber bekliyoruz. Ama \u00f6yle bir tela\u015fa mahal yok bizde&#8221;&nbsp;<\/strong>diye konu\u015ftu.<\/p>\n\n\n\n<p><strong>&#8220;Biz gelir olarak T\u00fcrkiye&#8217;nin ilk 6&#8217;s\u0131nda olan bir belediyeyiz&#8221;<\/strong><\/p>\n\n\n\n<p>Se\u00e7er, merkezi h\u00fck\u00fcmet taraf\u0131ndan uygulanan e-haciz karar\u0131n\u0131n \u00f6zellikle vatanda\u015flar\u0131n yararland\u0131\u011f\u0131 sosyal hizmetleri etkileyip etkilemeyece\u011finin sorulmas\u0131 \u00fczerine ise,&nbsp;<strong>&#8220;Hay\u0131r, hi\u00e7bir s\u0131k\u0131nt\u0131 yaratmayacak. Bizim i\u015ftiraklerimizle birlikte 2025 y\u0131l\u0131 b\u00fct\u00e7emiz 40 milyar lira. Mersinliler \u015fundan emin olsunlar; ger\u00e7ekten, belediyelerinin mali disiplini \u00f6n plandad\u0131r, ne yapt\u0131\u011f\u0131n\u0131 bilen bir belediyedir. Stratejik plana, yat\u0131r\u0131m program\u0131na harfiyen uyulur. Herkes ne yapt\u0131\u011f\u0131n\u0131, nerede, ne i\u015flem yap\u0131laca\u011f\u0131n\u0131 biliyor. Hangi ay nerede, hangi yat\u0131r\u0131mlara ba\u015flanacak, nerede, ne devam edecek, hepsine hakimiz. Mersinler bu konuda rahat olsunlar. Ne SGK ile ne vergi dairesi ile ne de di\u011fer alacakl\u0131lar\u0131m\u0131zla bizim bir problemimiz yok. Bizim de alaca\u011f\u0131m\u0131z var. Biz gelir olarak T\u00fcrkiye&#8217;nin ilk 6&#8217;s\u0131nda olan bir belediyeyiz&#8221;<\/strong>&nbsp;diyerek yan\u0131t verdi.&nbsp;<\/p>\n\n\n\n<p>B\u00fcy\u00fck\u015fehir ve MESK\u0130&#8217;nin yat\u0131r\u0131mlar\u0131n\u0131n h\u0131z kesmeden devam etti\u011fini dile getiren Se\u00e7er, Mersin&#8217;in t\u00fcm il\u00e7elerinde gerekli olan altyap\u0131 \u00e7al\u0131\u015fmalar\u0131n\u0131 tamamlayacaklar\u0131n\u0131 s\u00f6yledi. S\u00f6z konusu yat\u0131r\u0131mlar i\u00e7in hibe ve geri \u00f6demeli krediler temin ettiklerine dikkat \u00e7eken Se\u00e7er, projelerin bir \u00e7o\u011funun hayata ge\u00e7mesi i\u00e7in Cumhurba\u015fkanl\u0131\u011f\u0131 Strateji ve B\u00fct\u00e7e Ba\u015fkanl\u0131\u011f\u0131&#8217;n\u0131n onay\u0131n\u0131 beklediklerini s\u00f6yledi.<\/p>\n\n\n\n<p><strong>Se\u00e7er&#8217;den rayl\u0131 sistemler hakk\u0131nda: &#8220;Bir d\u00f6nemi ba\u015flat\u0131yor, bir vizyonu ortaya koyuyorum&#8221;<\/strong><\/p>\n\n\n\n<p>Konu\u015fmas\u0131n\u0131n devam\u0131nda Metro Projesi hakk\u0131nda da bilgi veren Se\u00e7er, ilk 5 y\u0131l\u0131k g\u00f6rev s\u00fcresi i\u00e7erisinde Meclis taraf\u0131ndan verilmeyen bor\u00e7lanma yetkisi ve devam\u0131nda Hazine ve Maliye Bakanl\u0131\u011f\u0131&#8217;n\u0131n imza vermekte gecikmesi nedeni ile gecikmenin ya\u015fand\u0131\u011f\u0131n\u0131 s\u00f6yledi. Ge\u00e7ti\u011fimiz g\u00fcnlerde Hazine ve Maliye Bakan\u0131 Mehmet \u015eim\u015fek ile g\u00f6r\u00fc\u015ft\u00fc\u011f\u00fcn\u00fc ve \u015eim\u015fek&#8217;in ekonomik tedbirler dolay\u0131s\u0131yla yurtd\u0131\u015f\u0131 bor\u00e7lanmalara s\u0131cak bakmad\u0131klar\u0131n\u0131 s\u00f6yledi\u011fini aktaran Se\u00e7er,&nbsp;<strong>&#8220;Biz Mersin merkezde iki projenin Ula\u015ft\u0131rma Bakanl\u0131\u011f\u0131 Altyap\u0131 Genel M\u00fcd\u00fcrl\u00fc\u011f\u00fc&#8217;nden onay\u0131n\u0131 ald\u0131k. \u015eu anda Strateji Ve B\u00fct\u00e7e Ba\u015fkanl\u0131\u011f\u0131&#8217;nda, yat\u0131r\u0131m program\u0131na al\u0131nd\u0131\u011f\u0131 zaman kredisini de ayarlad\u0131k. Ben 3 y\u0131l \u00f6nce Mersin halk\u0131na;&nbsp;<em>&#8216;Biz Mersin&#8217;de rayl\u0131 sistemler d\u00f6nemini ba\u015flat\u0131yoruz&#8217;<\/em>&nbsp;dedim. Rayl\u0131 sistemler demek; yer alt\u0131 metrosu, hafif rayl\u0131, tramvay demek. Biz yakla\u015f\u0131k olarak 13,4 kilometre ile ba\u015flad\u0131k. Bir \u00f6nceki d\u00f6nemde bu projeler \u00e7al\u0131\u015f\u0131lmaya ba\u015flanm\u0131\u015f. Yat\u0131r\u0131m program\u0131na ald\u0131k ve temelini att\u0131k. Ama \u015fu anda Mersin&#8217;in yapt\u0131\u011f\u0131m\u0131z \u00e7al\u0131\u015fmalarla beraber 45 kilometrelik rayl\u0131 sistem projesi var. Devlette devaml\u0131l\u0131k esast\u0131r. Ben bir ucundan metroya ba\u015flar\u0131m, a\u011f\u0131r ilerler ama tramvay 2 y\u0131lda tamamlan\u0131r. Bir sonraki d\u00f6nem T\u00fcrkiye&#8217;de ekonomik olarak iyi bir tablo olursa, rahat bor\u00e7lanabilir ve projeyi yapabiliriz. Rayl\u0131 sistemler 3-5 y\u0131ll\u0131k projeksiyonlar de\u011fil. Ama ben bir d\u00f6nemi ba\u015flat\u0131yor, bir vizyonu ortaya koyuyorum&#8221;<\/strong>&nbsp;ifadelerini kulland\u0131.<\/p>\n\n\n\n<p><strong>Se\u00e7er, \u00c7e\u015fmeli-Ta\u015fucu Otoyol Projesi hakk\u0131nda konu\u015ftu: &#8220;Vatanda\u015f sesini duyuram\u0131yor&#8221;<\/strong><\/p>\n\n\n\n<p>Mersin B\u00fcy\u00fck\u015fehir taraf\u0131ndan ula\u015f\u0131m alan\u0131nda hayata ge\u00e7irilen projeler hakk\u0131nda da bilgiler veren Se\u00e7er, D-400 Karayolu&#8217;nun bu b\u00f6lgeye yak\u0131\u015fmad\u0131\u011f\u0131ndan ve \u00c7e\u015fmeli-Ta\u015fucu Otoyol Projesi&#8217;nin de 2 ileri 1 geri \u015feklinde hi\u00e7bir ilerleme kaydetmedi\u011finden s\u00f6z etti. \u00c7e\u015fmeli-Ta\u015fucu Otoyol Projesi&#8217;nin 3. kez de\u011fi\u015fti\u011finden vebu 3. projenin de 100&#8217;den fazla evi ortadan kald\u0131r\u0131p, MESK\u0130&#8217;nin i\u00e7me suyu deposunu ve \u00e7ift\u00e7inin tar\u0131msal sulama depolar\u0131n\u0131 yok etti\u011finden bahsetti. Bu projenin \u00e7evreye de ciddi zarar verdi\u011fini dile getiren Se\u00e7er,&nbsp;<strong>&#8220;Vatanda\u015f benim yan\u0131ma geldi;&nbsp;<em>&#8216;Ba\u015fkan\u0131m sesimizi duyuram\u0131yoruz&#8217;&nbsp;<\/em>dedi. Bu insanlar\u0131n sesine bir kulak verin. Orada ka\u015f yapaca\u011f\u0131m derken g\u00f6z \u00e7\u0131kartman\u0131n da alemi yok&#8221;&nbsp;<\/strong>dedi.<\/p>\n\n\n\n<p><strong>&#8220;2026 y\u0131l\u0131 sonunda 42 adet elektrikli otob\u00fcs\u00fcm\u00fcz olacak&#8221;<\/strong><\/p>\n\n\n\n<p>Toplu ta\u015f\u0131mada 436 otob\u00fcs oldu\u011funu ifade eden Se\u00e7er, bunun 272 adedinin kendi d\u00f6nemlerinde al\u0131nan yeni nesil otob\u00fcsler oldu\u011fundan s\u00f6z etti. Bunlar\u0131n 205 adedinin CNG&#8217;li limon otob\u00fcsler oldu\u011funu belirten Se\u00e7er, g\u00f6reve geldiklerinde 12-13 olan filo ya\u015f\u0131n\u0131n \u015fu anda 3&#8217;e d\u00fc\u015ft\u00fc\u011f\u00fcn\u00fc belirtti. Se\u00e7er, otob\u00fcs al\u0131mlar\u0131n\u0131n yeni d\u00f6nemlerinde de devam edece\u011finin vurgusunu yaparak, \u015fimdi de elektrikli otob\u00fcslerin gelece\u011finin m\u00fcjdesini verdi. 2025 y\u0131l\u0131 sonunda 17 adet elektrikli otob\u00fcs gelece\u011fini duyuran Se\u00e7er,&nbsp;<strong>&#8220;Bunlar\u0131n tamam\u0131 hibe gelecek. Bedel \u00f6demeyece\u011fiz. 14 adet de \u015farj \u00fcnitemiz hibe gelecek. 2026 sonuna kadar \u00f6zkaynaklar\u0131m\u0131z ile alacaklar\u0131m\u0131z dahil olmak \u00fczere 42 yeni elektrikli otob\u00fcs\u00fcm\u00fcz olacak&#8221;&nbsp;<\/strong>dedi.<\/p>\n\n\n\n<p><strong>&#8220;Yol hizmetleri olarak t\u00fcm zamanlar\u0131n en kaliteli hizmeti bizim d\u00f6nemimizde&#8221;<\/strong><\/p>\n\n\n\n<p>\u015eehrin d\u00f6rt bir yan\u0131nda yol \u00e7al\u0131\u015fmalar\u0131na \u00f6nem verdiklerini ve Mersinlilerin konforlu seyahat etmesini \u00f6ncelediklerini aktaran Se\u00e7er, ger\u00e7ekle\u015ftirilen \u00e7al\u0131\u015fmalar hakk\u0131nda detayl\u0131 bilgi verdi. Se\u00e7er,&nbsp;<strong>&#8220;\u015eunu \u00e7ok rahatl\u0131kla s\u00f6yleyebilirim; B\u00fcy\u00fck\u015fehir Belediyesi&#8217;nde yol hizmetleri olarak t\u00fcm zamanlar\u0131n en kaliteli, en h\u0131zl\u0131, en sonu\u00e7 al\u0131c\u0131 \u00e7al\u0131\u015fmalar\u0131n\u0131n yap\u0131ld\u0131\u011f\u0131 d\u00f6nem bizim d\u00f6nemimiz. Bunu ben de\u011fil, vatanda\u015f s\u00f6yl\u00fcyor. Bizim yapt\u0131\u011f\u0131m\u0131z i\u015f evladiyelik&#8221;<\/strong>&nbsp;dedi.<\/p>\n\n\n\n<p><strong>&#8220;1000 yeni sosyal konutu vatanda\u015flar\u0131m\u0131za sunaca\u011f\u0131z&#8221;<\/strong><\/p>\n\n\n\n<p>Sosyal Konut Projesi&#8217;nin hangi a\u015famada oldu\u011fuyla ilgili y\u00f6neltilen soruya da Se\u00e7er, \u015f\u00f6yle yan\u0131t verdi:&nbsp;<strong>&#8220;Bu ekonomik s\u0131k\u0131nt\u0131 i\u00e7erisinde \u00f6zellikle emeklilerin, yeni evlenme haz\u0131rl\u0131\u011f\u0131 i\u00e7erisinde olan gen\u00e7lerin \u00e7ok ilgi g\u00f6sterdi\u011fi bir konu. Bizim \u015fu anda Tarsus H\u00fcrriyet Mahallesi&#8217;nde Tarsus Belediyesi ile i\u015f birli\u011fi halinde 300 dairelik toplu konut \u00e7al\u0131\u015fmam\u0131z devam ediyor. 2025 y\u0131l\u0131 i\u00e7erisinde bunun temelini ataca\u011f\u0131z. Yine Toroslar b\u00f6lgesinde belediyemize ait; Cumhuriyet Evleri olarak an\u0131lan b\u00f6lgede 150 konutluk bir \u00e7al\u0131\u015fmam\u0131z var. Biz,&nbsp;&nbsp;5 y\u0131l sonuna kadar 1000 yeni sosyal konutu vatanda\u015flar\u0131m\u0131za sunal\u0131m istiyoruz. K\u0131sa s\u00fcre i\u00e7erisinde projeleri neticelendirip temellerini de ataca\u011f\u0131z.&#8221;<\/strong><\/p>\n\n\n\n<p><strong>&#8220;M\u00fcft\u00fc Deresi Ya\u015fam Vadisi ile muhte\u015fem bir park alan\u0131 yapaca\u011f\u0131z&#8221;<\/strong><\/p>\n\n\n\n<p>Se\u00e7er, M\u00fcft\u00fc Deresi Ya\u015fam Vadisi Projesi&#8217;nin detaylar\u0131n\u0131 da payla\u015farak,&nbsp;<strong>&#8220;500 d\u00f6n\u00fcml\u00fck park alan\u0131 Akdeniz, Toroslar ve Yeni\u015fehir s\u0131n\u0131rlar\u0131 i\u00e7erisinde yer al\u0131yor. \u0130\u00e7erisinde rekreasyonlar alanlar\u0131, spor alanlar\u0131, sosyal ya\u015fam merkezleri, her ya\u015ftan ve farkl\u0131 sosyal k\u00fclt\u00fcrel yap\u0131daki insanlar i\u00e7in onlar\u0131n talepleri do\u011frultusunda muhte\u015fem bir park alan\u0131 ger\u00e7ekle\u015ftirece\u011fiz. 2026 y\u0131l\u0131 i\u00e7erisinde orada \u00e7al\u0131\u015fmalar\u0131 ba\u015flataca\u011f\u0131z. B\u00f6lgenin \u00f6zellikleri g\u00f6z \u00f6n\u00fcnde bulundurularak, d\u00fcnyadaki \u00f6rnekleri de de\u011ferlendirilerek \u00e7ok muhte\u015fem bir proje \u00e7\u0131kaca\u011f\u0131n\u0131 tahmin ediyorum&#8221;<\/strong>&nbsp;diye belirtti.<\/p>\n\n\n\n<p><strong>Sahillerin ranta verilmemesinin sembol\u00fc: &#8216;Adres Okuma Salonu&#8217;<\/strong><\/p>\n\n\n\n<p>E\u011fitimde f\u0131rsat e\u015fitli\u011fi noktas\u0131nda da gen\u00e7ler i\u00e7in \u00e7ok \u00f6nemli \u00e7al\u0131\u015fmalar yapt\u0131klar\u0131n\u0131 kaydeden Se\u00e7er, sahile yap\u0131lan Adres Okuma Salonu&#8217;nun bir sembol oldu\u011funun alt\u0131n\u0131 \u00e7izerek,&nbsp;<strong>&#8220;Onun oraya yap\u0131lmas\u0131 asl\u0131nda manidard\u0131r. Devlet rant\u0131 de\u011fil, halk\u0131 d\u00fc\u015f\u00fcnmeli. Sahiller sa\u011fa, sola, ona, buna pe\u015fke\u015f \u00e7ekilmemeli, halka ve \u00e7ocuklara a\u00e7\u0131lmal\u0131&#8221;<\/strong>&nbsp;diye konu\u015ftu. Se\u00e7er, gen\u00e7lerin ders \u00e7al\u0131\u015ft\u0131\u011f\u0131 Adres Okuma Salonu&#8217;na 60 bin \u00fcyeli\u011fin oldu\u011funu ve buray\u0131 y\u0131lda 365 bin \u00e7ocu\u011fun ders \u00e7al\u0131\u015fmak i\u00e7in kulland\u0131\u011f\u0131n\u0131 s\u00f6zlerine ekledi.<\/p>\n\n\n\n<p><strong>&#8220;Sahile ikinci bir okuma salonu yapaca\u011f\u0131z&#8221;<\/strong><\/p>\n\n\n\n<p>Sahile ikinci bir okuma salonu da kazand\u0131racaklar\u0131n\u0131 yineleyen Se\u00e7er, sahil \u015feridinde ya\u015fad\u0131klar\u0131 tahsis sorunlar\u0131na da de\u011findi. Se\u00e7er<strong>, &#8220;\u0130kinci okuma salonunu Mersin \u0130dman Yurdu Meydan\u0131 ile Hilton Otel aras\u0131na yapaca\u011f\u0131z. \u00c7evre Bakanl\u0131\u011f\u0131&#8217;yla benden \u00f6nceki d\u00f6nemden mahkemelik bir durum var. O b\u00f6lgelerin bize devrinin yap\u0131lmas\u0131 gerekiyor. Buradan sesleniyorum; &#8216;<em>Bir an \u00f6nce bu sorunun ortadan kalkmas\u0131n\u0131 istiyoruz&#8217;.<\/em>&nbsp;&nbsp;Ben \u00e7ocuklara ikinci okuma salonunu yapaca\u011f\u0131m. Projesi haz\u0131r. 2 y\u0131ld\u0131r bekliyoruz. Umut ediyorum \u00e7\u00f6zece\u011fiz ve 2025 y\u0131l\u0131 i\u00e7erisinde oraya ikinci bir okuma salonu yapaca\u011f\u0131z&#8221;&nbsp;<\/strong>dedi.<\/p>\n\n\n\n<p>B\u00fcy\u00fck\u015fehir Belediyesi&#8217;nin Kariyer Merkezi&#8217;nin \u00f6zellikle gen\u00e7ler i\u00e7in \u00e7ok \u00f6nemli g\u00f6revler \u00fcstlendi\u011fini s\u00f6yleyen Se\u00e7er,&nbsp;<strong>&#8216;Kamp\u00fcs Mersin&#8217;<\/strong>&nbsp;ve yak\u0131nda hayata ge\u00e7irilecek olan&nbsp;<strong>&#8216;Garaj Mersin&#8217;<\/strong>&nbsp;projelerinden s\u00f6z etti. Se\u00e7er, Kariyer Merkezi&#8217;nin, i\u015fverenle yeni i\u015fg\u00fcc\u00fcn\u00fc bir araya getirip, onlara ne arad\u0131\u011f\u0131n\u0131, ne istedi\u011fini \u00f6\u011fretti\u011fini s\u00f6yledi.<\/p>\n\n\n\n<p><strong>&#8220;25 y\u0131ll\u0131k imar plan\u0131 problemini \u00e7\u00f6z\u00fcme kavu\u015fturduk&#8221;<\/strong><\/p>\n\n\n\n<p>Mersin&#8217;in en \u00f6nemli sorunlar\u0131ndan olan imar planlar\u0131n\u0131n \u00e7ok \u00f6nemli bir b\u00f6l\u00fcm\u00fcn\u00fcn tamamland\u0131\u011f\u0131n\u0131 ve 25 y\u0131ll\u0131k problemin \u00e7\u00f6z\u00fcme kavu\u015fturuldu\u011funu ifade eden Se\u00e7er, merkez il\u00e7elerin tamam\u0131nda B\u00fcy\u00fck\u015fehir&#8217;in sorumlulu\u011funda bulunan 1\/5000&#8217;lik planlar\u0131n bitti\u011fini, il\u00e7e belediyelerinin yapmas\u0131 gereken 1\/1000&#8217;lik planlar\u0131n da tamamlanma a\u015famas\u0131nda oldu\u011funu s\u00f6yledi. \u0130mar planlar\u0131 ile birlikte yeni i\u015f sahalar\u0131n\u0131n hayat bulaca\u011f\u0131na dikkat \u00e7eken Se\u00e7er,&nbsp;<strong>&#8220;Akdeniz il\u00e7emizde 2 bin 500 hektarl\u0131k alan\u0131 i\u015f sahas\u0131 olarak a\u00e7t\u0131k. Umut ediyorum, \u00f6n\u00fcm\u00fczdeki y\u0131l orada da \u00e7ok h\u0131zl\u0131 bir \u00e7al\u0131\u015fma olur ve 1-1,5 y\u0131l i\u00e7erisinde Mersin&#8217;de i\u015fyeri i\u00e7in arsa sorununu ortadan tamamen kald\u0131rm\u0131\u015f oluyoruz&#8221;&nbsp;<\/strong>dedi.<\/p>\n\n\n\n<p><strong>&#8220;Sosyal politikalara ay\u0131rd\u0131\u011f\u0131m\u0131z pay\u0131 y\u00fczde 80 art\u0131rd\u0131k&#8221;<\/strong><\/p>\n\n\n\n<p>T\u00fcrkiye&#8217;nin ger\u00e7ek sorununun ekonomi oldu\u011funa vurgu yapan Se\u00e7er,&nbsp;<strong>&#8220;Asgari \u00fccret 22 bin 104 TL olarak a\u00e7\u0131kland\u0131. Herkes hakl\u0131 olarak isyan ediyor,&nbsp;<em>&#8216;Biz bu asgari \u00fccretle nas\u0131l ge\u00e7inece\u011fiz&#8217;<\/em>&nbsp;diyor. Asgari \u00fccret bu \u00fclkede y\u00fczde 30 artt\u0131, Mersin B\u00fcy\u00fck\u015fehir Belediyesi ise sosyal politikalara ay\u0131rd\u0131\u011f\u0131 pay\u0131 y\u00fczde 80 art\u0131rd\u0131, 830 milyondan 1,5 milyar TL&#8217;ye \u00e7\u0131kard\u0131. \u00c7\u00fcnk\u00fc per\u015fembenin geli\u015fi \u00e7ar\u015fambadan belli&#8221;<\/strong>&nbsp;dedi.<\/p>\n\n\n\n<p>Ekonomik kriz ve hayat pahal\u0131l\u0131\u011f\u0131n\u0131n \u00fclkede gittik\u00e7e derinle\u015fti\u011fini ve h\u00fck\u00fcmetin a\u00e7\u0131klad\u0131\u011f\u0131 asgari \u00fccretin de hi\u00e7bir derde deva olmayaca\u011f\u0131n\u0131 s\u00f6yleyen Se\u00e7er, Mersin B\u00fcy\u00fck\u015fehir Belediyesi olarak halk\u0131n derdine \u00e7\u00f6z\u00fcm bulan projeleri art\u0131rarak devam ettireceklerinin alt\u0131n\u0131 \u00e7izdi. Se\u00e7er,&nbsp;<strong>&#8220;Biz belli ki sosyal politikalarda daha farkl\u0131 ve daha geni\u015f kesimlere hitap etme ihtiyac\u0131 duyaca\u011f\u0131z. \u0130nsanlar\u0131n bize ihtiyac\u0131 artacak. Bir sadaka k\u00fclt\u00fcr\u00fcnden bahsetmiyorum. Bir zorunluluktan bahsediyorum. Biz bunlara konsantre olaca\u011f\u0131z&#8221;<\/strong>&nbsp;diye konu\u015ftu.<\/p>\n\n\n\n<p><strong>&#8220;T\u00fcrkiye&#8217;nin ger\u00e7ek g\u00fcndemi ge\u00e7im s\u0131k\u0131nt\u0131s\u0131d\u0131r&#8221;<\/strong><\/p>\n\n\n\n<p>T\u00fcrkiye&#8217;nin ger\u00e7ek g\u00fcndeminin ge\u00e7im s\u0131k\u0131nt\u0131s\u0131, hayat pahal\u0131l\u0131\u011f\u0131, ekonomi ve istihdam sorunu oldu\u011funa dikkat \u00e7eken Se\u00e7er, iktidara namzet olan partisi CHP&#8217;nin de odaklanaca\u011f\u0131 konunun \u00fclkenin ger\u00e7ek g\u00fcndemi olmas\u0131 gerekti\u011fini s\u00f6yledi. Se\u00e7er,&nbsp;<strong>&#8220;Vatanda\u015f bizi bununla anmal\u0131. Vatanda\u015f\u0131n;&nbsp;<em>&#8216;CHP ekonomiyi konu\u015fuyor, alternatif sunuyor, CHP&#8217;nin ayaklar\u0131 yere basan projeleri var. CHP&#8217;li belediyeler sanki iktidar olduklar\u0131 zaman uygulayacaklar\u0131 politikalar\u0131n provas\u0131n\u0131 yap\u0131yor. Bravo Mersin B\u00fcy\u00fck\u015fehir, Adana, \u0130stanbul, Ankara, Ayd\u0131n, \u0130zmir, Antalya&#8217;ya ve t\u00fcm belediyelere. M\u00fcthi\u015f projeler uyguluyorlar. Bu ba\u015fkanlar kentlerini bu kadar g\u00fczel y\u00f6netiyorlarsa neden T\u00fcrkiye&#8217;yi y\u00f6netmesinler?&#8217;<\/em>&nbsp;demesi gerekiyor. Bizim bu g\u00fcveni vermemiz laz\u0131m&#8221;<\/strong>&nbsp;ifadelerini kulland\u0131.<\/p>\n\n\n\n<p><strong>&#8220;\u00dclkemizi d\u00fc\u015f\u00fcn\u00fcyorsak; ki\u015fisel kariyer planlar\u0131m\u0131z\u0131 de\u011fil, CHP&#8217;yi y\u00fcceltmemiz laz\u0131m&#8221;<\/strong><\/p>\n\n\n\n<p>Vatanda\u015f\u0131n,&nbsp;<strong><em>&#8216;CHP ne g\u00fczel belediyecilik yap\u0131yor, g\u00fczel de ba\u015fkanlar buluyor. Neden bu se\u00e7imde de CHP&#8217;ye oy vermeyeyim?&#8217;<\/em><\/strong>&nbsp;diye d\u00fc\u015f\u00fcnece\u011fini aktaran Se\u00e7er,&nbsp;<strong>&#8220;Ben bunun konu\u015fulmas\u0131n\u0131n pe\u015findeyim. \u00dclkemizi d\u00fc\u015f\u00fcn\u00fcyorsak; ki\u015fisel kariyer planlar\u0131m\u0131z\u0131 de\u011fil, CHP&#8217;yi y\u00fcceltmemiz laz\u0131m&#8221;<\/strong>&nbsp;dedi.<\/p>\n\n\n\n<p>Se\u00e7er,&nbsp;<strong>&#8220;CHP&#8217;nin y\u00fccelmesi, b\u00fcy\u00fcmesi, CHP&#8217;ye olan g\u00fcvenin artmas\u0131; T\u00fcrkiye&#8217;nin b\u00fcy\u00fcmesi, demokrasinin zenginle\u015fmesi ve alternatif olu\u015fmas\u0131 demektir. Yoksa T\u00fcrkiye tek partili ve tek adaml\u0131 bir d\u00fczene son s\u00fcrat gitti, gitmeye de devam eder. Benim bug\u00fcn ortaya koymak istedi\u011fim budur. Ki\u015fi siyaseti de\u011fil parti siyasetinin yap\u0131lmas\u0131 taraftaray\u0131m&#8221;<\/strong>&nbsp;diye konu\u015ftu.<\/p>\n\n\n\n<p><strong>&#8220;Ya\u015fam Mersin&#8217;de daha g\u00fczel hale geliyor&#8221;<\/strong><\/p>\n\n\n\n<p>Mersin&#8217;in son 6 y\u0131ld\u0131r T\u00fcrkiye g\u00fcndeminde daha s\u0131k yer ald\u0131\u011f\u0131n\u0131 ve bunda B\u00fcy\u00fck\u015fehir Belediyesi ve Ba\u015fkan\u0131&#8217;n\u0131n ba\u015far\u0131l\u0131 \u00e7al\u0131\u015fmalar\u0131n\u0131n \u00f6nemli rol\u00fc oldu\u011funun alt\u0131n\u0131 \u00e7izen Se\u00e7er,&nbsp;<strong>&#8220;Fakat sadece bizim, belediyenin ba\u015far\u0131s\u0131 ya da g\u00fczel hizmetleri yok. Mersin&#8217;de bir\u00e7ok konuda geli\u015fme var. Mersin kendi dinamikleriyle de son derece h\u0131zl\u0131 geli\u015fen bir kent. Muazzam geli\u015fmeler oluyor. Ya\u015fam burada daha g\u00fczel hale geliyor. Mersin insanlar\u0131n ilgi oda\u011f\u0131 olmaya ba\u015flad\u0131. Televizyon ekranlar\u0131nda bir belediye konu\u015fmas\u0131 ya da g\u00fczel bir kent tart\u0131\u015fmas\u0131 varsa, mutlaka araya bir Mersin k\u0131sm\u0131 giriyor. Her birimiz hepimizle gurur duymal\u0131y\u0131z. Birbirimizi k\u0131skanacak halimiz yok. Biz birbirimizi sevece\u011fiz&#8221;<\/strong>&nbsp;dedi.<\/p>\n\n\n\n<p><strong>Se\u00e7er&#8217;den \u0130mral\u0131 yorumu: &#8220;Geli\u015fmeler ak\u015famdan sabaha olan geli\u015fmeler de\u011fil&#8221;<\/strong><\/p>\n\n\n\n<p>Se\u00e7er, DEM Parti yetkililerinin \u0130mral\u0131 g\u00f6r\u00fc\u015fmesi ile alakal\u0131 bak\u0131\u015f a\u00e7\u0131s\u0131n\u0131n sorulmas\u0131 \u00fczerine de \u015funlar\u0131 s\u00f6yledi:<\/p>\n\n\n\n<p><strong>&#8220;T\u00fcrkiye&#8217;de 1980&#8217;li y\u0131llardan bu yana bir sorun ya\u015fan\u0131yor. Bu da T\u00fcrkiye&#8217;nin enerjisini alan, can kayb\u0131na neden olan, binlerce insan\u0131n \u00f6ld\u00fc\u011f\u00fc, \u015fehitler verdi\u011fimiz, \u00e7ok b\u00fcy\u00fck kaynaklar ay\u0131rd\u0131\u011f\u0131m\u0131z bir sorun. Bunun k\u00f6k\u00fcnden \u00e7\u00f6z\u00fclmesi, ortadan kald\u0131r\u0131lmas\u0131 hepimizin arzu etti\u011fi bir konu. Ama bug\u00fcnk\u00fc geli\u015fmeler ak\u015famdan sabaha olan geli\u015fmeler de\u011fil. B\u00f6yle bir senaryo i\u00e7erisinde sahneler i\u015fliyor, oynan\u0131yor, biz de izliyoruz. Tabi olaya siyasi yorum katmak istersem T\u00fcrkiye B\u00fcy\u00fck Millet Meclisi&#8217;nde ya da T\u00fcrkiye&#8217;de bu konuda en radikal s\u00f6ylemi en son s\u00f6yleyecek siyaset\u00e7i s\u00f6yledi; Say\u0131n Devlet Bah\u00e7eli. \u00c7\u0131kt\u0131 bir teklif ortaya att\u0131. \u015eu anda da yol al\u0131n\u0131yor. Demek ki bunlar daha \u00f6nce konu\u015fulmu\u015f. Dikkat ederseniz sanki Say\u0131n Cumhurba\u015fkan\u0131 inisiyatif alm\u0131yor, Say\u0131n Devlet Bah\u00e7eli al\u0131yor, yani s\u00fcreci o y\u00f6netiyor. As\u0131l iktidar i\u015fin pe\u015fine tak\u0131lm\u0131\u015f, onu destekliyor gibi bir g\u00f6r\u00fcnt\u00fc var.&#8221;<\/strong><\/p>\n\n\n\n<p><strong>&#8220;Bu i\u015flerin \u015feffaf y\u00fcr\u00fct\u00fclmesi laz\u0131m&#8221;<\/strong><\/p>\n\n\n\n<p>CHP Genel Ba\u015fkan\u0131 \u00d6zg\u00fcr \u00d6zel&#8217;in konuyla ilgili yapt\u0131\u011f\u0131 de\u011ferlendirmeye kat\u0131ld\u0131\u011f\u0131n\u0131 s\u00f6zlerine ekleyen Se\u00e7er,&nbsp;<strong>&#8220;Bu i\u015flerin \u015feffaf y\u00fcr\u00fct\u00fclmesi laz\u0131m. En az\u0131ndan parlamentoda grubu bulunan ya da bulunmayan, ba\u015fta ana muhalefet partisi s\u0131fat\u0131yla CHP&#8217;nin bu s\u00fcre\u00e7ten bilgi sahibi olmas\u0131 gerekiyor ki katk\u0131 sunal\u0131m. Bug\u00fcn de \u0130mral\u0131&#8217;dan cevap geliyor;&nbsp;<em>&#8216;ben samimi olarak katk\u0131 sunabilirim. Bu konuda a\u00e7\u0131klama yapabilirim. Muhalefet de katk\u0131 sunmal\u0131&#8217;<\/em>&nbsp;diyor. \u0130mral\u0131&#8217;dan gelen mesaj bu. Bug\u00fcn h\u00fck\u00fcmet yetkililerinin de bizden, yani muhalefetten istedi\u011fi bu. \u0130yi, g\u00fczel, katk\u0131 yap\u0131ls\u0131n ama bizim nereye ne katk\u0131 yapaca\u011f\u0131m\u0131z\u0131 bilmemiz laz\u0131m. S\u00fcrecin nas\u0131l i\u015fledi\u011fini, bunun i\u00e7erisinde kimin ne talep etti\u011fini, kimin ne vermek istedi\u011fini bizim bilmemiz gerekiyor ki bir de\u011ferlendirme yapal\u0131m&#8221;<\/strong>&nbsp;diye konu\u015ftu.<\/p>\n\n\n\n<p><strong>&#8220;Hepimizin istedi\u011fi bu sorunun k\u00f6kten \u00e7\u00f6z\u00fclmesi&#8221;<\/strong><\/p>\n\n\n\n<p>Se\u00e7er, T\u00fcrkiye&#8217;nin uzun y\u0131llard\u0131r ya\u015fad\u0131\u011f\u0131 bu sorunun \u00e7\u00f6z\u00fclmesini istediklerini kaydederek,&nbsp;<strong>&#8220;\u00d6z\u00fcnde hepimizin istedi\u011fi; T\u00fcrkiye&#8217;de bu sorun k\u00f6k\u00fcnden \u00e7\u00f6z\u00fcls\u00fcn. Bu b\u00f6lge netameli bir b\u00f6lge. T\u00fcrkiye, Suriye, Irak, \u0130ran d\u00f6rtgeninde K\u00fcrt meselesi; b\u00fct\u00fcn bu b\u00f6lgenin as\u0131rlard\u0131r konu\u015ftu\u011fu, zaman\u0131n\u0131 ve enerjisini ald\u0131\u011f\u0131, \u00fclkeleri yoran bir mesele. Bunun T\u00fcrkiye aya\u011f\u0131nda, \u00fclkemizde tamamen \u00e7\u00f6z\u00fclmesini istiyoruz. Biz nihayetinde T\u00fcrkiye Cumhuriyeti \u00e7at\u0131s\u0131 alt\u0131nda, etnik yap\u0131m\u0131z ne olursa olsun T\u00fcrkiye halk\u0131y\u0131z, T\u00fcrk milletiyiz. Elbette ki etnik, mezhepsel ayr\u0131l\u0131klar\u0131m\u0131z olacak. Bu da topraklar\u0131m\u0131z\u0131n zenginli\u011fidir. Biz, y\u00fczy\u0131llard\u0131r karde\u015f\u00e7e nas\u0131l ya\u015fad\u0131ysak; yine ya\u015far\u0131z. Siyasiler, siyaset \u00fcst\u00fc d\u00fc\u015f\u00fcnerek bu problemi \u00e7\u00f6zecek&#8221;<\/strong>&nbsp;ifadelerine yer verdi.<\/p>\n\n\n\n<p>Se\u00e7er son olarak yeni y\u0131l dileklerini de iletti ve&nbsp;<strong>&#8220;D\u00fcnyada huzur olsun, kavga, sava\u015f, kan, g\u00f6zya\u015f\u0131 olmas\u0131n. Bar\u0131\u015fsever bir siyaset\u00e7i olarak dileklerim bu y\u00f6nde. \u00dclkemde, mevcut iktidar bir an \u00f6nce daha iyi ve yo\u011fun \u00e7al\u0131\u015fs\u0131n, ekonomik sorunlar\u0131, hayat pahal\u0131l\u0131\u011f\u0131n\u0131 \u00e7\u00f6zs\u00fcn. \u0130nsanlar b\u00fcy\u00fck s\u0131k\u0131nt\u0131 ya\u015f\u0131yor, ge\u00e7inemiyor. Bu sorunlar\u0131 da g\u00f6rs\u00fcn. Kulak arkas\u0131 yapmas\u0131n, g\u00f6z ard\u0131 etmesin. Ac\u0131lar de\u011fil, mutluluklar olsun. Her \u015fey yurtta\u015flar\u0131m\u0131z\u0131n g\u00f6nl\u00fcnce olsun, yeni y\u0131l\u0131m\u0131z kutlu olsun&#8221;&nbsp;<\/strong>dedi.<\/p>\n\n\n\n<p><strong>&#8220;Daha \u00e7ok \u00e7al\u0131\u015f\u0131p \u00fclkemizi \u00e7ok daha iyi noktalara getirece\u011fiz&#8221;<\/strong><\/p>\n\n\n\n<p>3 Ocak Mersin&#8217;in d\u00fc\u015fman i\u015fgalinden kurtulu\u015funu da kutlayan Ba\u015fkan Se\u00e7er,&nbsp;<strong>&#8220;Atalar\u0131m\u0131zla ve Mersinimizle gurur duyuyoruz. Mustafa Kemal Atat\u00fcrk&#8217;\u00fcn \u00f6nderli\u011finde k\u00fcllerinden bir ulus yaratt\u0131lar. Hepsine \u015f\u00fckranlar\u0131m\u0131z\u0131 ve minnetlerimizi sunuyorum. Hepsine \u00e7ok \u015fey bor\u00e7luyuz. Biz de ba\u015fta Ulu \u00d6nderimiz olmak \u00fczere atalar\u0131m\u0131za lay\u0131k olmak i\u00e7in \u00e7ok daha fazla \u00e7al\u0131\u015faca\u011f\u0131z. \u00dclkemizi \u00e7ok daha iyi noktalara getirece\u011fiz. Huzurlu bir \u00fclke haline getirece\u011fiz. T\u00fcrkiye, d\u00fcnyada bilimle, ilimle ve irfanla rekabet etsin, e\u011fitim seviyesi y\u00fckselsin. \u0130nsanlar bizden k\u00fclt\u00fcrle, sanatla, uluslararas\u0131 ba\u015far\u0131larla s\u00f6z etsin. Biz onun i\u00e7in \u00e7aba g\u00f6sterece\u011fiz. Umar\u0131m 2025 y\u0131l\u0131 t\u00fcm insanl\u0131k i\u00e7in iyi gelecek&#8221;<\/strong>&nbsp;\u015feklinde konu\u015ftu.<\/p>\n","protected":false},"excerpt":{"rendered":"<p>Mersin B\u00fcy\u00fck\u015fehir Belediye Ba\u015fkan\u0131 Vahap Se\u00e7er; yerel TV ve radyolarda ger\u00e7ekle\u015fen ortak canl\u0131 yay\u0131n\u0131n konu\u011fu olarak; Mersin Gazeteciler Cemiyeti Ba\u015fkan\u0131 R\u00fcstem Kaya Tepe&#8217;nin moderat\u00f6rl\u00fc\u011f\u00fcnde, D\u00fcnya Gazetesi Mersin B\u00f6lge Temsilcisi Fahriye Kutlay \u015eenyurt ile Gazeteci Ahmet \u00d6zdemir&#8217;in \u00fclke ve Mersin g\u00fcndemine ili\u015fkin sorular\u0131n\u0131 yan\u0131tlad\u0131. &#8220;Mersin&#8217;de, sand\u0131ktan uzla\u015f\u0131 \u00e7\u0131kt\u0131&#8221; Program, Ba\u015fkan Se\u00e7er&#8217;in k\u0131sa s\u00fcre \u00f6nce vefat eden [&hellip;]<\/p>\n","protected":false},"author":2,"featured_media":38292,"comment_status":"closed","ping_status":"closed","sticky":false,"template":"","format":"standard","meta":{"footnotes":""},"categories":[8,34,1,2,3,5,6],"tags":[],"class_list":["post-38291","post","type-post","status-publish","format-standard","has-post-thumbnail","hentry","category-ekonomi","category-flas-haber","category-genel","category-gundem","category-manset","category-mersin","category-siyaset-2"],"views":12,"_links":{"self":[{"href":"https:\/\/mersinkadingazetesi.com\/index.php?rest_route=\/wp\/v2\/posts\/38291"}],"collection":[{"href":"https:\/\/mersinkadingazetesi.com\/index.php?rest_route=\/wp\/v2\/posts"}],"about":[{"href":"https:\/\/mersinkadingazetesi.com\/index.php?rest_route=\/wp\/v2\/types\/post"}],"author":[{"embeddable":true,"href":"https:\/\/mersinkadingazetesi.com\/index.php?rest_route=\/wp\/v2\/users\/2"}],"replies":[{"embeddable":true,"href":"https:\/\/mersinkadingazetesi.com\/index.php?rest_route=%2Fwp%2Fv2%2Fcomments&post=38291"}],"version-history":[{"count":1,"href":"https:\/\/mersinkadingazetesi.com\/index.php?rest_route=\/wp\/v2\/posts\/38291\/revisions"}],"predecessor-version":[{"id":38293,"href":"https:\/\/mersinkadingazetesi.com\/index.php?rest_route=\/wp\/v2\/posts\/38291\/revisions\/38293"}],"wp:featuredmedia":[{"embeddable":true,"href":"https:\/\/mersinkadingazetesi.com\/index.php?rest_route=\/wp\/v2\/media\/38292"}],"wp:attachment":[{"href":"https:\/\/mersinkadingazetesi.com\/index.php?rest_route=%2Fwp%2Fv2%2Fmedia&parent=38291"}],"wp:term":[{"taxonomy":"category","embeddable":true,"href":"https:\/\/mersinkadingazetesi.com\/index.php?rest_route=%2Fwp%2Fv2%2Fcategories&post=38291"},{"taxonomy":"post_tag","embeddable":true,"href":"https:\/\/mersinkadingazetesi.com\/index.php?rest_route=%2Fwp%2Fv2%2Ftags&post=38291"}],"curies":[{"name":"wp","href":"https:\/\/api.w.org\/{rel}","templated":true}]}}