{"id":38308,"date":"2024-12-31T11:22:15","date_gmt":"2024-12-31T08:22:15","guid":{"rendered":"https:\/\/mersinkadingazetesi.com\/?p=38308"},"modified":"2024-12-31T11:22:16","modified_gmt":"2024-12-31T08:22:16","slug":"milletvekili-uysal-2025-yilinda-mersin-icin-uretmeye-ve-calismaya-devam-edecegiz","status":"publish","type":"post","link":"https:\/\/mersinkadingazetesi.com\/?p=38308","title":{"rendered":"M\u0130LLETVEK\u0130L\u0130 UYSAL: 2025 YILINDA MERS\u0130N \u0130\u00c7\u0130N \u00dcRETMEYE VE \u00c7ALI\u015eMAYA DEVAM EDECE\u011e\u0130Z"},"content":{"rendered":"\n<p>Milliyet\u00e7i Hareket Partisi Mersin Milletvekili ve MYK \u00dcyesi Dr. Levent Uysal yay\u0131mlad\u0131\u011f\u0131 mesajla 2025 y\u0131l\u0131n\u0131n huzurla gelmesini temenni ederek yeni y\u0131l\u0131 kutlad\u0131.<\/p>\n\n\n\n<p>Milletvekili Uysal mesaj\u0131nda \u015fu ifadelere yer verdi;<\/p>\n\n\n\n<p><strong>\u201c2024 y\u0131l\u0131 \u00fclkemiz i\u00e7in say\u0131s\u0131z ba\u015far\u0131lar ve yeniliklerle dolu ge\u00e7ti. D\u00fcnya bizi konu\u015ftu ve yapt\u0131\u011f\u0131m\u0131z i\u015flerle \u00f6rnek ald\u0131. \u00d6zellikle Filistin ve Suriye\u2019deki geli\u015fen s\u00fcre\u00e7te T\u00fcrkiye\u2019nin izledi\u011fi yol takdire \u015fayan ve bar\u0131\u015f\u00e7\u0131l oldu. 2025 y\u0131l\u0131ndan en \u00e7ok istedi\u011fimiz ise huzurun t\u00fcm d\u00fcnyaya h\u00e2kim olmas\u0131d\u0131r. Her ge\u00e7en y\u0131l \u00fclkemiz daha \u00e7ok b\u00fcy\u00fcyor, geli\u015fiyor; T\u00fcrk ve T\u00fcrkiye Y\u00fczy\u0131l\u0131na yara\u015f\u0131r \u015fekilde kalk\u0131n\u0131yor. Ayr\u0131ca 2024 y\u0131l\u0131nda Mersin\u2019imize her alanda kazand\u0131rd\u0131\u011f\u0131m\u0131z yat\u0131r\u0131mlarla marka kent olma kararl\u0131l\u0131\u011f\u0131m\u0131z\u0131 bir kez daha ispatlad\u0131k. Tamamlad\u0131\u011f\u0131m\u0131z b\u00fct\u00e7e g\u00f6r\u00fc\u015fmelerinde Mersin\u2019imize 2025 y\u0131l\u0131 yat\u0131r\u0131m ve projeleri i\u00e7in pay ayr\u0131lmas\u0131n\u0131 sa\u011flad\u0131k. Sanayiden turizme, lojistikten sa\u011fl\u0131\u011fa pek \u00e7ok sekt\u00f6rde 2025 y\u0131l\u0131nda da kentimiz i\u00e7in \u00fcretmeye, devam eden yat\u0131r\u0131mlar\u0131n takip\u00e7isi olmaya devam edece\u011fiz. Yeni y\u0131l her \u015feyden \u00f6nce t\u00fcm d\u00fcnyaya bar\u0131\u015f, huzur, sa\u011fl\u0131k ve mutluluk getirsin.\u201d &nbsp;&nbsp;<\/strong><\/p>\n","protected":false},"excerpt":{"rendered":"<p>Milliyet\u00e7i Hareket Partisi Mersin Milletvekili ve MYK \u00dcyesi Dr. Levent Uysal yay\u0131mlad\u0131\u011f\u0131 mesajla 2025 y\u0131l\u0131n\u0131n huzurla gelmesini temenni ederek yeni y\u0131l\u0131 kutlad\u0131. Milletvekili Uysal mesaj\u0131nda \u015fu ifadelere yer verdi; \u201c2024 y\u0131l\u0131 \u00fclkemiz i\u00e7in say\u0131s\u0131z ba\u015far\u0131lar ve yeniliklerle dolu ge\u00e7ti. D\u00fcnya bizi konu\u015ftu ve yapt\u0131\u011f\u0131m\u0131z i\u015flerle \u00f6rnek ald\u0131. \u00d6zellikle Filistin ve Suriye\u2019deki geli\u015fen s\u00fcre\u00e7te T\u00fcrkiye\u2019nin izledi\u011fi [&hellip;]<\/p>\n","protected":false},"author":2,"featured_media":38309,"comment_status":"closed","ping_status":"closed","sticky":false,"template":"","format":"standard","meta":{"footnotes":""},"categories":[3],"tags":[],"class_list":["post-38308","post","type-post","status-publish","format-standard","has-post-thumbnail","hentry","category-manset"],"views":4,"_links":{"self":[{"href":"https:\/\/mersinkadingazetesi.com\/index.php?rest_route=\/wp\/v2\/posts\/38308"}],"collection":[{"href":"https:\/\/mersinkadingazetesi.com\/index.php?rest_route=\/wp\/v2\/posts"}],"about":[{"href":"https:\/\/mersinkadingazetesi.com\/index.php?rest_route=\/wp\/v2\/types\/post"}],"author":[{"embeddable":true,"href":"https:\/\/mersinkadingazetesi.com\/index.php?rest_route=\/wp\/v2\/users\/2"}],"replies":[{"embeddable":true,"href":"https:\/\/mersinkadingazetesi.com\/index.php?rest_route=%2Fwp%2Fv2%2Fcomments&post=38308"}],"version-history":[{"count":1,"href":"https:\/\/mersinkadingazetesi.com\/index.php?rest_route=\/wp\/v2\/posts\/38308\/revisions"}],"predecessor-version":[{"id":38310,"href":"https:\/\/mersinkadingazetesi.com\/index.php?rest_route=\/wp\/v2\/posts\/38308\/revisions\/38310"}],"wp:featuredmedia":[{"embeddable":true,"href":"https:\/\/mersinkadingazetesi.com\/index.php?rest_route=\/wp\/v2\/media\/38309"}],"wp:attachment":[{"href":"https:\/\/mersinkadingazetesi.com\/index.php?rest_route=%2Fwp%2Fv2%2Fmedia&parent=38308"}],"wp:term":[{"taxonomy":"category","embeddable":true,"href":"https:\/\/mersinkadingazetesi.com\/index.php?rest_route=%2Fwp%2Fv2%2Fcategories&post=38308"},{"taxonomy":"post_tag","embeddable":true,"href":"https:\/\/mersinkadingazetesi.com\/index.php?rest_route=%2Fwp%2Fv2%2Ftags&post=38308"}],"curies":[{"name":"wp","href":"https:\/\/api.w.org\/{rel}","templated":true}]}}