{"id":38311,"date":"2024-12-31T11:27:46","date_gmt":"2024-12-31T08:27:46","guid":{"rendered":"https:\/\/mersinkadingazetesi.com\/?p=38311"},"modified":"2024-12-31T11:27:47","modified_gmt":"2024-12-31T08:27:47","slug":"buyuksehirden-milli-sporcular-dikec-ile-sasmaya-odul","status":"publish","type":"post","link":"https:\/\/mersinkadingazetesi.com\/?p=38311","title":{"rendered":"B\u00dcY\u00dcK\u015eEH\u0130R&#8217;DEN M\u0130LL\u0130 SPORCULAR D\u0130KE\u00c7 \u0130LE \u015eA\u015eMA&#8217;YA \u00d6D\u00dcL"},"content":{"rendered":"\n<p>Mersin B\u00fcy\u00fck\u015fehir Belediye Ba\u015fkan\u0131 Vahap Se\u00e7er; Mersin B\u00fcy\u00fck\u015fehir Belediyesi Gen\u00e7lik ve Spor Hizmetleri Dairesi Ba\u015fkanl\u0131\u011f\u0131 taraf\u0131ndan,&nbsp;<strong><em>&#8216;Harekete Ge\u00e7enler Mutlaka Kazan\u0131r&#8217;<\/em><\/strong>&nbsp;slogan\u0131yla d\u00fczenlenen&nbsp;<strong>&#8216;Ba\u015far\u0131l\u0131 Sporcular ve Antren\u00f6rler \u00d6d\u00fcl T\u00f6reni&#8217;<\/strong>ne kat\u0131ld\u0131.<\/p>\n\n\n\n<p><strong>B\u00fcy\u00fck\u015fehir&#8217;den Milli Sporcular Dike\u00e7 ile \u015ea\u015fma&#8217;ya \u00f6d\u00fcl<\/strong><\/p>\n\n\n\n<p>Mersin B\u00fcy\u00fck\u015fehir Belediyesi Kongre ve Sergi Saray\u0131 Meclis Salonu&#8217;nda d\u00fczenlenen \u00d6d\u00fcl T\u00f6reni&#8217;nde; Paris 2024 Olimpiyat Oyunlar\u0131&#8217;nda tak\u0131m arkada\u015f\u0131 ile 10 metre haval\u0131 tabanca kar\u0131\u015f\u0131k kategorisinde g\u00fcm\u00fc\u015f madalya kazanan ve at\u0131\u015f s\u0131ras\u0131ndaki tarz\u0131yla t\u00fcm d\u00fcnyada ad\u0131ndan s\u00f6z ettiren Milli Sporcu Yusuf Dike\u00e7 ile Paris 2024 Olimpiyat Oyunlar\u0131&#8217;nda erkekler s\u0131r\u0131kla atlamada olimpiyat be\u015fincisi olan Ersu \u015ea\u015fma ve K\u0131r \u00c7i\u00e7ekleri&#8217;nden de 7 ki\u015fi \u00f6d\u00fcl ald\u0131.<\/p>\n\n\n\n<p><strong>Ba\u015fkan Se\u00e7er: &#8220;B\u00fct\u00fcn gayretimiz; uluslararas\u0131 platformlarda sesimizi duyurmak&#8221;<\/strong><\/p>\n\n\n\n<p>T\u00f6rende konu\u015fan Ba\u015fkan Se\u00e7er, ba\u015far\u0131l\u0131 sporcularla bir arada olmaktan dolay\u0131 son derece mutlu ve heyecanl\u0131 oldu\u011funu belirterek, ba\u015far\u0131l\u0131 olman\u0131n anahtar\u0131n\u0131n istikrarl\u0131 ve \u00e7ok \u00e7al\u0131\u015fmaktan ge\u00e7ti\u011fini dile getirdi. Se\u00e7er, ba\u015far\u0131n\u0131n yan\u0131 s\u0131ra ba\u015fka de\u011ferlerin de \u00f6nemli oldu\u011funu vurgulayarak&nbsp;<strong>&#8220;Sevgili gen\u00e7ler, mutluluk, sa\u011fl\u0131k, s\u0131hhat ve g\u00fczel \u00fclkemizin birlik ve beraberlik i\u00e7erisinde sonsuza kadar varl\u0131\u011f\u0131 bizim i\u00e7in her \u015feyden \u00e7ok \u00f6nemlidir. \u00c7\u00fcnk\u00fc bizler hem Mersin&#8217;imizi hem de \u00fclkemizi seviyoruz. B\u00fct\u00fcn gayretimiz ve uluslararas\u0131 platformlarda sesimizi duyurma amac\u0131m\u0131z temelde \u00fclkemizin sesini duyurmak, \u015fanl\u0131 bayra\u011f\u0131m\u0131z\u0131 g\u00f6ndere \u00e7ektirmek ve \u0130stiklal Mar\u015f\u0131&#8217;m\u0131z\u0131 okutmakt\u0131r&#8221;<\/strong>&nbsp;ifadelerini kulland\u0131.<\/p>\n\n\n\n<p>Mersin&#8217;in her alanda \u00f6ne \u00e7\u0131kan marka bir \u015fehir olmas\u0131 i\u00e7in \u00e7al\u0131\u015fmalar\u0131 aral\u0131ks\u0131z bir \u015fekilde y\u00fcr\u00fctt\u00fcklerini ifade eden Se\u00e7er,&nbsp;<strong>&#8220;Mersin&#8217;den \u00e7ok daha fazla \u015fampiyon, bilim insan\u0131, sanat\u00e7\u0131, yazar ve \u00e7izer, en iyi siyaset\u00e7iler \u00e7\u0131ks\u0131n ve Mersin&#8217;i t\u00fcm d\u00fcnyaya tan\u0131ts\u0131n istiyoruz. \u00dclkesinin, \u015fehrinin \u00f6n\u00fcn\u00fc a\u00e7an, \u00fclkesine, milletine ve insanl\u0131\u011fa yarar\u0131 olan insanlar Mersin&#8217;den \u00e7\u0131ks\u0131n istiyoruz. Bunlar\u0131 \u00e7o\u011faltt\u0131\u011f\u0131m\u0131z zaman Mersin&#8217;i marka kent haline getirebiliriz&#8221;<\/strong>&nbsp;dedi.<\/p>\n\n\n\n<p><strong>&#8220;Mersin B\u00fcy\u00fck\u015fehir, spora ve sporcuya de\u011fer veren bir belediyedir&#8221;<\/strong><\/p>\n\n\n\n<p>Mersin B\u00fcy\u00fck\u015fehir&#8217;in spora ve sporcuya olduk\u00e7a de\u011fer veren bir belediye oldu\u011funu belirten Se\u00e7er,&nbsp;<strong>&#8220;Ge\u00e7mi\u015ften Mersinli Ahmet&#8217;i, Seyfi Alanyal\u0131&#8217;y\u0131, Boks\u00f6r Naci&#8217;yi an\u0131yoruz. En b\u00fcy\u00fck amac\u0131m\u0131z bu de\u011ferlerin say\u0131s\u0131n\u0131 art\u0131rmakt\u0131r. Spora ve sporcuya gerekli de\u011feri veren bir belediyeyiz. Belediye de kentin, halk\u0131n ve Mersin&#8217;in belediyesidir. B\u00fcy\u00fck\u015fehir olarak sporcular\u0131m\u0131z\u0131 omuzlar\u0131m\u0131zda y\u00fckseltmek ve ta\u015f\u0131mak i\u00e7in bug\u00fcne kadar \u00e7al\u0131\u015ft\u0131k ve gayret ettik. Bundan sonra da b\u00f6yle devam edece\u011fiz&#8221;&nbsp;<\/strong>dedi.<\/p>\n\n\n\n<p><strong>&#8220;Bu bir kolektif ba\u015far\u0131d\u0131r&#8221;<\/strong><\/p>\n\n\n\n<p>6 Aral\u0131k&#8217;ta da amat\u00f6r spor kul\u00fcplerine 13 milyonluk bir mali destek sa\u011flad\u0131klar\u0131n\u0131 aktaran Se\u00e7er, bu y\u0131l amat\u00f6r spora, sporcu ve antren\u00f6rlerine yakla\u015f\u0131k 18 milyon TL tutar\u0131nda destek yapt\u0131klar\u0131n\u0131 s\u00f6yledi. Se\u00e7er,&nbsp;<strong>&#8220;2019 y\u0131l\u0131ndan bu yana nas\u0131l ki bunu istikrarl\u0131 ve kesintisiz bir \u015fekilde yerine getiriyorsak, T\u00fcrkiye&#8217;de de ilk ve tek belediye olma \u00f6zelli\u011fini ta\u015f\u0131yorsak, bunu s\u00fcrd\u00fcrece\u011fiz. Umut ediyorum, di\u011fer belediyelere ve di\u011fer yerel y\u00f6netimlere de bu konuda iyi bir \u00f6rnek olu\u015fturmu\u015f oluruz. Bu bir kolektif ba\u015far\u0131d\u0131r. Her bir sporcumuzun ailesinin, yak\u0131n \u00e7evresinin, arkada\u015flar\u0131n\u0131n, herkesin bu ba\u015far\u0131da bir katk\u0131s\u0131 vard\u0131r&#8221;&nbsp;<\/strong>\u015feklinde konu\u015ftu.<\/p>\n\n\n\n<p><strong>Se\u00e7er, B\u00fcy\u00fck\u015fehir&#8217;in sporda f\u0131rsat e\u015fitli\u011fi yaratan projeleri anlatt\u0131<\/strong><\/p>\n\n\n\n<p>B\u00fcy\u00fck\u015fehir&#8217;in, sporun her alan\u0131na dokunan \u00e7al\u0131\u015fmalar\u0131 oldu\u011funu kaydeden Se\u00e7er, bunlardan bir tanesinin de &#8216;<strong><em>K\u0131r \u00c7i\u00e7ekleri Projesi&#8217;<\/em><\/strong>&nbsp;oldu\u011funu dile getirdi. Ge\u00e7ti\u011fimiz y\u0131l B\u00fcy\u00fck\u015fehir&#8217;in \u00f6zellikle k\u0131rsalda ya\u015fayan \u00e7ocuklar\u0131 spor bran\u015flar\u0131 ile tan\u0131\u015ft\u0131ran&nbsp;<strong><em>&#8216;Y\u00fczde 100 Cumhuriyet Y\u00fczde 100 Spor&#8217;<\/em><\/strong>&nbsp;projesini hayata ge\u00e7irdi\u011fini aktaran Se\u00e7er,&nbsp;<strong>&#8220;Bu projeye 2023 y\u0131l\u0131nda ba\u015flad\u0131k ve sporb\u00fcs arac\u0131m\u0131zla da 220 mahallede yakla\u015f\u0131k 11 bin 100 \u00e7ocu\u011fumuza ula\u015ft\u0131k&#8221;&nbsp;<\/strong>diye konu\u015ftu. Se\u00e7er, Mersin&#8217;de her bir \u00e7ocu\u011fun spordan, sanattan ve k\u00fclt\u00fcrel faaliyetlerden e\u015fit \u015fekilde yararlanabilmesi i\u00e7in sosyal belediyecilik anlay\u0131\u015f\u0131 ile \u00e7al\u0131\u015fmalar\u0131na devam edeceklerini kaydetti.<\/p>\n\n\n\n<p>Ge\u00e7ti\u011fimiz y\u0131l hizmete a\u00e7\u0131lan Babil Su Sporlar\u0131 Merkezi&#8217;ne g\u00f6sterilen ilginin g\u00fcnden g\u00fcne art\u0131\u015f g\u00f6sterdi\u011fini ve bu durumdan memnuniyet duydu\u011funu belirten Se\u00e7er, spor okullar\u0131nda verilen di\u011fer bran\u015flardaki e\u011fitimlerin de devam edece\u011fini kaydetti.<\/p>\n\n\n\n<p><strong>&#8220;\u0130nsanlar\u0131 bir araya toplaman\u0131za en g\u00fczel gerek\u00e7elerden birisi spordur&#8221;<\/strong><\/p>\n\n\n\n<p>Mersin&#8217;in \u00e7ok k\u00fclt\u00fcrl\u00fc bir kent oldu\u011funa i\u015faret eden Se\u00e7er,&nbsp;<strong>&#8220;Farkl\u0131 k\u00fclt\u00fcrler ve bak\u0131\u015f a\u00e7\u0131lar\u0131 olan insanlar\u0131n burada huzur ve bar\u0131\u015f i\u00e7erisinde ya\u015famas\u0131 i\u00e7in beraber ya\u015fama k\u00fclt\u00fcr\u00fcn\u00fcn zenginle\u015ftirilmesi laz\u0131m. \u0130nsanlar\u0131 bir araya toplaman\u0131za bir gerek\u00e7e gerekir. Bunun i\u00e7in en g\u00fczel ve \u00f6zel gerek\u00e7elerden bir tanesi spordur. \u00c7\u00fcnk\u00fc insanlar bir arada oldu\u011fu, bir tak\u0131m\u0131 veya bir sporcuyu destekledi\u011fi zaman onun siyasi g\u00f6r\u00fc\u015f\u00fc, memleketi, etnik yap\u0131s\u0131 akl\u0131na gelmez. Onun i\u00e7in spor, sportif faaliyetler Mersin gibi \u00e7ok k\u00fclt\u00fcrl\u00fc, \u00e7ok renkli bir \u015fehir i\u00e7in vazge\u00e7ilmezdir, \u00f6nemlidir&#8221;<\/strong>&nbsp;dedi.<\/p>\n\n\n\n<p><strong>&#8220;Mersin; spor, sporcu ve \u015fampiyonlar\u0131n kenti olacak&#8221;<\/strong><\/p>\n\n\n\n<p>B\u00fcy\u00fck\u015fehir olarak ger\u00e7ekle\u015ftirdikleri bir\u00e7ok ulusal ve uluslararas\u0131 d\u00fczeyde organizasyonu bu yakla\u015f\u0131m i\u00e7erisinde yapt\u0131klar\u0131n\u0131 aktaran Se\u00e7er,&nbsp;<strong>&#8220;Bunlar\u0131 zenginle\u015ftirerek devam ettirece\u011fiz. Mersinimizi ulusal ve uluslararas\u0131 alanlarda tan\u0131tt\u0131\u011f\u0131, Mersin&#8217;i marka kent yapma yolunda katk\u0131 sundu\u011fu i\u00e7in Mersin spor, sporcu ve \u015fampiyonlar\u0131n \u00e7\u0131kt\u0131\u011f\u0131 bir kent olmas\u0131 i\u00e7in \u00e7al\u0131\u015fmaya devam edece\u011fiz. Bu konuda son derece kararl\u0131y\u0131z&#8221;<\/strong>&nbsp;ifadelerini kulland\u0131.<\/p>\n\n\n\n<p><strong>Dike\u00e7: &#8220;Amat\u00f6r sporcular maddi olarak zorluk \u00e7ekiyor, bu destekler \u00e7ok \u00f6nemli&#8221;<\/strong><\/p>\n\n\n\n<p>Milli Sporcu Yusuf Dike\u00e7 konu\u015fmas\u0131na, Ba\u015fkan Se\u00e7er&#8217;e te\u015fekk\u00fcr ederek ba\u015flad\u0131. Amat\u00f6r sporcular\u0131n ya\u015famlar\u0131n\u0131 idame ettirmek i\u00e7in maddi olarak zorluklar \u00e7ekti\u011finin alt\u0131n\u0131 \u00e7izen Dike\u00e7,&nbsp;<strong>&#8220;T\u00fcrkiye Cumhuriyeti&#8217;nin 80 ili daha var ve bu program\u0131 di\u011fer illerimiz de \u00f6rnek alarak kendi b\u00f6lgelerindeki sporculara mutlaka destek \u00e7\u0131karlar&#8221;<\/strong>&nbsp;dedi. Gen\u00e7lere de seslenen Dike\u00e7,&nbsp;<strong>&#8220;Hi\u00e7bir zaman hedeflerinizden ve hayallerinizden vazge\u00e7meyin. Mutlaka \u00e7ok \u00e7al\u0131\u015f\u0131n, hedeflerinizi hep y\u00fcksek tutun. \u00c7\u00fcnk\u00fc kar\u015f\u0131n\u0131zda en b\u00fcy\u00fck \u00f6rnek olarak ben var\u0131m. 51 ya\u015f\u0131ma geldim ve 1 de\u011fil, 2 de\u011fil, 3 de\u011fil; en son 5. olimpiyat\u0131mda olimpiyat madalyas\u0131 alabildim. Hedeflerinize, ama\u00e7lar\u0131n\u0131za ula\u015fmak mutlaka i\u00e7in \u00e7ok \u00e7al\u0131\u015f\u0131n&#8221;&nbsp;<\/strong>diye konu\u015ftu.<\/p>\n\n\n\n<p><strong>\u015ea\u015fma: &#8220;Do\u011fdu\u011fum \u015fehirde bu organizasyona kat\u0131lmak beni \u00e7ok mutlu ediyor&#8221;<\/strong><\/p>\n\n\n\n<p>Olimpiyat be\u015fincisi Ersu \u015ea\u015fma da<strong>&nbsp;&#8220;Do\u011fdu\u011fum, b\u00fcy\u00fcd\u00fc\u011f\u00fcm ve spora ba\u015flad\u0131\u011f\u0131m \u015fehirde b\u00f6yle bir organizasyona kat\u0131lmak beni \u00e7ok mutlu ediyor&#8221;<\/strong>&nbsp;dedi. Ba\u015fkan Se\u00e7er&#8217;e de ayr\u0131ca te\u015fekk\u00fcr eden \u015ea\u015fma; en b\u00fcy\u00fck te\u015fekk\u00fcr\u00fc ise kendisini hi\u00e7bir zaman yaln\u0131z b\u0131rakmayan ailesine etti. \u00d6d\u00fcl T\u00f6reni; konu\u015fmalardan sonra Ba\u015fkan Se\u00e7er taraf\u0131ndan ba\u015far\u0131l\u0131 sporcular\u0131 ve antren\u00f6rleri temsilen \u015ea\u015fma ile Dike\u00e7&#8217;e \u00e7ek verilmesinin ard\u0131ndan \u00e7ekilen toplu aile foto\u011fraf\u0131 ile sona erdi.<\/p>\n\n\n\n<p><strong>B\u00fcy\u00fck\u015fehir&#8217;den bu y\u0131l, toplam 323 ki\u015fiye 4 milyon 842 bin 236 TL \u00f6d\u00fcl<\/strong><\/p>\n\n\n\n<p>Mersin B\u00fcy\u00fck\u015fehir, kentte ya\u015fayan ulusal ve uluslararas\u0131 alanda ba\u015far\u0131l\u0131 olan sporcu ve antren\u00f6rlere her y\u0131l d\u00fczenli olarak nakdi \u00f6d\u00fcl veriyor. Mersin B\u00fcy\u00fck\u015fehir, hem faal spor kul\u00fcpleri hem ba\u015far\u0131l\u0131 sporcu ve antren\u00f6rler olmak \u00fczere 2 alana birden, d\u00fczenli olarak maddi destek veren tek belediye olma \u00f6zelli\u011fi ta\u015f\u0131yor. Bug\u00fcne kadar; 429 ba\u015far\u0131l\u0131 sporcu ve 269 ba\u015far\u0131l\u0131 antren\u00f6re yakla\u015f\u0131k 5 milyon TL \u00f6d\u00fcl veren Mersin B\u00fcy\u00fck\u015fehir bu y\u0131l; 20 spor bran\u015f\u0131nda \u00f6d\u00fcl veriyor. B\u00fcy\u00fck\u015fehir bu y\u0131l; 199 sporcuya toplam 3 milyon 880 bin 865 TL, 124 antren\u00f6re ise toplam 961 bin 371 TL olmak \u00fczere toplam 323 ki\u015fiye 4 milyon 842 bin 236 TL \u00f6d\u00fcl veriyor. B\u00fcy\u00fck\u015fehir taraf\u0131ndan bu y\u0131l verilen \u00f6d\u00fcllerle beraber toplam; 628 ba\u015far\u0131l\u0131 sporcuya ve 393 antren\u00f6re 9 milyon 842 bin 236 TL \u00f6d\u00fcl verilmi\u015f olacak.<\/p>\n","protected":false},"excerpt":{"rendered":"<p>Mersin B\u00fcy\u00fck\u015fehir Belediye Ba\u015fkan\u0131 Vahap Se\u00e7er; Mersin B\u00fcy\u00fck\u015fehir Belediyesi Gen\u00e7lik ve Spor Hizmetleri Dairesi Ba\u015fkanl\u0131\u011f\u0131 taraf\u0131ndan,&nbsp;&#8216;Harekete Ge\u00e7enler Mutlaka Kazan\u0131r&#8217;&nbsp;slogan\u0131yla d\u00fczenlenen&nbsp;&#8216;Ba\u015far\u0131l\u0131 Sporcular ve Antren\u00f6rler \u00d6d\u00fcl T\u00f6reni&#8217;ne kat\u0131ld\u0131. B\u00fcy\u00fck\u015fehir&#8217;den Milli Sporcular Dike\u00e7 ile \u015ea\u015fma&#8217;ya \u00f6d\u00fcl Mersin B\u00fcy\u00fck\u015fehir Belediyesi Kongre ve Sergi Saray\u0131 Meclis Salonu&#8217;nda d\u00fczenlenen \u00d6d\u00fcl T\u00f6reni&#8217;nde; Paris 2024 Olimpiyat Oyunlar\u0131&#8217;nda tak\u0131m arkada\u015f\u0131 ile 10 metre haval\u0131 [&hellip;]<\/p>\n","protected":false},"author":2,"featured_media":38312,"comment_status":"closed","ping_status":"closed","sticky":false,"template":"","format":"standard","meta":{"footnotes":""},"categories":[34,3,10],"tags":[],"class_list":["post-38311","post","type-post","status-publish","format-standard","has-post-thumbnail","hentry","category-flas-haber","category-manset","category-spor"],"views":9,"_links":{"self":[{"href":"https:\/\/mersinkadingazetesi.com\/index.php?rest_route=\/wp\/v2\/posts\/38311"}],"collection":[{"href":"https:\/\/mersinkadingazetesi.com\/index.php?rest_route=\/wp\/v2\/posts"}],"about":[{"href":"https:\/\/mersinkadingazetesi.com\/index.php?rest_route=\/wp\/v2\/types\/post"}],"author":[{"embeddable":true,"href":"https:\/\/mersinkadingazetesi.com\/index.php?rest_route=\/wp\/v2\/users\/2"}],"replies":[{"embeddable":true,"href":"https:\/\/mersinkadingazetesi.com\/index.php?rest_route=%2Fwp%2Fv2%2Fcomments&post=38311"}],"version-history":[{"count":1,"href":"https:\/\/mersinkadingazetesi.com\/index.php?rest_route=\/wp\/v2\/posts\/38311\/revisions"}],"predecessor-version":[{"id":38313,"href":"https:\/\/mersinkadingazetesi.com\/index.php?rest_route=\/wp\/v2\/posts\/38311\/revisions\/38313"}],"wp:featuredmedia":[{"embeddable":true,"href":"https:\/\/mersinkadingazetesi.com\/index.php?rest_route=\/wp\/v2\/media\/38312"}],"wp:attachment":[{"href":"https:\/\/mersinkadingazetesi.com\/index.php?rest_route=%2Fwp%2Fv2%2Fmedia&parent=38311"}],"wp:term":[{"taxonomy":"category","embeddable":true,"href":"https:\/\/mersinkadingazetesi.com\/index.php?rest_route=%2Fwp%2Fv2%2Fcategories&post=38311"},{"taxonomy":"post_tag","embeddable":true,"href":"https:\/\/mersinkadingazetesi.com\/index.php?rest_route=%2Fwp%2Fv2%2Ftags&post=38311"}],"curies":[{"name":"wp","href":"https:\/\/api.w.org\/{rel}","templated":true}]}}