{"id":38314,"date":"2024-12-31T11:48:56","date_gmt":"2024-12-31T08:48:56","guid":{"rendered":"https:\/\/mersinkadingazetesi.com\/?p=38314"},"modified":"2024-12-31T11:48:57","modified_gmt":"2024-12-31T08:48:57","slug":"turkce-ve-dil-egitiminde-iyi-uygulamalar-konferansi-duzenleniyor","status":"publish","type":"post","link":"https:\/\/mersinkadingazetesi.com\/?p=38314","title":{"rendered":"T\u00dcRK\u00c7E VE D\u0130L E\u011e\u0130T\u0130M\u0130NDE \u0130Y\u0130 UYGULAMALAR KONFERANSI, D\u00dcZENLEN\u0130YOR"},"content":{"rendered":"\n<p>&nbsp; &#8220;T\u00fcrk\u00e7e ve Dil E\u011fitiminde \u0130yi Uygulamalar Konferans\u0131&#8221;, 20-22 May\u0131s tarihleri aras\u0131nda T\u00fcrk Dil Kurumu i\u015f birli\u011fiyle &#8220;Mill\u00ee K\u00fclt\u00fcr ve De\u011ferler Edinimi Eylem Ara\u015ft\u0131rmas\u0131&#8221; temas\u0131yla ger\u00e7ekle\u015ftirilecek. Ba\u015fvurular 3-14 Mart tarihleri aras\u0131nda yap\u0131lacak.<\/p>\n\n\n\n<p>Mill\u00ee E\u011fitim Bakanl\u0131\u011f\u0131nca T\u00fcrk\u00e7enin \u00f6\u011fretimi ve geli\u015ftirilmesi, e\u011fitim sisteminde temel bir politika olarak yer al\u0131rken 4&#8217;\u00fcnc\u00fcs\u00fc d\u00fczenlenecek konferans, T\u00fcrk\u00e7e ve dil e\u011fitimindeki geli\u015fmelerin takip edilmesi ve g\u00f6r\u00fcn\u00fcr k\u0131l\u0131nmas\u0131 amac\u0131yla ger\u00e7ekle\u015ftirilecek. &nbsp;<\/p>\n\n\n\n<p>Cumhurba\u015fkanl\u0131\u011f\u0131 Strateji ve B\u00fct\u00e7e Ba\u015fkanl\u0131\u011f\u0131nca da desteklenen, Talim ve Terbiye Kurulu Ba\u015fkanl\u0131\u011f\u0131 taraf\u0131ndan y\u00fcr\u00fct\u00fclen &#8220;T\u00fcrk\u00e7e ve Dil E\u011fitiminde \u0130yi Uygulamalar Konferans\u0131&#8221; , &#8220;Mill\u00ee K\u00fclt\u00fcr ve De\u011ferler Edinimi Eylem Ara\u015ft\u0131rmas\u0131&#8221; temas\u0131 kapsam\u0131nda ger\u00e7ekle\u015ftirilecek. &nbsp;<\/p>\n\n\n\n<p>Onursal Ba\u015fkanl\u0131\u011f\u0131n\u0131 Mill\u00ee E\u011fitim Bakan\u0131 Yusuf Tekin&#8217;in yapaca\u011f\u0131 konferansla T\u00fcrk\u00e7e ve dil e\u011fitimini de\u011ferler edinimi perspektifiyle e\u011fitim y\u00f6neticileri, \u00f6\u011fretmenler ve akademisyenlerle birlikte incelemek, tart\u0131\u015fmak ve de\u011ferlendirmek ama\u00e7lan\u0131yor. Ayr\u0131ca sahada mill\u00ee k\u00fclt\u00fcr ve de\u011ferler edinimini destekleyebilecek etkili iyi uygulama \u00f6rnekleri \u00fczerinden elde edilen bulgular ve ula\u015f\u0131lan sonu\u00e7lar kamuoyu ile payla\u015f\u0131lacak. &nbsp;<\/p>\n\n\n\n<p>Konferans b\u00fcnyesinde yenilik\u00e7i ve ke\u015ffedici iyi uygulamalar ile ilgili sunumlar yap\u0131lacak. Bu bildirilerin ve poster sunumlar\u0131n \u00f6zet kitab\u0131 ile konferans sonras\u0131nda bildiriler kitap olarak da bas\u0131lacak. &nbsp;<\/p>\n\n\n\n<p>Konferansa dil e\u011fitimi alan\u0131ndaki uzmanlar; Mill\u00ee E\u011fitim Bakanl\u0131\u011f\u0131na ba\u011fl\u0131 merkez, ta\u015fra ve yurt d\u0131\u015f\u0131 te\u015fkilat\u0131nda g\u00f6rev yapanlar, sahada yapt\u0131klar\u0131 iyi uygulamalarla fark yaratan \u00f6\u011fretmenler, y\u00f6neticiler ve akademisyenler bu alanlarda haz\u0131rlad\u0131klar\u0131 \u00e7al\u0131\u015fmalarla kat\u0131lacaklar.&nbsp; &nbsp;<\/p>\n\n\n\n<p>Konferansa kat\u0131lmak isteyenler, 3-14 Mart 2025 tarihlerinde&nbsp;<a href=\"https:\/\/dilegitimindeiyiuygulamalar.meb.gov.tr\/\" target=\"_blank\" rel=\"noreferrer noopener\">dilegitimindeiyiuygulamalar.meb.gov.tr<\/a>&nbsp;\u00fczerinden ba\u015fvurular\u0131n\u0131 yapabilecek.&nbsp; &nbsp;<\/p>\n","protected":false},"excerpt":{"rendered":"<p>&nbsp; &#8220;T\u00fcrk\u00e7e ve Dil E\u011fitiminde \u0130yi Uygulamalar Konferans\u0131&#8221;, 20-22 May\u0131s tarihleri aras\u0131nda T\u00fcrk Dil Kurumu i\u015f birli\u011fiyle &#8220;Mill\u00ee K\u00fclt\u00fcr ve De\u011ferler Edinimi Eylem Ara\u015ft\u0131rmas\u0131&#8221; temas\u0131yla ger\u00e7ekle\u015ftirilecek. Ba\u015fvurular 3-14 Mart tarihleri aras\u0131nda yap\u0131lacak. Mill\u00ee E\u011fitim Bakanl\u0131\u011f\u0131nca T\u00fcrk\u00e7enin \u00f6\u011fretimi ve geli\u015ftirilmesi, e\u011fitim sisteminde temel bir politika olarak yer al\u0131rken 4&#8217;\u00fcnc\u00fcs\u00fc d\u00fczenlenecek konferans, T\u00fcrk\u00e7e ve dil e\u011fitimindeki geli\u015fmelerin [&hellip;]<\/p>\n","protected":false},"author":2,"featured_media":38315,"comment_status":"closed","ping_status":"closed","sticky":false,"template":"","format":"standard","meta":{"footnotes":""},"categories":[3],"tags":[],"class_list":["post-38314","post","type-post","status-publish","format-standard","has-post-thumbnail","hentry","category-manset"],"views":10,"_links":{"self":[{"href":"https:\/\/mersinkadingazetesi.com\/index.php?rest_route=\/wp\/v2\/posts\/38314"}],"collection":[{"href":"https:\/\/mersinkadingazetesi.com\/index.php?rest_route=\/wp\/v2\/posts"}],"about":[{"href":"https:\/\/mersinkadingazetesi.com\/index.php?rest_route=\/wp\/v2\/types\/post"}],"author":[{"embeddable":true,"href":"https:\/\/mersinkadingazetesi.com\/index.php?rest_route=\/wp\/v2\/users\/2"}],"replies":[{"embeddable":true,"href":"https:\/\/mersinkadingazetesi.com\/index.php?rest_route=%2Fwp%2Fv2%2Fcomments&post=38314"}],"version-history":[{"count":1,"href":"https:\/\/mersinkadingazetesi.com\/index.php?rest_route=\/wp\/v2\/posts\/38314\/revisions"}],"predecessor-version":[{"id":38316,"href":"https:\/\/mersinkadingazetesi.com\/index.php?rest_route=\/wp\/v2\/posts\/38314\/revisions\/38316"}],"wp:featuredmedia":[{"embeddable":true,"href":"https:\/\/mersinkadingazetesi.com\/index.php?rest_route=\/wp\/v2\/media\/38315"}],"wp:attachment":[{"href":"https:\/\/mersinkadingazetesi.com\/index.php?rest_route=%2Fwp%2Fv2%2Fmedia&parent=38314"}],"wp:term":[{"taxonomy":"category","embeddable":true,"href":"https:\/\/mersinkadingazetesi.com\/index.php?rest_route=%2Fwp%2Fv2%2Fcategories&post=38314"},{"taxonomy":"post_tag","embeddable":true,"href":"https:\/\/mersinkadingazetesi.com\/index.php?rest_route=%2Fwp%2Fv2%2Ftags&post=38314"}],"curies":[{"name":"wp","href":"https:\/\/api.w.org\/{rel}","templated":true}]}}