{"id":38317,"date":"2024-12-31T11:50:25","date_gmt":"2024-12-31T08:50:25","guid":{"rendered":"https:\/\/mersinkadingazetesi.com\/?p=38317"},"modified":"2024-12-31T11:50:25","modified_gmt":"2024-12-31T08:50:25","slug":"merkezi-sistem-sinav-yonergesinde-yeni-duzenleme","status":"publish","type":"post","link":"https:\/\/mersinkadingazetesi.com\/?p=38317","title":{"rendered":"MERKEZ\u00ce S\u0130STEM SINAV Y\u00d6NERGES\u0130NDE YEN\u0130 D\u00dcZENLEME\u00a0"},"content":{"rendered":"\n<p>Mill\u00ee E\u011fitim Bakanl\u0131\u011f\u0131nca s\u0131nav t\u00fcrlerinin artmas\u0131, elektronik s\u0131navlar\u0131n yayg\u0131nla\u015fmas\u0131 amac\u0131yla sahadan gelen ihtiya\u00e7 ve talepler do\u011frultusunda 2016&#8217;dan itibaren y\u00fcr\u00fcrl\u00fckte olan Mill\u00ee E\u011fitim Bakanl\u0131\u011f\u0131 Merkez\u00ee Sistem S\u0131nav Y\u00f6nergesi&#8217;nde de\u011fi\u015fiklik yap\u0131ld\u0131.<\/p>\n\n\n\n<p>Bu kapsamda haz\u0131rlanan yeni y\u00f6nerge 25 Aral\u0131k 2024 tarihinde y\u00fcr\u00fcrl\u00fc\u011fe girdi. Yap\u0131lan de\u011fi\u015fiklik kapsam\u0131nda, e-S\u0131nav uygulamas\u0131na ili\u015fkin esaslarda d\u00fczenlemeler yap\u0131larak uygulama, g\u00fcn\u00fcm\u00fcz ko\u015fullar\u0131na uygun h\u00e2le getirildi. &nbsp;<\/p>\n\n\n\n<p>e-S\u0131nav uygulamalar\u0131nda bina y\u00f6neticisi belirleme nitelikleri ile g\u00f6revlendirme usul\u00fcnde d\u00fczenlemeler yap\u0131ld\u0131, bina y\u00f6neticilerinin g\u00fcnl\u00fck g\u00f6revlendirilme uygulamas\u0131n\u0131n yerine oturum bazl\u0131 g\u00f6revlendirilmeleri sa\u011fland\u0131. Ayr\u0131ca e-S\u0131nav bina y\u00f6neticilerine e-S\u0131nav uygulamalar\u0131 hakk\u0131nda e\u011fitim alma \u015fart\u0131 getirildi. Bina y\u00f6neticisi olarak g\u00f6revlendirilenlerin bir y\u0131l i\u00e7inde alabilecekleri g\u00f6rev say\u0131s\u0131 da 40&#8217;a \u00e7\u0131kar\u0131ld\u0131. &nbsp;<\/p>\n\n\n\n<p>D\u00fczenleme ile e-S\u0131nav salonlar\u0131nda uygulama ve izleme sorumlusu g\u00f6revi kald\u0131r\u0131l\u0131rken, e-S\u0131nav salonlar\u0131nda uygulama izleme sorumlusu e\u011fitimini alm\u0131\u015f salon ba\u015fkan\u0131 ve g\u00f6zetmen olmak \u00fczere 2 personel g\u00f6revlendirilmesi sa\u011fland\u0131. &nbsp;<\/p>\n\n\n\n<p>e-S\u0131nav salonlar\u0131nda g\u00f6revlendirilecek personele de hizmet i\u00e7i e\u011fitim faaliyetine kat\u0131lma \u015fart\u0131 getirildi. \u00d6te yandan Merkez\u00ee s\u0131navlarda salon g\u00f6revlilerinin g\u00f6revlendirilmelerinde ilk kez \u00f6zel \u00f6\u011fretim \u00f6\u011fretmenlerinin de g\u00f6rev alabilmeleri ile ilgili d\u00fczenleme yap\u0131ld\u0131. &nbsp;<\/p>\n\n\n\n<p>De\u011fi\u015fiklikle, Ceza ve Tevkifevlerinde yap\u0131lan s\u0131navlar\u0131n daha sa\u011fl\u0131kl\u0131 ve g\u00fcvenli ger\u00e7ekle\u015ftirilmesi i\u00e7in bu kurumlarda bina s\u0131nav komisyonu kurulmas\u0131na ili\u015fkin d\u00fczenlemeye gidildi. &nbsp;<\/p>\n\n\n\n<p>Merkez\u00ee Sistem S\u0131navlarda il\/il\u00e7e mill\u00ee e\u011fitim m\u00fcd\u00fcrlerinin s\u0131nav koordinat\u00f6r\u00fc olarak, il\/il\u00e7e mill\u00ee e\u011fitim m\u00fcd\u00fcrl\u00fc\u011f\u00fcn\u00fcn \u00f6l\u00e7me de\u011ferlendirme ve s\u0131nav hizmetleri biriminden sorumlu il mill\u00ee e\u011fitim m\u00fcd\u00fcr yard\u0131mc\u0131s\u0131\/\u015fube m\u00fcd\u00fcrlerinin ise koordinat\u00f6r yard\u0131mc\u0131s\u0131 olarak g\u00f6revlendirilebilmesi h\u00fck\u00fcm alt\u0131na al\u0131nd\u0131. &nbsp;<\/p>\n\n\n\n<p>Hizmetli g\u00f6revlendirmelerinde de ihtiya\u00e7 durumunda hizmetli kadrosu d\u0131\u015f\u0131nda bulunan personelin de hizmetli olarak g\u00f6revlendirilmesi sa\u011fland\u0131. Hizmetli olarak g\u00f6revlendirilenlerin bir y\u0131l i\u00e7inde alabilecekleri g\u00f6rev say\u0131s\u0131 40&#8217;a \u00e7\u0131kar\u0131ld\u0131. &nbsp;<\/p>\n\n\n\n<p>Kurum temsilcisi olarak s\u0131navlarda g\u00f6revlendirilebilecek personelle ilgili de d\u00fczenleme yap\u0131ld\u0131. G\u00f6rev ihmali neticesinde s\u0131nav g\u00f6rev yapt\u0131r\u0131m\u0131 uygulanan personelin g\u00f6rev yapt\u0131r\u0131m s\u00fcrelerinin kademelendirilmesi ile ilgili de\u011fi\u015fikli\u011fe gidildi. Daha \u00f6nce s\u0131nav g\u00f6rev tedbirleri s\u0131ras\u0131yla 1 y\u0131l, tekrar\u0131nda 5 y\u0131l uygulan\u0131rken yap\u0131lan d\u00fczenleme ile g\u00f6rev tedbirleri s\u0131ras\u0131yla 1 y\u0131l, tekrar\u0131nda 2 y\u0131l, ikinci tekrar\u0131nda 3 y\u0131l uygulanaca\u011f\u0131 hususlar\u0131 h\u00fck\u00fcm alt\u0131na al\u0131nd\u0131. S\u0131nav g\u00f6rev tedbirlerinin kald\u0131r\u0131lmas\u0131 taleplerinin de\u011ferlendirilmesi i\u00e7in komisyon ve kurullar olu\u015fturulmas\u0131 sa\u011fland\u0131<\/p>\n","protected":false},"excerpt":{"rendered":"<p>Mill\u00ee E\u011fitim Bakanl\u0131\u011f\u0131nca s\u0131nav t\u00fcrlerinin artmas\u0131, elektronik s\u0131navlar\u0131n yayg\u0131nla\u015fmas\u0131 amac\u0131yla sahadan gelen ihtiya\u00e7 ve talepler do\u011frultusunda 2016&#8217;dan itibaren y\u00fcr\u00fcrl\u00fckte olan Mill\u00ee E\u011fitim Bakanl\u0131\u011f\u0131 Merkez\u00ee Sistem S\u0131nav Y\u00f6nergesi&#8217;nde de\u011fi\u015fiklik yap\u0131ld\u0131. Bu kapsamda haz\u0131rlanan yeni y\u00f6nerge 25 Aral\u0131k 2024 tarihinde y\u00fcr\u00fcrl\u00fc\u011fe girdi. Yap\u0131lan de\u011fi\u015fiklik kapsam\u0131nda, e-S\u0131nav uygulamas\u0131na ili\u015fkin esaslarda d\u00fczenlemeler yap\u0131larak uygulama, g\u00fcn\u00fcm\u00fcz ko\u015fullar\u0131na uygun h\u00e2le getirildi. [&hellip;]<\/p>\n","protected":false},"author":2,"featured_media":38318,"comment_status":"closed","ping_status":"closed","sticky":false,"template":"","format":"standard","meta":{"footnotes":""},"categories":[3],"tags":[],"class_list":["post-38317","post","type-post","status-publish","format-standard","has-post-thumbnail","hentry","category-manset"],"views":1,"_links":{"self":[{"href":"https:\/\/mersinkadingazetesi.com\/index.php?rest_route=\/wp\/v2\/posts\/38317"}],"collection":[{"href":"https:\/\/mersinkadingazetesi.com\/index.php?rest_route=\/wp\/v2\/posts"}],"about":[{"href":"https:\/\/mersinkadingazetesi.com\/index.php?rest_route=\/wp\/v2\/types\/post"}],"author":[{"embeddable":true,"href":"https:\/\/mersinkadingazetesi.com\/index.php?rest_route=\/wp\/v2\/users\/2"}],"replies":[{"embeddable":true,"href":"https:\/\/mersinkadingazetesi.com\/index.php?rest_route=%2Fwp%2Fv2%2Fcomments&post=38317"}],"version-history":[{"count":1,"href":"https:\/\/mersinkadingazetesi.com\/index.php?rest_route=\/wp\/v2\/posts\/38317\/revisions"}],"predecessor-version":[{"id":38319,"href":"https:\/\/mersinkadingazetesi.com\/index.php?rest_route=\/wp\/v2\/posts\/38317\/revisions\/38319"}],"wp:featuredmedia":[{"embeddable":true,"href":"https:\/\/mersinkadingazetesi.com\/index.php?rest_route=\/wp\/v2\/media\/38318"}],"wp:attachment":[{"href":"https:\/\/mersinkadingazetesi.com\/index.php?rest_route=%2Fwp%2Fv2%2Fmedia&parent=38317"}],"wp:term":[{"taxonomy":"category","embeddable":true,"href":"https:\/\/mersinkadingazetesi.com\/index.php?rest_route=%2Fwp%2Fv2%2Fcategories&post=38317"},{"taxonomy":"post_tag","embeddable":true,"href":"https:\/\/mersinkadingazetesi.com\/index.php?rest_route=%2Fwp%2Fv2%2Ftags&post=38317"}],"curies":[{"name":"wp","href":"https:\/\/api.w.org\/{rel}","templated":true}]}}