{"id":38326,"date":"2024-12-31T11:56:27","date_gmt":"2024-12-31T08:56:27","guid":{"rendered":"https:\/\/mersinkadingazetesi.com\/?p=38326"},"modified":"2024-12-31T11:56:28","modified_gmt":"2024-12-31T08:56:28","slug":"baskan-secerden-yeni-yil-kutlama-mesaji-2","status":"publish","type":"post","link":"https:\/\/mersinkadingazetesi.com\/?p=38326","title":{"rendered":"BA\u015eKAN SE\u00c7ER&#8217;DEN YEN\u0130 YIL KUTLAMA MESAJI"},"content":{"rendered":"\n<p>Mersin B\u00fcy\u00fck\u015fehir Belediye Ba\u015fkan\u0131 Vahap Se\u00e7er, yeni y\u0131l dolay\u0131s\u0131yla bir mesaj yay\u0131nlayarak t\u00fcm Mersinlilerin yeni y\u0131l\u0131n\u0131 kutlad\u0131.<\/p>\n\n\n\n<p>Ba\u015fkan Vahap Se\u00e7er mesaj\u0131nda \u015fu ifadelere yer verdi:<\/p>\n\n\n\n<p><strong>&#8220;Geride b\u0131rakt\u0131\u011f\u0131m\u0131z 2024 y\u0131l\u0131, \u00f6nemli olaylara sahne oldu. D\u00fcnyadaki geli\u015fmelerin do\u011frudan etkiledi\u011fi kentimizde; ge\u00e7en y\u0131l\u0131n getirdi\u011fi t\u00fcm krizleri, sevin\u00e7leri, mutlulu\u011fu ve ac\u0131 olaylar\u0131 birlikte ya\u015fad\u0131k.<\/strong><\/p>\n\n\n\n<p><strong>2024 y\u0131l\u0131 ayn\u0131 zamanda bir se\u00e7im y\u0131l\u0131yd\u0131. G\u00f6reve geldi\u011fimiz g\u00fcnden bu yana var g\u00fcc\u00fcm\u00fczle hizmet etti\u011fimiz kentimizde; de\u011ferli Mersin halk\u0131n\u0131n b\u00fcy\u00fck deste\u011fini alarak, yeniden yola koyulduk.<\/strong><\/p>\n\n\n\n<p><strong>Yeni y\u0131lda da, sizlerden ald\u0131\u011f\u0131m\u0131z g\u00fc\u00e7l\u00fc deste\u011fin bizlere sa\u011flad\u0131\u011f\u0131 y\u00fcksek \u00e7al\u0131\u015fma azmiyle, Mersin&#8217;i ileriye ta\u015f\u0131yacak hizmet ve projelerimizi hayata ge\u00e7irece\u011fiz. 2025 y\u0131l\u0131, Mersin&#8217;i daha da yukar\u0131 ta\u015f\u0131yaca\u011f\u0131m\u0131z bir y\u0131l olacak.<\/strong><\/p>\n\n\n\n<p><strong>Toplumsal dayan\u0131\u015fma, demokrasi ve \u00f6zg\u00fcrl\u00fc\u011f\u00fcn egemen oldu\u011fu yeni bir y\u0131l temennisiyle; 2025 y\u0131l\u0131n\u0131n t\u00fcm d\u00fcnyaya huzur, bar\u0131\u015f ve mutluluk getirmesini t\u00fcm kalbimle diliyor, yeni y\u0131l\u0131n\u0131z\u0131 kutluyorum.&#8221;<\/strong><br><\/p>\n","protected":false},"excerpt":{"rendered":"<p>Mersin B\u00fcy\u00fck\u015fehir Belediye Ba\u015fkan\u0131 Vahap Se\u00e7er, yeni y\u0131l dolay\u0131s\u0131yla bir mesaj yay\u0131nlayarak t\u00fcm Mersinlilerin yeni y\u0131l\u0131n\u0131 kutlad\u0131. Ba\u015fkan Vahap Se\u00e7er mesaj\u0131nda \u015fu ifadelere yer verdi: &#8220;Geride b\u0131rakt\u0131\u011f\u0131m\u0131z 2024 y\u0131l\u0131, \u00f6nemli olaylara sahne oldu. D\u00fcnyadaki geli\u015fmelerin do\u011frudan etkiledi\u011fi kentimizde; ge\u00e7en y\u0131l\u0131n getirdi\u011fi t\u00fcm krizleri, sevin\u00e7leri, mutlulu\u011fu ve ac\u0131 olaylar\u0131 birlikte ya\u015fad\u0131k. 2024 y\u0131l\u0131 ayn\u0131 zamanda bir [&hellip;]<\/p>\n","protected":false},"author":2,"featured_media":38327,"comment_status":"closed","ping_status":"closed","sticky":false,"template":"","format":"standard","meta":{"footnotes":""},"categories":[3],"tags":[],"class_list":["post-38326","post","type-post","status-publish","format-standard","has-post-thumbnail","hentry","category-manset"],"views":2,"_links":{"self":[{"href":"https:\/\/mersinkadingazetesi.com\/index.php?rest_route=\/wp\/v2\/posts\/38326"}],"collection":[{"href":"https:\/\/mersinkadingazetesi.com\/index.php?rest_route=\/wp\/v2\/posts"}],"about":[{"href":"https:\/\/mersinkadingazetesi.com\/index.php?rest_route=\/wp\/v2\/types\/post"}],"author":[{"embeddable":true,"href":"https:\/\/mersinkadingazetesi.com\/index.php?rest_route=\/wp\/v2\/users\/2"}],"replies":[{"embeddable":true,"href":"https:\/\/mersinkadingazetesi.com\/index.php?rest_route=%2Fwp%2Fv2%2Fcomments&post=38326"}],"version-history":[{"count":1,"href":"https:\/\/mersinkadingazetesi.com\/index.php?rest_route=\/wp\/v2\/posts\/38326\/revisions"}],"predecessor-version":[{"id":38328,"href":"https:\/\/mersinkadingazetesi.com\/index.php?rest_route=\/wp\/v2\/posts\/38326\/revisions\/38328"}],"wp:featuredmedia":[{"embeddable":true,"href":"https:\/\/mersinkadingazetesi.com\/index.php?rest_route=\/wp\/v2\/media\/38327"}],"wp:attachment":[{"href":"https:\/\/mersinkadingazetesi.com\/index.php?rest_route=%2Fwp%2Fv2%2Fmedia&parent=38326"}],"wp:term":[{"taxonomy":"category","embeddable":true,"href":"https:\/\/mersinkadingazetesi.com\/index.php?rest_route=%2Fwp%2Fv2%2Fcategories&post=38326"},{"taxonomy":"post_tag","embeddable":true,"href":"https:\/\/mersinkadingazetesi.com\/index.php?rest_route=%2Fwp%2Fv2%2Ftags&post=38326"}],"curies":[{"name":"wp","href":"https:\/\/api.w.org\/{rel}","templated":true}]}}