{"id":38332,"date":"2024-12-31T11:58:36","date_gmt":"2024-12-31T08:58:36","guid":{"rendered":"https:\/\/mersinkadingazetesi.com\/?p=38332"},"modified":"2024-12-31T11:58:36","modified_gmt":"2024-12-31T08:58:36","slug":"baskan-abdullah-ozyigitten-yeni-yil-mesaji","status":"publish","type":"post","link":"https:\/\/mersinkadingazetesi.com\/?p=38332","title":{"rendered":"Ba\u015fkan Abdullah \u00d6zyi\u011fit\u2019ten yeni y\u0131l mesaj\u0131"},"content":{"rendered":"\n<p>Mersin Yeni\u015fehir Belediye Ba\u015fkan\u0131 Abdullah \u00d6zyi\u011fit, yeni y\u0131l\u0131 yay\u0131mlad\u0131\u011f\u0131 mesajla kutlad\u0131. Ba\u015fkan \u00d6zyi\u011fit, 2025\u2019i \u201cAk\u0131ll\u0131 Ye\u015fil Yeni\u015fehir Y\u0131l\u0131\u201d olarak ilan ettiklerini belirterek, \u00e7evre, e\u011fitim, k\u00fclt\u00fcr-sanat ve sosyal destek projeleriyle Yeni\u015fehir\u2019i daha ya\u015fanabilir ve g\u00fc\u00e7l\u00fc bir kent haline getirmek i\u00e7in \u00e7al\u0131\u015fmaya devam edeceklerini vurgulad\u0131.<\/p>\n\n\n\n<p>Ba\u015fkan Abdullah \u00d6zyi\u011fit, mesaj\u0131nda \u015fu ifadelere yer verdi:<\/p>\n\n\n\n<p><strong>\u201cK\u0131ymetli hem\u015fehrilerim,<\/strong><\/p>\n\n\n\n<p><strong>Yeni bir y\u0131la, yeni umutlar, b\u00fcy\u00fck hedefler ve heyecan verici projelerle hep birlikte merhaba diyoruz. 2025 y\u0131l\u0131n\u0131n \u00fclkemiz ve g\u00fczel Yeni\u015fehir\u2019imiz i\u00e7in sa\u011fl\u0131k, huzur, mutluluk ve ba\u015far\u0131larla dolu bir y\u0131l olmas\u0131n\u0131 g\u00f6n\u00fclden temenni ediyorum.<\/strong><\/p>\n\n\n\n<p><strong>Geride b\u0131rakt\u0131\u011f\u0131m\u0131z y\u0131l, Yeni\u015fehir\u2019imizi daha ya\u015fanabilir, daha g\u00fc\u00e7l\u00fc ve daha g\u00fczel bir kent haline getirmek i\u00e7in hep birlikte \u00e7al\u0131\u015ft\u0131\u011f\u0131m\u0131z, omuz omuza verdi\u011fimiz bir y\u0131l oldu. Siz de\u011ferli hem\u015fehrilerimizin katk\u0131lar\u0131 ve destekleriyle \u00f6nemli ad\u0131mlar att\u0131k, pek \u00e7ok projeyi hayata ge\u00e7irdik. Ancak, bizim i\u00e7in her yeni y\u0131l, Yeni\u015fehir\u2019e de\u011fer katmak ad\u0131na daha fazlas\u0131n\u0131 yapmam\u0131z gerekti\u011fini hat\u0131rlatan yeni bir ba\u015flang\u0131\u00e7t\u0131r. 2025 y\u0131l\u0131nda da ayn\u0131 azim ve kararl\u0131l\u0131kla \u00e7al\u0131\u015fmaya, projelerimizi hayata ge\u00e7irmeye ve halk\u0131m\u0131za en iyi hizmeti sunmaya devam edece\u011fiz.<\/strong><\/p>\n\n\n\n<p><strong>Yeni y\u0131l, bizim i\u00e7in \u00f6zellikle \u00e7evre ve do\u011faya olan duyarl\u0131l\u0131\u011f\u0131m\u0131z\u0131 daha da art\u0131raca\u011f\u0131m\u0131z bir y\u0131l olacak. 2025\u2019i \u2018Ak\u0131ll\u0131 Ye\u015fil Yeni\u015fehir Y\u0131l\u0131\u2019 olarak ilan ettik. Bu kapsamda, \u00e7evre bilincini kentimizin her k\u00f6\u015fesine ta\u015f\u0131mak, ekolojik dengeyi korumak ve s\u00fcrd\u00fcr\u00fclebilir enerji kaynaklar\u0131n\u0131n kullan\u0131m\u0131n\u0131 yayg\u0131nla\u015ft\u0131rmak ad\u0131na \u00f6nc\u00fc ad\u0131mlar ataca\u011f\u0131z. Daha fazla ye\u015fil alan, do\u011faya uyumlu projeler ve \u00e7evre dostu uygulamalarla hem bug\u00fcn\u00fcn hem de gelece\u011fin Yeni\u015fehir\u2019i i\u00e7in \u00e7al\u0131\u015fmay\u0131 s\u00fcrd\u00fcrece\u011fiz. Gelecek nesillere temiz, sa\u011fl\u0131kl\u0131 ve ya\u015fanabilir bir kent b\u0131rakmak, bu yolda en b\u00fcy\u00fck motivasyonumuzdur.<\/strong><\/p>\n\n\n\n<p><strong>E\u011fitim, bizim i\u00e7in her zaman en \u00f6ncelikli konulardan biri olmu\u015ftur. 2025 y\u0131l\u0131nda da bu alanda hayata ge\u00e7irece\u011fimiz \u00f6nc\u00fc ve \u00f6rnek projelerle \u00e7ocuklar\u0131m\u0131z ve gen\u00e7lerimiz i\u00e7in f\u0131rsatlar yaratmaya, onlar\u0131n hayallerine ula\u015fmalar\u0131 i\u00e7in yollar a\u00e7maya devam edece\u011fiz. \u00c7\u00fcnk\u00fc biliyoruz ki e\u011fitim, bir toplumun gelece\u011fini \u015fekillendiren en g\u00fc\u00e7l\u00fc \u0131\u015f\u0131kt\u0131r.<\/strong><\/p>\n\n\n\n<p><strong>Sosyal destek ve dayan\u0131\u015fma projelerimiz yeni y\u0131lda da kesintisiz devam edecek. Dar gelirli vatanda\u015flar\u0131m\u0131z\u0131n, ya\u015fl\u0131lar\u0131m\u0131z\u0131n, \u00e7ocuklar\u0131m\u0131z\u0131n ve dezavantajl\u0131 gruplar\u0131n yan\u0131nda olmaya, ekonomik zorluklar\u0131n getirdi\u011fi y\u00fck\u00fc hafifletmeye devam edece\u011fiz. Sosyal belediyecilik anlay\u0131\u015f\u0131m\u0131zla, her vatanda\u015f\u0131m\u0131z\u0131n yan\u0131nda olmay\u0131 ve dayan\u0131\u015fma ruhumuzu g\u00fc\u00e7lendirmeyi s\u00fcrd\u00fcrece\u011fiz.<\/strong><\/p>\n\n\n\n<p><strong>K\u00fclt\u00fcr ve sanat, Yeni\u015fehir\u2019in kimli\u011fini ve ruhunu besleyen \u00f6nemli bir de\u011fer. 2025 y\u0131l\u0131nda da festivallerimiz, konserlerimiz, sergilerimiz ve di\u011fer etkinliklerimizle halk\u0131m\u0131z\u0131 sanatla bulu\u015fturmaya devam edece\u011fiz.<\/strong><\/p>\n\n\n\n<p><strong>Her zaman oldu\u011fu gibi, Yeni\u015fehir\u2019i birlikte daha g\u00fc\u00e7l\u00fc bir gelece\u011fe ta\u015f\u0131mak i\u00e7in hem\u015fehrilerimizin katk\u0131 ve deste\u011fiyle 2025 y\u0131l\u0131nda da el birli\u011fiyle b\u00fcy\u00fck i\u015fler ba\u015faraca\u011f\u0131m\u0131za olan inanc\u0131m tamd\u0131r. Birlikte \u00e7al\u0131\u015farak Yeni\u015fehir\u2019i hak etti\u011fi yere ta\u015f\u0131yaca\u011f\u0131z.<\/strong><\/p>\n\n\n\n<p><strong>Bu duygu ve d\u00fc\u015f\u00fcncelerle, yeni y\u0131l\u0131n hepimize sa\u011fl\u0131k ve mutluluk getirmesini dilerim. Her \u015fey Yeni\u015fehir i\u00e7in, her \u015fey sizler i\u00e7in. Yeni y\u0131l\u0131n\u0131z kutlu olsun.\u201d<\/strong><\/p>\n","protected":false},"excerpt":{"rendered":"<p>Mersin Yeni\u015fehir Belediye Ba\u015fkan\u0131 Abdullah \u00d6zyi\u011fit, yeni y\u0131l\u0131 yay\u0131mlad\u0131\u011f\u0131 mesajla kutlad\u0131. Ba\u015fkan \u00d6zyi\u011fit, 2025\u2019i \u201cAk\u0131ll\u0131 Ye\u015fil Yeni\u015fehir Y\u0131l\u0131\u201d olarak ilan ettiklerini belirterek, \u00e7evre, e\u011fitim, k\u00fclt\u00fcr-sanat ve sosyal destek projeleriyle Yeni\u015fehir\u2019i daha ya\u015fanabilir ve g\u00fc\u00e7l\u00fc bir kent haline getirmek i\u00e7in \u00e7al\u0131\u015fmaya devam edeceklerini vurgulad\u0131. Ba\u015fkan Abdullah \u00d6zyi\u011fit, mesaj\u0131nda \u015fu ifadelere yer verdi: \u201cK\u0131ymetli hem\u015fehrilerim, Yeni bir [&hellip;]<\/p>\n","protected":false},"author":2,"featured_media":38333,"comment_status":"closed","ping_status":"closed","sticky":false,"template":"","format":"standard","meta":{"footnotes":""},"categories":[3],"tags":[],"class_list":["post-38332","post","type-post","status-publish","format-standard","has-post-thumbnail","hentry","category-manset"],"views":14,"_links":{"self":[{"href":"https:\/\/mersinkadingazetesi.com\/index.php?rest_route=\/wp\/v2\/posts\/38332"}],"collection":[{"href":"https:\/\/mersinkadingazetesi.com\/index.php?rest_route=\/wp\/v2\/posts"}],"about":[{"href":"https:\/\/mersinkadingazetesi.com\/index.php?rest_route=\/wp\/v2\/types\/post"}],"author":[{"embeddable":true,"href":"https:\/\/mersinkadingazetesi.com\/index.php?rest_route=\/wp\/v2\/users\/2"}],"replies":[{"embeddable":true,"href":"https:\/\/mersinkadingazetesi.com\/index.php?rest_route=%2Fwp%2Fv2%2Fcomments&post=38332"}],"version-history":[{"count":1,"href":"https:\/\/mersinkadingazetesi.com\/index.php?rest_route=\/wp\/v2\/posts\/38332\/revisions"}],"predecessor-version":[{"id":38334,"href":"https:\/\/mersinkadingazetesi.com\/index.php?rest_route=\/wp\/v2\/posts\/38332\/revisions\/38334"}],"wp:featuredmedia":[{"embeddable":true,"href":"https:\/\/mersinkadingazetesi.com\/index.php?rest_route=\/wp\/v2\/media\/38333"}],"wp:attachment":[{"href":"https:\/\/mersinkadingazetesi.com\/index.php?rest_route=%2Fwp%2Fv2%2Fmedia&parent=38332"}],"wp:term":[{"taxonomy":"category","embeddable":true,"href":"https:\/\/mersinkadingazetesi.com\/index.php?rest_route=%2Fwp%2Fv2%2Fcategories&post=38332"},{"taxonomy":"post_tag","embeddable":true,"href":"https:\/\/mersinkadingazetesi.com\/index.php?rest_route=%2Fwp%2Fv2%2Ftags&post=38332"}],"curies":[{"name":"wp","href":"https:\/\/api.w.org\/{rel}","templated":true}]}}