{"id":38341,"date":"2024-12-31T15:25:16","date_gmt":"2024-12-31T12:25:16","guid":{"rendered":"https:\/\/mersinkadingazetesi.com\/?p=38341"},"modified":"2024-12-31T15:25:17","modified_gmt":"2024-12-31T12:25:17","slug":"gundogdu-2025-yilina-umutla-ve-kararlilikla-adim-atiyoruz","status":"publish","type":"post","link":"https:\/\/mersinkadingazetesi.com\/?p=38341","title":{"rendered":"G\u00dcNDO\u011eDU: 2025 YILINA UMUTLA VE KARARLILIKLA ADIM ATIYORUZ"},"content":{"rendered":"\n<p>Yeni y\u0131l nedeniyle bir mesaj yay\u0131mlayan MES\u0130AD Ba\u015fkan\u0131 Adnan G\u00fcndo\u011fdu, 2025 y\u0131l\u0131ndan umutlu olduklar\u0131n\u0131 vurgulayarak, \u201c\u00dclkece birlikte daha nice g\u00fc\u00e7l\u00fc ad\u0131mlar atmak, \u015fehrimize ve \u00fclkemize de\u011fer katmak i\u00e7in var g\u00fcc\u00fcm\u00fczle \u00e7al\u0131\u015faca\u011f\u0131m\u0131za olan inanc\u0131m\u0131z\u0131 yineleyerek, 2025 y\u0131l\u0131na umutla ve kararl\u0131l\u0131kla ad\u0131m at\u0131yoruz\u201d dedi.<\/p>\n\n\n\n<p>2024 y\u0131l\u0131nda ya\u015fanan zorluklar\u0131n geride kald\u0131\u011f\u0131na inand\u0131klar\u0131n\u0131 s\u00f6yleyen Adnan G\u00fcndo\u011fdu mesaj\u0131nda \u015fu ifadelere yer verdi:<\/p>\n\n\n\n<p>\u201cBir y\u0131l\u0131 daha geride b\u0131rak\u0131rken, 2025\u2019in hepimize sa\u011fl\u0131k, huzur ve ba\u015far\u0131 getirmesini diliyorum. 2024 y\u0131l\u0131, \u00fclke olarak dayan\u0131\u015fma ve i\u015fbirli\u011fini peki\u015ftirdi\u011fimiz, zorluklar\u0131n \u00fcstesinden birlikte geldi\u011fimiz bir y\u0131l oldu. Geride b\u0131rakt\u0131\u011f\u0131m\u0131z y\u0131lda elde etti\u011fimiz ba\u015far\u0131lar\u0131n, 2025\u2019te daha da b\u00fcy\u00fcyerek devam edece\u011fine olan inanc\u0131m\u0131z tamd\u0131r.<\/p>\n\n\n\n<p>2024 y\u0131l\u0131nda ya\u015fanan olumsuzluklar\u0131 a\u015fan i\u015f d\u00fcnyam\u0131z, \u00fclkemize elinden gelen b\u00fct\u00fcn destekleri sunmu\u015ftur. G\u00fc\u00e7l\u00fc \u00fclkemiz ve i\u015f d\u00fcnyam\u0131z b\u00fct\u00fcn olumsuzluklar\u0131n \u00fcstesinden gelerek, zorluklar\u0131 geride b\u0131rakm\u0131\u015ft\u0131r.<\/p>\n\n\n\n<p>Yeni y\u0131l\u0131n, \u00fclkemize i\u015f d\u00fcnyam\u0131za yeni f\u0131rsatlar, daha g\u00fc\u00e7l\u00fc i\u015fbirlikleri ve kalk\u0131nma ad\u0131na \u00f6nemli ad\u0131mlar getirece\u011fine olan inanc\u0131m\u0131z\u0131 yineleyerek ba\u015far\u0131lar diliyoruz. \u00dclkece birlikte daha nice g\u00fc\u00e7l\u00fc ad\u0131mlar atmak, \u015fehrimize ve \u00fclkemize de\u011fer katmak i\u00e7in var g\u00fcc\u00fcm\u00fczle \u00e7al\u0131\u015faca\u011f\u0131m\u0131za olan inanc\u0131m\u0131z\u0131 yineleyerek, 2025 y\u0131l\u0131na umutla ve kararl\u0131l\u0131kla ad\u0131m at\u0131yoruz.<\/p>\n\n\n\n<p>Yeni y\u0131l, hepimize huzur, sa\u011fl\u0131k ve bol kazan\u00e7 getirsin. Birlikte nice ba\u015far\u0131l\u0131 y\u0131llara!\u201d<\/p>\n","protected":false},"excerpt":{"rendered":"<p>Yeni y\u0131l nedeniyle bir mesaj yay\u0131mlayan MES\u0130AD Ba\u015fkan\u0131 Adnan G\u00fcndo\u011fdu, 2025 y\u0131l\u0131ndan umutlu olduklar\u0131n\u0131 vurgulayarak, \u201c\u00dclkece birlikte daha nice g\u00fc\u00e7l\u00fc ad\u0131mlar atmak, \u015fehrimize ve \u00fclkemize de\u011fer katmak i\u00e7in var g\u00fcc\u00fcm\u00fczle \u00e7al\u0131\u015faca\u011f\u0131m\u0131za olan inanc\u0131m\u0131z\u0131 yineleyerek, 2025 y\u0131l\u0131na umutla ve kararl\u0131l\u0131kla ad\u0131m at\u0131yoruz\u201d dedi. 2024 y\u0131l\u0131nda ya\u015fanan zorluklar\u0131n geride kald\u0131\u011f\u0131na inand\u0131klar\u0131n\u0131 s\u00f6yleyen Adnan G\u00fcndo\u011fdu mesaj\u0131nda \u015fu ifadelere [&hellip;]<\/p>\n","protected":false},"author":2,"featured_media":38342,"comment_status":"closed","ping_status":"closed","sticky":false,"template":"","format":"standard","meta":{"footnotes":""},"categories":[3],"tags":[],"class_list":["post-38341","post","type-post","status-publish","format-standard","has-post-thumbnail","hentry","category-manset"],"views":4,"_links":{"self":[{"href":"https:\/\/mersinkadingazetesi.com\/index.php?rest_route=\/wp\/v2\/posts\/38341"}],"collection":[{"href":"https:\/\/mersinkadingazetesi.com\/index.php?rest_route=\/wp\/v2\/posts"}],"about":[{"href":"https:\/\/mersinkadingazetesi.com\/index.php?rest_route=\/wp\/v2\/types\/post"}],"author":[{"embeddable":true,"href":"https:\/\/mersinkadingazetesi.com\/index.php?rest_route=\/wp\/v2\/users\/2"}],"replies":[{"embeddable":true,"href":"https:\/\/mersinkadingazetesi.com\/index.php?rest_route=%2Fwp%2Fv2%2Fcomments&post=38341"}],"version-history":[{"count":1,"href":"https:\/\/mersinkadingazetesi.com\/index.php?rest_route=\/wp\/v2\/posts\/38341\/revisions"}],"predecessor-version":[{"id":38343,"href":"https:\/\/mersinkadingazetesi.com\/index.php?rest_route=\/wp\/v2\/posts\/38341\/revisions\/38343"}],"wp:featuredmedia":[{"embeddable":true,"href":"https:\/\/mersinkadingazetesi.com\/index.php?rest_route=\/wp\/v2\/media\/38342"}],"wp:attachment":[{"href":"https:\/\/mersinkadingazetesi.com\/index.php?rest_route=%2Fwp%2Fv2%2Fmedia&parent=38341"}],"wp:term":[{"taxonomy":"category","embeddable":true,"href":"https:\/\/mersinkadingazetesi.com\/index.php?rest_route=%2Fwp%2Fv2%2Fcategories&post=38341"},{"taxonomy":"post_tag","embeddable":true,"href":"https:\/\/mersinkadingazetesi.com\/index.php?rest_route=%2Fwp%2Fv2%2Ftags&post=38341"}],"curies":[{"name":"wp","href":"https:\/\/api.w.org\/{rel}","templated":true}]}}