{"id":38348,"date":"2025-01-01T12:27:43","date_gmt":"2025-01-01T09:27:43","guid":{"rendered":"https:\/\/mersinkadingazetesi.com\/?p=38348"},"modified":"2025-01-01T12:27:44","modified_gmt":"2025-01-01T09:27:44","slug":"emekli-evi-uyeleri-yeni-yili-iyi-dileklerle-karsiladi","status":"publish","type":"post","link":"https:\/\/mersinkadingazetesi.com\/?p=38348","title":{"rendered":"EMEKL\u0130 EV\u0130 \u00dcYELER\u0130 YEN\u0130 YILI \u0130Y\u0130 D\u0130LEKLERLE KAR\u015eILADI"},"content":{"rendered":"\n<p>Mersin B\u00fcy\u00fck\u015fehir Belediyesi; yeni y\u0131l ruhunu kente yans\u0131t\u0131rken, keyifli etkinliklerle de vatanda\u015flar\u0131 bir araya getiriyor. B\u00fcy\u00fck\u015fehir Belediyesi Sosyal Hizmetler Dairesi Ba\u015fkanl\u0131\u011f\u0131 b\u00fcnyesinde faaliyetlerini s\u00fcrd\u00fcren&nbsp;<strong>&#8216;Hello Mersin&#8217;<\/strong>&nbsp;yabanc\u0131 dil kul\u00fcb\u00fc kursiyerleri, yeni y\u0131l kutlamas\u0131nda bir araya geldi. \u0130ngilizce ve Almanca dillerinde kendini geli\u015ftirmek isteyen her ya\u015ftan Mersinli&#8217;nin severek kat\u0131ld\u0131\u011f\u0131 kul\u00fcpte kursiyerler, hem yeni y\u0131l\u0131n geli\u015fini kutlamak hem de kayna\u015fmak i\u00e7in \u00e7e\u015fitli etkinlikler d\u00fczenledi. Kursiyerler, yanlar\u0131nda getirdikleri m\u00fczik aletleri e\u015fli\u011finde \u015fark\u0131lar seslendirdi. Yeni y\u0131ldan dilek ve beklentilerini de payla\u015fan kursiyerler, yeni y\u0131l ruhunu yans\u0131tan \u00e7ekili\u015fle hediyele\u015ferek moral bulduklar\u0131 keyifli bir ak\u015fam ge\u00e7irdi.<\/p>\n\n\n\n<p>Sosyal Hizmetler Dairesi Ba\u015fkanl\u0131\u011f\u0131&#8217;na ba\u011fl\u0131 Mezitli Emekli Evi&#8217;nde de yeni y\u0131l keyifli etkinliklerle kutland\u0131. Viran\u015fehir Sahili&#8217;nde denize s\u0131f\u0131r konumda yer alan Emekli Evi, yeni y\u0131l ruhunu yans\u0131tan s\u00fcslerle bezendi. B\u00fcy\u00fck\u015fehir&#8217;in sevilen \u00e7orbas\u0131 ve \u00e7e\u015fitli ikramlar\u0131n ard\u0131ndan m\u00fczik e\u015fli\u011finde dans edip e\u011flenen emekliler, hep birlikte pasta keserek yeni y\u0131l\u0131 kutlad\u0131. B\u00fcy\u00fck\u015fehir&#8217;in Yeni\u015fehir, Tarsus, Halkkent ve Anamur Emekli Evi&#8217;nde de e\u015f zamanl\u0131 olarak yeni y\u0131l kutlamalar\u0131 yap\u0131ld\u0131.&nbsp;<\/p>\n\n\n\n<p><strong>Kundak: &#8220;Hello Mersin, amac\u0131na ula\u015fm\u0131\u015f bir merkez&#8221;<\/strong><\/p>\n\n\n\n<p>Hello Mersin&#8217;de g\u00f6rev yapan Yabanc\u0131 Dil \u00d6\u011fretmeni Figen Kundak, kursiyerlerle birlikte y\u0131lba\u015f\u0131na \u00f6zel keyifli bir etkinlik ger\u00e7ekle\u015ftirdiklerini ifade ederek,&nbsp;<strong>&#8220;Farkl\u0131 bir etkinlik olsun istedik ve b\u00fct\u00fcn gruplar\u0131m\u0131z\u0131 birle\u015ftirdik. Onlar i\u00e7in ufak tefek hediyeler haz\u0131rlad\u0131k. Yeni y\u0131la ne\u015feli ve mutlu girelim diye d\u00fc\u015f\u00fcnd\u00fck. Gruplar\u0131m\u0131z \u00e7ok e\u011flenceli. Hep birlikte bir aile gibi olduk. Konu\u015fmalar\u0131m\u0131z ilerliyor ve kursiyerler de bu konuda mutlu olduklar\u0131n\u0131 dile getiriyorlar. Bu sayede bizler de daha mutlu oluyoruz&#8221;<\/strong>&nbsp;dedi.<\/p>\n\n\n\n<p><strong>Kursiyerler, dillerini geli\u015ftirmekten ve yeni arkada\u015flar edinmekten olduk\u00e7a memnun<\/strong><\/p>\n\n\n\n<p>Hello Mersin kursiyerlerinden Ramazan Aktolu, etkinli\u011fin harika ge\u00e7ti\u011finden s\u00f6z ederek,&nbsp;<strong>&#8220;Hava \u00e7ok iyi ve ortam \u00e7ok g\u00fczel.&nbsp;&nbsp;Daha \u00f6nce de bir \u0130ngilizce konu\u015fma ser\u00fcvenim oldu, fakat burada kat\u0131l\u0131mc\u0131lar\u0131n ve hocam\u0131z\u0131n sayesinde daha iyisini yapt\u0131m&#8221;&nbsp;<\/strong>dedi. Konu\u015fma Kul\u00fcb\u00fc sayesinde sosyalle\u015fme imk\u00e2n\u0131 da elde ettiklerinden s\u00f6z eden Aktolu,&nbsp;<strong>&#8220;Buras\u0131 sosyalle\u015fmek i\u00e7in \u00e7ok g\u00fczel bir yer. Burada yeni arkada\u015flar edindim ve memnun kald\u0131m&#8221;&nbsp;<\/strong>ifadelerini kulland\u0131.<\/p>\n\n\n\n<p>Etkinli\u011fin g\u00fczel ge\u00e7ti\u011fini dile getiren bir ba\u015fka kursiyer Turna Bal,&nbsp;<strong>&#8220;Her \u015fey \u00e7ok g\u00fczel. Etkinlikte m\u00fczikle birlikte g\u00fczel bir ambiyans var. Hello Mersin&#8217;e ba\u015flamadan \u00f6nce \u0130ngilizcem o kadar iyi de\u011fildi, fakat \u015fu anda kendimi B2 seviyesinde g\u00f6r\u00fcyorum. E\u011fer \u0130ngilizcenizi geli\u015ftirmek istiyorsan\u0131z burada olman\u0131z laz\u0131m. Burada bizler \u0130ngilizce&#8217;yi konu\u015farak pratik yap\u0131yoruz ve burada utanman\u0131n \u00e7ok da bir gere\u011fi olmad\u0131\u011f\u0131n\u0131 anlad\u0131k&#8221;&nbsp;<\/strong>dedi.<\/p>\n\n\n\n<p>Kursta Almanca \u00f6\u011frenen kursiyerlerden Azize Av\u015far ise, kurs sayesinde hem sosyalle\u015fti\u011fini hem de kendini dil noktas\u0131nda geli\u015ftirdi\u011fini ifade ederek,&nbsp;<strong>&#8220;Bug\u00fcnk\u00fc etkinli\u011fimizde ne g\u00f6r\u00fcyorsan\u0131z, kursiyerler olarak her topland\u0131\u011f\u0131m\u0131zda ayn\u0131s\u0131n\u0131 ya\u015f\u0131yoruz. Ekonomiyi g\u00f6z \u00f6n\u00fcnde bulundurdu\u011fumuzda, \u00f6zel kurslara kat\u0131l\u0131m sa\u011flayam\u0131yoruz. Bu nedenle belediyemizin a\u00e7t\u0131\u011f\u0131 kurslara yo\u011fun talep oluyor ve ba\u015far\u0131 oran\u0131n\u0131 da g\u00f6rebilirsiniz&#8221;<\/strong>&nbsp;diye konu\u015ftu.<\/p>\n\n\n\n<p><strong>Bozkurt: &#8220;Y\u0131lba\u015f\u0131 etkinli\u011fimiz 5 Emekli Evi&#8217;nde ayn\u0131 anda oldu&#8221;<\/strong><\/p>\n\n\n\n<p>B\u00fcy\u00fck\u015fehir Belediyesi Emekli Evleri Sorumlusu Ertu\u011frul Bozkurt, y\u0131l boyunca \u00e7e\u015fitli etkinliklerde bulunduklar\u0131n\u0131 anlatarak,&nbsp;<strong>&#8220;Y\u0131lba\u015f\u0131 etkinli\u011fimiz sonuncusu oldu. 5 Emekli Evi&#8217;nde ayn\u0131 anda kutland\u0131. \u0130kramlar\u0131m\u0131z oldu. Emeklilerimiz e\u011flendiler, yorgunluklar\u0131n\u0131 at\u0131p yeni y\u0131la haz\u0131r oldular&#8221;&nbsp;<\/strong>dedi.<\/p>\n\n\n\n<p><strong>Emekliler, d\u00fczenlenen yeni y\u0131l etkinli\u011finden b\u00fcy\u00fck keyif ald\u0131<\/strong><\/p>\n\n\n\n<p>Emekli Evi \u00fcyelerinden Rabia I\u015f\u0131k, emeklilerin bu t\u00fcr etkinliklere ihtiyac\u0131n\u0131 oldu\u011funu ve B\u00fcy\u00fck\u015fehir sayesinde bir\u00e7ok faaliyete kat\u0131ld\u0131klar\u0131n\u0131 anlatarak,&nbsp;<strong>&#8220;Emekliler evinde kapan\u0131p kal\u0131yor. D\u0131\u015far\u0131da bir arkada\u015f\u0131yla \u00e7ay veya kahve i\u00e7me imkan\u0131 bulam\u0131yor. Hayat\u0131n ne kadar zor oldu\u011funu hepimiz biliyoruz. Son y\u0131llarda bunu fazlas\u0131yla da ya\u015f\u0131yoruz. \u00c7ok g\u00fczel \u015feylerden yararlan\u0131yoruz. Mersin&#8217;de g\u00f6rmedi\u011fim yerleri g\u00f6rd\u00fcm. 2025 y\u0131l\u0131 2024&#8217;ten \u00e7ok daha iyi olsun. Sa\u011fl\u0131k, mutluluk, huzur diliyorum&#8221;&nbsp;<\/strong>diye konu\u015ftu.<\/p>\n\n\n\n<p>Emekli \u00d6\u011fretmen Suna K\u0131l\u0131\u00e7\u00e7\u0131, Emekli Evi&#8217;nde \u00e7ok mutlu olduklar\u0131n\u0131 belirterek,&nbsp;&nbsp;<strong>&#8220;\u00c7ok g\u00fczel bir g\u00fcn, \u00e7ok g\u00fczel bir an\u0131 olacak bizim i\u00e7in. Uzaklara gitmek bizi yoruyor, hizmet aya\u011f\u0131m\u0131za geliyor. Onun i\u00e7in ayr\u0131ca te\u015fekk\u00fcr ediyoruz. \u00c7orbam\u0131z \u00e7ok g\u00fczeldi, m\u00fczik \u00e7ok g\u00fczel, \u00e7al\u0131\u015fanlar\u0131m\u0131z harika, de\u011fer vererek hizmet ediyorlar. 2025&#8217;te \u00fclkemin daha mutlu, daha sa\u011fl\u0131kl\u0131, daha g\u00fczel g\u00fcnlere gelmesini diliyorum&#8221;<\/strong>&nbsp;dedi.<\/p>\n\n\n\n<p>Emekli Evi&#8217;nden \u00e7ok memnun oldu\u011funu s\u00f6yleyen bir ba\u015fka emekli Cihangir Kayar ise,&nbsp;<strong>&#8220;Burada arkada\u015flar\u0131m\u0131z var, sohbet ediyoruz. Devaml\u0131 u\u011frad\u0131\u011f\u0131m\u0131z i\u00e7in kutlamaya da kat\u0131ld\u0131k. Etkinliklerimiz daima iyi oluyor&#8221;&nbsp;<\/strong>ifadelerine yer verdi.<\/p>\n","protected":false},"excerpt":{"rendered":"<p>Mersin B\u00fcy\u00fck\u015fehir Belediyesi; yeni y\u0131l ruhunu kente yans\u0131t\u0131rken, keyifli etkinliklerle de vatanda\u015flar\u0131 bir araya getiriyor. B\u00fcy\u00fck\u015fehir Belediyesi Sosyal Hizmetler Dairesi Ba\u015fkanl\u0131\u011f\u0131 b\u00fcnyesinde faaliyetlerini s\u00fcrd\u00fcren&nbsp;&#8216;Hello Mersin&#8217;&nbsp;yabanc\u0131 dil kul\u00fcb\u00fc kursiyerleri, yeni y\u0131l kutlamas\u0131nda bir araya geldi. \u0130ngilizce ve Almanca dillerinde kendini geli\u015ftirmek isteyen her ya\u015ftan Mersinli&#8217;nin severek kat\u0131ld\u0131\u011f\u0131 kul\u00fcpte kursiyerler, hem yeni y\u0131l\u0131n geli\u015fini kutlamak hem de [&hellip;]<\/p>\n","protected":false},"author":2,"featured_media":38349,"comment_status":"closed","ping_status":"closed","sticky":false,"template":"","format":"standard","meta":{"footnotes":""},"categories":[3],"tags":[],"class_list":["post-38348","post","type-post","status-publish","format-standard","has-post-thumbnail","hentry","category-manset"],"views":7,"_links":{"self":[{"href":"https:\/\/mersinkadingazetesi.com\/index.php?rest_route=\/wp\/v2\/posts\/38348"}],"collection":[{"href":"https:\/\/mersinkadingazetesi.com\/index.php?rest_route=\/wp\/v2\/posts"}],"about":[{"href":"https:\/\/mersinkadingazetesi.com\/index.php?rest_route=\/wp\/v2\/types\/post"}],"author":[{"embeddable":true,"href":"https:\/\/mersinkadingazetesi.com\/index.php?rest_route=\/wp\/v2\/users\/2"}],"replies":[{"embeddable":true,"href":"https:\/\/mersinkadingazetesi.com\/index.php?rest_route=%2Fwp%2Fv2%2Fcomments&post=38348"}],"version-history":[{"count":1,"href":"https:\/\/mersinkadingazetesi.com\/index.php?rest_route=\/wp\/v2\/posts\/38348\/revisions"}],"predecessor-version":[{"id":38350,"href":"https:\/\/mersinkadingazetesi.com\/index.php?rest_route=\/wp\/v2\/posts\/38348\/revisions\/38350"}],"wp:featuredmedia":[{"embeddable":true,"href":"https:\/\/mersinkadingazetesi.com\/index.php?rest_route=\/wp\/v2\/media\/38349"}],"wp:attachment":[{"href":"https:\/\/mersinkadingazetesi.com\/index.php?rest_route=%2Fwp%2Fv2%2Fmedia&parent=38348"}],"wp:term":[{"taxonomy":"category","embeddable":true,"href":"https:\/\/mersinkadingazetesi.com\/index.php?rest_route=%2Fwp%2Fv2%2Fcategories&post=38348"},{"taxonomy":"post_tag","embeddable":true,"href":"https:\/\/mersinkadingazetesi.com\/index.php?rest_route=%2Fwp%2Fv2%2Ftags&post=38348"}],"curies":[{"name":"wp","href":"https:\/\/api.w.org\/{rel}","templated":true}]}}