{"id":38351,"date":"2025-01-01T12:29:06","date_gmt":"2025-01-01T09:29:06","guid":{"rendered":"https:\/\/mersinkadingazetesi.com\/?p=38351"},"modified":"2025-01-01T12:29:06","modified_gmt":"2025-01-01T09:29:06","slug":"2025-heyecani-yilbasi-pazarinda-hayat-buldu","status":"publish","type":"post","link":"https:\/\/mersinkadingazetesi.com\/?p=38351","title":{"rendered":"2025 HEYECANI YILBA\u015eI PAZARI&#8217;NDA HAYAT BULDU"},"content":{"rendered":"\n<p>Mersin B\u00fcy\u00fck\u015fehir Belediye Ba\u015fkan\u0131 Vahap Se\u00e7er ve Meral Se\u00e7er, Mersin B\u00fcy\u00fck\u015fehir Belediyesi taraf\u0131ndan \u00d6zgecan Aslan Bar\u0131\u015f Meydan\u0131&#8217;na kurulan&nbsp;<strong><em>&#8216;Y\u0131lba\u015f\u0131 Pazar\u0131&#8217;<\/em><\/strong>n\u0131 gezdi. Geziye,&nbsp;Cumhuriyet Halk Partisi (CHP) Mersin Milletvekili G\u00fclcan K\u0131\u015f da e\u015flik etti. Mersin&#8217;i saran yeni y\u0131l ruhu, heyecan\u0131 ve ne\u015fesine ortak olan Ba\u015fkan Se\u00e7er ve Meral Se\u00e7er, yurtta\u015flar\u0131n yeni y\u0131l\u0131n\u0131 kutlayarak, Y\u0131lba\u015f\u0131 Pazar\u0131&#8217;nda stant a\u00e7an esnafa&nbsp;<strong><em>&#8216;Hay\u0131rl\u0131 \u0130\u015fler&#8217;<\/em><\/strong>&nbsp;diledi.<\/p>\n\n\n\n<p><a><\/a>Y\u0131lba\u015f\u0131 Pazar\u0131&#8217;nda vatanda\u015flar\u0131n ve \u00e7ocuklar\u0131n yo\u011fun ilgisi ile kar\u015f\u0131lanan Ba\u015fkan Se\u00e7er ve Meral Se\u00e7er, Mersinlilerin yeni y\u0131l\u0131n\u0131 kutlad\u0131.<a><\/a>&nbsp;<a><\/a>Stantlarda sat\u0131\u015f\u0131 yap\u0131lan lezzetlerin tad\u0131na bakan Ba\u015fkan Se\u00e7er ve Meral Se\u00e7er, Y\u0131lba\u015f\u0131 Pazar\u0131&#8217;nda sat\u0131\u015f yapan esnafa kolayl\u0131klar diledi. Se\u00e7er, Y\u0131lba\u015f\u0131 Pazar\u0131 ziyaret\u00e7ileri ile bol bol foto\u011fraf \u00e7ekildi.<\/p>\n\n\n\n<p><strong>2025 heyecan\u0131 Y\u0131lba\u015f\u0131 Pazar\u0131&#8217;nda hayat buldu<\/strong><\/p>\n\n\n\n<p>Mersin B\u00fcy\u00fck\u015fehir Belediyesi K\u00fclt\u00fcr ve Sosyal \u0130\u015fler Dairesi Ba\u015fkanl\u0131\u011f\u0131 taraf\u0131ndan organize edilen ve 75 stand\u0131n bulundu\u011fu Y\u0131lba\u015f\u0131 Pazar\u0131&#8217;nda yeni y\u0131l temal\u0131 hediyelik e\u015fyalar\u0131n sat\u0131ld\u0131\u011f\u0131 stantlar\u0131n yan\u0131 s\u0131ra, yiyecek ve i\u00e7ecek stantlar\u0131 da bulunuyor. Alana kurulan devasa \u00e7am a\u011fac\u0131 ile atl\u0131kar\u0131nca da hem vatanda\u015flardan hem de \u00e7ocuklardan yo\u011fun ilgi g\u00f6r\u00fcyor.<\/p>\n\n\n\n<p>Y\u0131lba\u015f\u0131 Pazar\u0131&#8217;nda kurulan sahnede bug\u00fcne kadar danslar, interaktif oyunlar ve mini konserler verildi. Y\u0131lba\u015f\u0131 Pazar\u0131&#8217;nda her g\u00fcn farkl\u0131 bir yerel sanat\u00e7\u0131 ve Mersin B\u00fcy\u00fck\u015fehir Belediyesi Kent Orkestras\u0131 sahne ald\u0131. Herkese ve her kesime hitap eden stantlar\u0131n oldu\u011fu B\u00fcy\u00fck\u015fehir Y\u0131lba\u015f\u0131 Pazar\u0131, Mersinlilere reng\u00e2renk g\u00fcnler ya\u015fatt\u0131.<\/p>\n","protected":false},"excerpt":{"rendered":"<p>Mersin B\u00fcy\u00fck\u015fehir Belediye Ba\u015fkan\u0131 Vahap Se\u00e7er ve Meral Se\u00e7er, Mersin B\u00fcy\u00fck\u015fehir Belediyesi taraf\u0131ndan \u00d6zgecan Aslan Bar\u0131\u015f Meydan\u0131&#8217;na kurulan&nbsp;&#8216;Y\u0131lba\u015f\u0131 Pazar\u0131&#8217;n\u0131 gezdi. Geziye,&nbsp;Cumhuriyet Halk Partisi (CHP) Mersin Milletvekili G\u00fclcan K\u0131\u015f da e\u015flik etti. Mersin&#8217;i saran yeni y\u0131l ruhu, heyecan\u0131 ve ne\u015fesine ortak olan Ba\u015fkan Se\u00e7er ve Meral Se\u00e7er, yurtta\u015flar\u0131n yeni y\u0131l\u0131n\u0131 kutlayarak, Y\u0131lba\u015f\u0131 Pazar\u0131&#8217;nda stant a\u00e7an esnafa&nbsp;&#8216;Hay\u0131rl\u0131 [&hellip;]<\/p>\n","protected":false},"author":2,"featured_media":38352,"comment_status":"closed","ping_status":"closed","sticky":false,"template":"","format":"standard","meta":{"footnotes":""},"categories":[3],"tags":[],"class_list":["post-38351","post","type-post","status-publish","format-standard","has-post-thumbnail","hentry","category-manset"],"views":9,"_links":{"self":[{"href":"https:\/\/mersinkadingazetesi.com\/index.php?rest_route=\/wp\/v2\/posts\/38351"}],"collection":[{"href":"https:\/\/mersinkadingazetesi.com\/index.php?rest_route=\/wp\/v2\/posts"}],"about":[{"href":"https:\/\/mersinkadingazetesi.com\/index.php?rest_route=\/wp\/v2\/types\/post"}],"author":[{"embeddable":true,"href":"https:\/\/mersinkadingazetesi.com\/index.php?rest_route=\/wp\/v2\/users\/2"}],"replies":[{"embeddable":true,"href":"https:\/\/mersinkadingazetesi.com\/index.php?rest_route=%2Fwp%2Fv2%2Fcomments&post=38351"}],"version-history":[{"count":1,"href":"https:\/\/mersinkadingazetesi.com\/index.php?rest_route=\/wp\/v2\/posts\/38351\/revisions"}],"predecessor-version":[{"id":38353,"href":"https:\/\/mersinkadingazetesi.com\/index.php?rest_route=\/wp\/v2\/posts\/38351\/revisions\/38353"}],"wp:featuredmedia":[{"embeddable":true,"href":"https:\/\/mersinkadingazetesi.com\/index.php?rest_route=\/wp\/v2\/media\/38352"}],"wp:attachment":[{"href":"https:\/\/mersinkadingazetesi.com\/index.php?rest_route=%2Fwp%2Fv2%2Fmedia&parent=38351"}],"wp:term":[{"taxonomy":"category","embeddable":true,"href":"https:\/\/mersinkadingazetesi.com\/index.php?rest_route=%2Fwp%2Fv2%2Fcategories&post=38351"},{"taxonomy":"post_tag","embeddable":true,"href":"https:\/\/mersinkadingazetesi.com\/index.php?rest_route=%2Fwp%2Fv2%2Ftags&post=38351"}],"curies":[{"name":"wp","href":"https:\/\/api.w.org\/{rel}","templated":true}]}}