{"id":38366,"date":"2025-01-02T11:43:35","date_gmt":"2025-01-02T08:43:35","guid":{"rendered":"https:\/\/mersinkadingazetesi.com\/?p=38366"},"modified":"2025-01-02T11:43:36","modified_gmt":"2025-01-02T08:43:36","slug":"milletvekili-uysal-mersinimizin-kurtulusunun-103-yili-kutlu-olsun","status":"publish","type":"post","link":"https:\/\/mersinkadingazetesi.com\/?p=38366","title":{"rendered":"M\u0130LLETVEK\u0130L\u0130 UYSAL: MERS\u0130N\u2019\u0130M\u0130Z\u0130N KURTULU\u015eUNUN 103. YILI KUTLU OLSUN"},"content":{"rendered":"\n<p>Milliyet\u00e7i Hareket Partisi Mersin Milletvekili ve MYK \u00dcyesi Dr. Levent Uysal 3 Ocak Mersin\u2019in d\u00fc\u015fman i\u015fgalinden kurtulu\u015funun 103\u2019\u00fcnc\u00fc y\u0131l d\u00f6n\u00fcm\u00fcyle ilgili yaz\u0131l\u0131 mesaj yay\u0131mlad\u0131.<\/p>\n\n\n\n<p>Milletvekili Uysal mesaj\u0131nda \u015fu ifadelere yer verdi;<\/p>\n\n\n\n<p><strong>\u201cBinlerce y\u0131ll\u0131k medeniyete ev sahipli\u011fi yapan g\u00fczel Mersin\u2019imiz tam 103 y\u0131l \u00f6nce bug\u00fcn ba\u011f\u0131ms\u0131zl\u0131\u011f\u0131n\u0131 kazand\u0131. Mersin\u2019imiz milli birlik ve dayan\u0131\u015fma \u00f6rne\u011fi g\u00f6stererek d\u00fc\u015fmana korku salm\u0131\u015ft\u0131r, bu topraklar\u0131 kendine vatan k\u0131lm\u0131\u015ft\u0131r. 3 Ocak 1922 tarihi, biz Mersinliler i\u00e7in demokrasi ve \u00f6zg\u00fcrl\u00fc\u011fe aralanan kap\u0131n\u0131n tarihi olmu\u015ftur. Cumhuriyetimizin kurucusu Gazi Mustafa Kemal Atat\u00fcrk\u2019\u00fcn \u2018Mersinliler! Mersin\u2019e sahip \u00e7\u0131k\u0131n\u0131z!\u2019 s\u00f6z\u00fcn\u00fc sadece 3 Ocak\u2019ta de\u011fil her g\u00fcn her an akl\u0131m\u0131zda tutmal\u0131 ve kaliteli hizmeti hem\u015fehrilerimize sunmal\u0131y\u0131z. Ta\u015f\u0131, topra\u011f\u0131 ayr\u0131 cennet olan Mersin\u2019imizde 103 y\u0131ld\u0131r yanan ba\u011f\u0131ms\u0131zl\u0131k me\u015falesi ilelebet s\u00fcrecek. Mersin\u2019de ya\u015fayan her vatanda\u015f\u0131m\u0131z\u0131n Mersinlilik bilinci kazanmas\u0131 noktas\u0131nda biz de \u00fczerimize d\u00fc\u015feni yapacak ve \u00e7al\u0131\u015fmalar\u0131m\u0131z\u0131 h\u0131z kesmeden s\u00fcrd\u00fcrece\u011fiz. D\u00fcnyan\u0131n en g\u00fczel ve marka kent olabilme potansiyeli y\u00fcksek Mersin\u2019imizin kurtulu\u015funun 103\u2019\u00fcnc\u00fc y\u0131l\u0131 kutlu olsun. Bu vesileyle T\u00fcrkiye Cumhuriyeti Devleti\u2019nin kurucusu Gazi Mustafa Kemal Atat\u00fcrk ve silah arkada\u015flar\u0131 ba\u015fta olmak \u00fczere kurtulu\u015f m\u00fccadelesinde can\u0131n\u0131 feda eden Aziz \u015fehitlerimizi rahmetle an\u0131yor, gazilerimize \u015f\u00fckranlar\u0131m\u0131 sunuyorum.\u201d<\/strong><\/p>\n","protected":false},"excerpt":{"rendered":"<p>Milliyet\u00e7i Hareket Partisi Mersin Milletvekili ve MYK \u00dcyesi Dr. Levent Uysal 3 Ocak Mersin\u2019in d\u00fc\u015fman i\u015fgalinden kurtulu\u015funun 103\u2019\u00fcnc\u00fc y\u0131l d\u00f6n\u00fcm\u00fcyle ilgili yaz\u0131l\u0131 mesaj yay\u0131mlad\u0131. Milletvekili Uysal mesaj\u0131nda \u015fu ifadelere yer verdi; \u201cBinlerce y\u0131ll\u0131k medeniyete ev sahipli\u011fi yapan g\u00fczel Mersin\u2019imiz tam 103 y\u0131l \u00f6nce bug\u00fcn ba\u011f\u0131ms\u0131zl\u0131\u011f\u0131n\u0131 kazand\u0131. Mersin\u2019imiz milli birlik ve dayan\u0131\u015fma \u00f6rne\u011fi g\u00f6stererek d\u00fc\u015fmana korku [&hellip;]<\/p>\n","protected":false},"author":2,"featured_media":37074,"comment_status":"closed","ping_status":"closed","sticky":false,"template":"","format":"standard","meta":{"footnotes":""},"categories":[3],"tags":[],"class_list":["post-38366","post","type-post","status-publish","format-standard","has-post-thumbnail","hentry","category-manset"],"views":3,"_links":{"self":[{"href":"https:\/\/mersinkadingazetesi.com\/index.php?rest_route=\/wp\/v2\/posts\/38366"}],"collection":[{"href":"https:\/\/mersinkadingazetesi.com\/index.php?rest_route=\/wp\/v2\/posts"}],"about":[{"href":"https:\/\/mersinkadingazetesi.com\/index.php?rest_route=\/wp\/v2\/types\/post"}],"author":[{"embeddable":true,"href":"https:\/\/mersinkadingazetesi.com\/index.php?rest_route=\/wp\/v2\/users\/2"}],"replies":[{"embeddable":true,"href":"https:\/\/mersinkadingazetesi.com\/index.php?rest_route=%2Fwp%2Fv2%2Fcomments&post=38366"}],"version-history":[{"count":1,"href":"https:\/\/mersinkadingazetesi.com\/index.php?rest_route=\/wp\/v2\/posts\/38366\/revisions"}],"predecessor-version":[{"id":38367,"href":"https:\/\/mersinkadingazetesi.com\/index.php?rest_route=\/wp\/v2\/posts\/38366\/revisions\/38367"}],"wp:featuredmedia":[{"embeddable":true,"href":"https:\/\/mersinkadingazetesi.com\/index.php?rest_route=\/wp\/v2\/media\/37074"}],"wp:attachment":[{"href":"https:\/\/mersinkadingazetesi.com\/index.php?rest_route=%2Fwp%2Fv2%2Fmedia&parent=38366"}],"wp:term":[{"taxonomy":"category","embeddable":true,"href":"https:\/\/mersinkadingazetesi.com\/index.php?rest_route=%2Fwp%2Fv2%2Fcategories&post=38366"},{"taxonomy":"post_tag","embeddable":true,"href":"https:\/\/mersinkadingazetesi.com\/index.php?rest_route=%2Fwp%2Fv2%2Ftags&post=38366"}],"curies":[{"name":"wp","href":"https:\/\/api.w.org\/{rel}","templated":true}]}}