{"id":38377,"date":"2025-01-02T11:50:35","date_gmt":"2025-01-02T08:50:35","guid":{"rendered":"https:\/\/mersinkadingazetesi.com\/?p=38377"},"modified":"2025-01-02T11:50:35","modified_gmt":"2025-01-02T08:50:35","slug":"akkuyu-nukleer-a-s-nin-duzenledigi-ulusal-cocuk-resim-yarismasinin-kazananlari-belli-oldu","status":"publish","type":"post","link":"https:\/\/mersinkadingazetesi.com\/?p=38377","title":{"rendered":"AKKUYU N\u00dcKLEER A.\u015e.\u2019N\u0130N D\u00dcZENLED\u0130\u011e\u0130 ULUSAL \u00c7OCUK RES\u0130M YARI\u015eMASI\u2019NIN KAZANANLARI BELL\u0130 OLDU\u00a0"},"content":{"rendered":"\n<p>AKKUYU N\u00dcKLEER A.\u015e.\u2019nin \u00e7evrim i\u00e7i olarak d\u00fczenledi\u011fi Ulusal \u00c7ocuk Resim Yar\u0131\u015fmas\u0131\u2019na \u0130stanbul, Ankara ve Mersin ba\u015fta olmak \u00fczere T\u00fcrkiye&#8217;nin d\u00f6rt bir yan\u0131ndan pek \u00e7ok ki\u015fi kat\u0131ld\u0131.<br>Bu y\u0131lki yar\u0131\u015fman\u0131n temas\u0131 \u201cNGS \u0130n\u015faat\u00e7\u0131lar\u0131 \u015eehri\u201d oldu. Kat\u0131l\u0131mc\u0131lar, yarat\u0131c\u0131 \u00e7al\u0131\u015fmalar\u0131nda; NGS in\u015faat\u00e7\u0131lar\u0131n\u0131n ya\u015fad\u0131\u011f\u0131 y\u00fcksek teknolojiye sahip, iyi tasarlanm\u0131\u015f, g\u00fcvenli ve yenilik\u00e7i bir \u015fehri tasvir ettiler.<br>J\u00fcri \u00fcyeleri, kat\u0131l\u0131mc\u0131lar\u0131n eserlerini uygulama tekni\u011fi, fikrin \u00f6zg\u00fcnl\u00fc\u011f\u00fc ve yar\u0131\u015fma temas\u0131na uygunluk a\u00e7\u0131s\u0131ndan de\u011ferlendirdi.<br>Akkuyu N\u00fckleer A.\u015e. Genel M\u00fcd\u00fcr\u00fc Sergey Butckikh, konuyla ilgili olarak yapt\u0131\u011f\u0131 a\u00e7\u0131klamada \u015funlar\u0131 s\u00f6yledi: \u201cAkkuyu NGS projesinin hayata ge\u00e7irilmesi, T\u00fcrkiye&#8217;de yeni bir y\u00fcksek teknoloji end\u00fcstrisinin olu\u015fmas\u0131na zemin haz\u0131rlayacak ve bu da ekonomik, teknolojik ve bilimsel geli\u015fmeye ivme kazand\u0131racakt\u0131r. NGS&#8217;lerin en \u00f6nemli avantajlar\u0131ndan biri, ayn\u0131 anda bir\u00e7ok alanda fayda sa\u011flayabilmeleridir. Kapsaml\u0131 bir e\u011fitim program\u0131ndan ge\u00e7en gen\u00e7 T\u00fcrk n\u00fckleer m\u00fchendisler \u015fu anda projede \u00e7al\u0131\u015f\u0131yor. Onlar \u00fclkenin en se\u00e7kin m\u00fchendisleri ve teknik uzmanlar\u0131d\u0131r. \u00dclke ve b\u00f6lge halk\u0131n\u0131, \u00f6zellikle de gen\u00e7 nesli n\u00fckleer teknolojilerle tan\u0131\u015ft\u0131rmak bizim i\u00e7in \u00e7ok \u00f6nemli. Her y\u0131l \u00e7ocuklar i\u00e7in yarat\u0131c\u0131 yar\u0131\u015fmalar d\u00fczenliyoruz ve n\u00fckleer teknoloji konusunun \u00e7ocuklar aras\u0131nda her zaman g\u00f6rd\u00fc\u011f\u00fc ilgiden b\u00fcy\u00fck memnuniyet duyuyoruz. Bu y\u0131l, gen\u00e7 kat\u0131l\u0131mc\u0131lar\u0131 n\u00fckleer teknolojinin hem enerji \u00fcretiminde hem de ya\u015fam\u0131n her alan\u0131nda kullan\u0131ld\u0131\u011f\u0131 gelece\u011fin \u015fehrini hayal etmeye davet ettik. T\u00fcm resimler harika, her bir eser bizim i\u00e7in \u00e7ok de\u011ferli ve ilgi \u00e7ekici.\u201d<br>Her ya\u015f kategorisinde kazananlar\u0131n isimleri \u015f\u00f6yle:<br>5-8 ya\u015f kategorisinde; birinci Nuh Emin Yaz\u0131c\u0131, ikinci Galina Mileshina ve \u00fc\u00e7\u00fcnc\u00fc Milena Kopylova oldu.<br>9-11 ya\u015f kategorisinde kazananlar; birinci Karin Berra Karag\u00f6z, ikinci Cengizhan Kisecik ve \u00fc\u00e7\u00fcnc\u00fc Arina Muratova olarak s\u0131raland\u0131.<br>12-14 ya\u015f aras\u0131 kategorisinde de birinci Aysha Faizrahmanova, ikinci Kamil Khanbikov ve \u00fc\u00e7\u00fcnc\u00fc Mariia Neumytova oldu.<br>\u201cEn Yarat\u0131c\u0131 Eser\u201d \u00f6zel kategorisinde ise; 5-8 ya\u015fta Galina Mileshina, 9-11 ya\u015fta Varvara Khromykh ve 12-14 ya\u015fta Mariia Neumytova \u00f6d\u00fcle lay\u0131k g\u00f6r\u00fcld\u00fc.<br>AKKUYU N\u00dcKLEER A.\u015e. her ya\u015f kategorisinde kazananlar\u0131 \u00e7e\u015fitli hediyelerle \u00f6d\u00fcllendirecek.<\/p>\n","protected":false},"excerpt":{"rendered":"<p>AKKUYU N\u00dcKLEER A.\u015e.\u2019nin \u00e7evrim i\u00e7i olarak d\u00fczenledi\u011fi Ulusal \u00c7ocuk Resim Yar\u0131\u015fmas\u0131\u2019na \u0130stanbul, Ankara ve Mersin ba\u015fta olmak \u00fczere T\u00fcrkiye&#8217;nin d\u00f6rt bir yan\u0131ndan pek \u00e7ok ki\u015fi kat\u0131ld\u0131.Bu y\u0131lki yar\u0131\u015fman\u0131n temas\u0131 \u201cNGS \u0130n\u015faat\u00e7\u0131lar\u0131 \u015eehri\u201d oldu. Kat\u0131l\u0131mc\u0131lar, yarat\u0131c\u0131 \u00e7al\u0131\u015fmalar\u0131nda; NGS in\u015faat\u00e7\u0131lar\u0131n\u0131n ya\u015fad\u0131\u011f\u0131 y\u00fcksek teknolojiye sahip, iyi tasarlanm\u0131\u015f, g\u00fcvenli ve yenilik\u00e7i bir \u015fehri tasvir ettiler.J\u00fcri \u00fcyeleri, kat\u0131l\u0131mc\u0131lar\u0131n eserlerini uygulama [&hellip;]<\/p>\n","protected":false},"author":2,"featured_media":38378,"comment_status":"closed","ping_status":"closed","sticky":false,"template":"","format":"standard","meta":{"footnotes":""},"categories":[3],"tags":[],"class_list":["post-38377","post","type-post","status-publish","format-standard","has-post-thumbnail","hentry","category-manset"],"views":7,"_links":{"self":[{"href":"https:\/\/mersinkadingazetesi.com\/index.php?rest_route=\/wp\/v2\/posts\/38377"}],"collection":[{"href":"https:\/\/mersinkadingazetesi.com\/index.php?rest_route=\/wp\/v2\/posts"}],"about":[{"href":"https:\/\/mersinkadingazetesi.com\/index.php?rest_route=\/wp\/v2\/types\/post"}],"author":[{"embeddable":true,"href":"https:\/\/mersinkadingazetesi.com\/index.php?rest_route=\/wp\/v2\/users\/2"}],"replies":[{"embeddable":true,"href":"https:\/\/mersinkadingazetesi.com\/index.php?rest_route=%2Fwp%2Fv2%2Fcomments&post=38377"}],"version-history":[{"count":1,"href":"https:\/\/mersinkadingazetesi.com\/index.php?rest_route=\/wp\/v2\/posts\/38377\/revisions"}],"predecessor-version":[{"id":38379,"href":"https:\/\/mersinkadingazetesi.com\/index.php?rest_route=\/wp\/v2\/posts\/38377\/revisions\/38379"}],"wp:featuredmedia":[{"embeddable":true,"href":"https:\/\/mersinkadingazetesi.com\/index.php?rest_route=\/wp\/v2\/media\/38378"}],"wp:attachment":[{"href":"https:\/\/mersinkadingazetesi.com\/index.php?rest_route=%2Fwp%2Fv2%2Fmedia&parent=38377"}],"wp:term":[{"taxonomy":"category","embeddable":true,"href":"https:\/\/mersinkadingazetesi.com\/index.php?rest_route=%2Fwp%2Fv2%2Fcategories&post=38377"},{"taxonomy":"post_tag","embeddable":true,"href":"https:\/\/mersinkadingazetesi.com\/index.php?rest_route=%2Fwp%2Fv2%2Ftags&post=38377"}],"curies":[{"name":"wp","href":"https:\/\/api.w.org\/{rel}","templated":true}]}}