{"id":38380,"date":"2025-01-02T11:56:27","date_gmt":"2025-01-02T08:56:27","guid":{"rendered":"https:\/\/mersinkadingazetesi.com\/?p=38380"},"modified":"2025-01-02T11:56:28","modified_gmt":"2025-01-02T08:56:28","slug":"mesiad-baskani-adnan-gundogdunun-3-ocak-mersinin-dusman-isgalinden-kurtulusu-mesaji","status":"publish","type":"post","link":"https:\/\/mersinkadingazetesi.com\/?p=38380","title":{"rendered":"MES\u0130AD Ba\u015fkan\u0131 Adnan G\u00fcndo\u011fdu&#8217;nun 3 Ocak Mersin&#8217;in D\u00fc\u015fman \u0130\u015fgalinden Kurtulu\u015fu Mesaj\u0131"},"content":{"rendered":"\n<p>MES\u0130AD Ba\u015fkan\u0131 Adnan G\u00fcndo\u011fdu 3 Ocak Mersin&#8217;in D\u00fc\u015fman \u0130\u015fgalinden Kurtulu\u015fu dolay\u0131s\u0131yla mesaj yay\u0131nlad\u0131.<\/p>\n\n\n\n<p>G\u00fcndo\u011fdu, &#8221;Bug\u00fcn, Mersin&#8217;imizin d\u00fc\u015fman i\u015fgalinden kurtulu\u015funun 103. y\u0131l d\u00f6n\u00fcm\u00fcn\u00fc gurur ve co\u015fku i\u00e7inde kutlaman\u0131n onurunu ya\u015f\u0131yoruz. 3 Ocak 1922, T\u00fcrk milletinin ba\u011f\u0131ms\u0131zl\u0131k ve \u00f6zg\u00fcrl\u00fck m\u00fccadelesinin simgelerinden biri olarak tarihimizdeki yerini alm\u0131\u015ft\u0131r. Mersin, o d\u00f6nemde oldu\u011fu gibi, bug\u00fcn de g\u00fcc\u00fcn\u00fc birli\u011finden, beraberli\u011finden almakta ve her ge\u00e7en g\u00fcn daha ayd\u0131nl\u0131k yar\u0131nlara do\u011fru ilerlemektedir. Bu \u00f6zel g\u00fcnde, ba\u015fta Gazi Mustafa Kemal Atat\u00fcrk ve silah arkada\u015flar\u0131 olmak \u00fczere, t\u00fcm \u015fehitlerimizi rahmet ve minnetle an\u0131yor, onlar\u0131n bizlere emanet etti\u011fi bu kutsal topraklarda, \u00f6zg\u00fcr ve ba\u011f\u0131ms\u0131z bir \u015fekilde ya\u015famaya devam edece\u011fimizi bir kez daha vurguluyoruz.&#8221; dedi.<\/p>\n\n\n\n<p>G\u00fcndo\u011fdu \u015f\u00f6yle devam etti;<\/p>\n\n\n\n<p>&#8221;Mersin, tarih boyunca oldu\u011fu gibi, bug\u00fcn de her t\u00fcrl\u00fc zorlu\u011fun \u00fcstesinden gelerek, geli\u015fen ekonomisi, i\u015f g\u00fcc\u00fc ve g\u00fc\u00e7l\u00fc sivil toplum yap\u0131s\u0131yla \u00fclkemizin kalk\u0131nmas\u0131nda \u00f6nemli bir rol oynamaktad\u0131r. MES\u0130AD olarak, bizler de Mersin&#8217;in ekonomisine de\u011fer katmak, \u015fehrimizi daha parlak bir gelece\u011fe ta\u015f\u0131mak i\u00e7in ayn\u0131 kararl\u0131l\u0131kla \u00e7al\u0131\u015fmalar\u0131m\u0131za devam edece\u011fiz. 3 Ocak, sadece bir zaferin y\u0131ld\u00f6n\u00fcm\u00fc de\u011fil, ayn\u0131 zamanda bizlere birlik, beraberlik ve vatan sevgisinin g\u00fcc\u00fcn\u00fc hat\u0131rlatan bir g\u00fcnd\u00fcr. Bu duygu ve d\u00fc\u015f\u00fcncelerle, ba\u015fta Mersinli hem\u015fehrilerimiz olmak \u00fczere t\u00fcm halk\u0131m\u0131z\u0131n Kurtulu\u015f G\u00fcn\u00fc\u2019n\u00fc kutluyor, ba\u015fta Gazi Mustafa Kemal Atat\u00fcrk ve t\u00fcm \u015fehitlerimize rahmet diliyoruz.&#8221;<\/p>\n","protected":false},"excerpt":{"rendered":"<p>MES\u0130AD Ba\u015fkan\u0131 Adnan G\u00fcndo\u011fdu 3 Ocak Mersin&#8217;in D\u00fc\u015fman \u0130\u015fgalinden Kurtulu\u015fu dolay\u0131s\u0131yla mesaj yay\u0131nlad\u0131. G\u00fcndo\u011fdu, &#8221;Bug\u00fcn, Mersin&#8217;imizin d\u00fc\u015fman i\u015fgalinden kurtulu\u015funun 103. y\u0131l d\u00f6n\u00fcm\u00fcn\u00fc gurur ve co\u015fku i\u00e7inde kutlaman\u0131n onurunu ya\u015f\u0131yoruz. 3 Ocak 1922, T\u00fcrk milletinin ba\u011f\u0131ms\u0131zl\u0131k ve \u00f6zg\u00fcrl\u00fck m\u00fccadelesinin simgelerinden biri olarak tarihimizdeki yerini alm\u0131\u015ft\u0131r. Mersin, o d\u00f6nemde oldu\u011fu gibi, bug\u00fcn de g\u00fcc\u00fcn\u00fc birli\u011finden, beraberli\u011finden almakta [&hellip;]<\/p>\n","protected":false},"author":2,"featured_media":38381,"comment_status":"closed","ping_status":"closed","sticky":false,"template":"","format":"standard","meta":{"footnotes":""},"categories":[3],"tags":[],"class_list":["post-38380","post","type-post","status-publish","format-standard","has-post-thumbnail","hentry","category-manset"],"views":7,"_links":{"self":[{"href":"https:\/\/mersinkadingazetesi.com\/index.php?rest_route=\/wp\/v2\/posts\/38380"}],"collection":[{"href":"https:\/\/mersinkadingazetesi.com\/index.php?rest_route=\/wp\/v2\/posts"}],"about":[{"href":"https:\/\/mersinkadingazetesi.com\/index.php?rest_route=\/wp\/v2\/types\/post"}],"author":[{"embeddable":true,"href":"https:\/\/mersinkadingazetesi.com\/index.php?rest_route=\/wp\/v2\/users\/2"}],"replies":[{"embeddable":true,"href":"https:\/\/mersinkadingazetesi.com\/index.php?rest_route=%2Fwp%2Fv2%2Fcomments&post=38380"}],"version-history":[{"count":1,"href":"https:\/\/mersinkadingazetesi.com\/index.php?rest_route=\/wp\/v2\/posts\/38380\/revisions"}],"predecessor-version":[{"id":38382,"href":"https:\/\/mersinkadingazetesi.com\/index.php?rest_route=\/wp\/v2\/posts\/38380\/revisions\/38382"}],"wp:featuredmedia":[{"embeddable":true,"href":"https:\/\/mersinkadingazetesi.com\/index.php?rest_route=\/wp\/v2\/media\/38381"}],"wp:attachment":[{"href":"https:\/\/mersinkadingazetesi.com\/index.php?rest_route=%2Fwp%2Fv2%2Fmedia&parent=38380"}],"wp:term":[{"taxonomy":"category","embeddable":true,"href":"https:\/\/mersinkadingazetesi.com\/index.php?rest_route=%2Fwp%2Fv2%2Fcategories&post=38380"},{"taxonomy":"post_tag","embeddable":true,"href":"https:\/\/mersinkadingazetesi.com\/index.php?rest_route=%2Fwp%2Fv2%2Ftags&post=38380"}],"curies":[{"name":"wp","href":"https:\/\/api.w.org\/{rel}","templated":true}]}}