{"id":38383,"date":"2025-01-02T11:58:13","date_gmt":"2025-01-02T08:58:13","guid":{"rendered":"https:\/\/mersinkadingazetesi.com\/?p=38383"},"modified":"2025-01-02T11:58:14","modified_gmt":"2025-01-02T08:58:14","slug":"artik-orijinal-limon-suyu-ve-soslari-tuketecegiz","status":"publish","type":"post","link":"https:\/\/mersinkadingazetesi.com\/?p=38383","title":{"rendered":"&#8216;Art\u0131k Orijinal Limon Suyu ve Soslar\u0131 T\u00fcketece\u011fiz&#8217;"},"content":{"rendered":"\n<p>G\u0131da sekt\u00f6r\u00fcnde&nbsp;limonun kullan\u0131m\u0131na ili\u015fkin son yap\u0131lan d\u00fczenlemelere&nbsp;dair Mersin Ticaret Odas\u0131 Ba\u015fkan\u0131 \u00d6. Abdullah \u00d6zdemir a\u00e7\u0131klamalarda bulundu.<\/p>\n\n\n\n<p>\u00d6zdemir, &#8221;31 Ocak 2024 tarihli Resm\u00ee Gazetede yay\u0131nlanan y\u00f6netmelik de\u011fi\u015fikli\u011fi gere\u011fince 1 Ocak 2025\u2019ten itibaren limon suyu izlenimi veren; limon&nbsp;aromal\u0131&nbsp;sos, limon sosu, limonlu sos ve benzeri isimlerle limon suyu benzeri \u00fcr\u00fcnler yurt i\u00e7inde piyasaya arz edilemeyecek, raflarda yer alamayacak ve sat\u0131\u015fa sunulamayacak.&nbsp;T\u00fcrkiye \u0130statistik Kurumu (T\u00dc\u0130K) taraf\u0131ndan a\u00e7\u0131klanan verilere g\u00f6re T\u00fcrkiye\u2019nin 2024 y\u0131l\u0131 limon \u00fcretimi 1 milyon 730 bin ton olarak ger\u00e7ekle\u015fti. Son be\u015f y\u0131ld\u0131r \u00fclkemizin \u00fcretti\u011fi limonun y\u00fczde 30 ila y\u00fczde 45\u2019lik b\u00f6l\u00fcm\u00fc ihracata gidiyor. \u0130\u00e7 t\u00fcketim ise y\u00fczde 45-50 band\u0131nda de\u011fi\u015fiyor. 2\u2019nci kalite ve \u0131skarta olarak nitelendirilen ve sofral\u0131k niteli\u011fi ta\u015f\u0131mayan limonlar sanayide kullan\u0131l\u0131yor. 1 Ocak 2025 itibariyle uygulanmaya ba\u015flanan bu karar\u0131n t\u00fcketicilere olumlu yans\u0131yaca\u011f\u0131n\u0131, sa\u011fl\u0131kl\u0131 ve g\u00fcvenilir g\u0131daya kesintisiz ula\u015f\u0131m\u0131n sa\u011flanmas\u0131 a\u00e7\u0131s\u0131ndan b\u00fcy\u00fck \u00f6nem ta\u015f\u0131d\u0131\u011f\u0131n\u0131 d\u00fc\u015f\u00fcn\u00fcyorum.&#8221; dedi.<\/p>\n\n\n\n<p><strong>&#8221;En \u0130yi G\u0131da Denet\u00e7ileri Biz T\u00fcketicileriz&#8221;<\/strong><\/p>\n\n\n\n<p>\u00d6zdemir \u015f\u00f6yle devam etti;<\/p>\n\n\n\n<p>&#8221;B\u00f6ylece t\u00fcketicilerimiz kimyasallar ihtiva etmeyen, yanl\u0131\u015f alg\u0131 olu\u015fturan ve sa\u011fl\u0131k y\u00f6n\u00fcyle riskli \u00fcr\u00fcnler yerine, \u00e7ift\u00e7ilerimizin b\u00fcy\u00fck emek harcad\u0131\u011f\u0131 ve al\u0131n teri d\u00f6kt\u00fc\u011f\u00fc orijinal limon kullan\u0131larak \u00fcretilen \u00fcr\u00fcnler t\u00fcketeceklerdir. Bu karar ayr\u0131ca t\u00fcketicilerin yan\u0131lt\u0131lmas\u0131n\u0131 da \u00f6nleyerek, taklit ve ta\u011f\u015fi\u015fin \u00f6n\u00fcne ge\u00e7ilmesi y\u00f6n\u00fcyle olduk\u00e7a de\u011ferli bir ad\u0131md\u0131r. Ayn\u0131 zamanda, 2\u2019nci kalite ve \u0131skarta limonlar\u0131m\u0131z israf olmay\u0131p, limon \u00fcreticilerimizin de kazan\u00e7lar\u0131 artacakt\u0131r. Bu \u015fekilde, \u00fc\u00e7l\u00fc sac aya\u011f\u0131n\u0131n her birini olu\u015fturan hem t\u00fcketicilerimiz hem de limon \u00fcreticilerimiz ile \u00fclke ekonomimiz kazanacakt\u0131r.&nbsp;Tar\u0131m ve Orman Bakanl\u0131\u011f\u0131 \u00f6zellikle son d\u00f6nemde \u00e7al\u0131\u015fmalar\u0131n\u0131 daha fazla yo\u011funla\u015ft\u0131rarak, t\u00fcketici sa\u011fl\u0131\u011f\u0131n\u0131n korunmas\u0131 a\u00e7\u0131s\u0131ndan \u00e7ok s\u0131k\u0131 denetimler uyguluyor ve a\u011f\u0131r, cayd\u0131r\u0131c\u0131 cezai yapt\u0131r\u0131mlarda bulunuyor. Bu konuda hem bilin\u00e7li davranmak hem de Bakanl\u0131\u011f\u0131m\u0131z\u0131n \u00e7al\u0131\u015fmalar\u0131n\u0131n daha verimli bir zeminde ilerlemesini sa\u011flamak i\u00e7in biz t\u00fcketicilere de \u00f6nemli sorumluluk ve g\u00f6rev d\u00fc\u015f\u00fcyor. T\u00fcketiciler olarak g\u0131da etiketlerinin dikkatli okunmas\u0131, \u015fik\u00e2yet, \u00f6neri ve ihbarlar\u0131n Bakanl\u0131\u011f\u0131m\u0131z\u0131n ilgili ileti\u015fim kanallar\u0131na iletilmesi b\u00fcy\u00fck \u00f6nem ta\u015f\u0131yor. Dolay\u0131s\u0131yla en iyi g\u0131da denet\u00e7ileri biz t\u00fcketicileriz.&nbsp;Al\u0131nan bu karar ile hem t\u00fcketicilerimizin hem de limon \u00fcreticilerimizin sorunlar\u0131n\u0131 sahiplenerek ve \u00e7\u00f6z\u00fcm \u00fcreterek bizlerin yan\u0131nda olan Say\u0131n Bakan\u0131m\u0131z \u0130brahim Yumakl\u0131\u2019ya te\u015fekk\u00fcr ederiz.&#8221;<\/p>\n","protected":false},"excerpt":{"rendered":"<p>G\u0131da sekt\u00f6r\u00fcnde&nbsp;limonun kullan\u0131m\u0131na ili\u015fkin son yap\u0131lan d\u00fczenlemelere&nbsp;dair Mersin Ticaret Odas\u0131 Ba\u015fkan\u0131 \u00d6. Abdullah \u00d6zdemir a\u00e7\u0131klamalarda bulundu. \u00d6zdemir, &#8221;31 Ocak 2024 tarihli Resm\u00ee Gazetede yay\u0131nlanan y\u00f6netmelik de\u011fi\u015fikli\u011fi gere\u011fince 1 Ocak 2025\u2019ten itibaren limon suyu izlenimi veren; limon&nbsp;aromal\u0131&nbsp;sos, limon sosu, limonlu sos ve benzeri isimlerle limon suyu benzeri \u00fcr\u00fcnler yurt i\u00e7inde piyasaya arz edilemeyecek, raflarda yer alamayacak [&hellip;]<\/p>\n","protected":false},"author":2,"featured_media":30002,"comment_status":"closed","ping_status":"closed","sticky":false,"template":"","format":"standard","meta":{"footnotes":""},"categories":[8,34,3,5],"tags":[],"class_list":["post-38383","post","type-post","status-publish","format-standard","has-post-thumbnail","hentry","category-ekonomi","category-flas-haber","category-manset","category-mersin"],"views":14,"_links":{"self":[{"href":"https:\/\/mersinkadingazetesi.com\/index.php?rest_route=\/wp\/v2\/posts\/38383"}],"collection":[{"href":"https:\/\/mersinkadingazetesi.com\/index.php?rest_route=\/wp\/v2\/posts"}],"about":[{"href":"https:\/\/mersinkadingazetesi.com\/index.php?rest_route=\/wp\/v2\/types\/post"}],"author":[{"embeddable":true,"href":"https:\/\/mersinkadingazetesi.com\/index.php?rest_route=\/wp\/v2\/users\/2"}],"replies":[{"embeddable":true,"href":"https:\/\/mersinkadingazetesi.com\/index.php?rest_route=%2Fwp%2Fv2%2Fcomments&post=38383"}],"version-history":[{"count":1,"href":"https:\/\/mersinkadingazetesi.com\/index.php?rest_route=\/wp\/v2\/posts\/38383\/revisions"}],"predecessor-version":[{"id":38384,"href":"https:\/\/mersinkadingazetesi.com\/index.php?rest_route=\/wp\/v2\/posts\/38383\/revisions\/38384"}],"wp:featuredmedia":[{"embeddable":true,"href":"https:\/\/mersinkadingazetesi.com\/index.php?rest_route=\/wp\/v2\/media\/30002"}],"wp:attachment":[{"href":"https:\/\/mersinkadingazetesi.com\/index.php?rest_route=%2Fwp%2Fv2%2Fmedia&parent=38383"}],"wp:term":[{"taxonomy":"category","embeddable":true,"href":"https:\/\/mersinkadingazetesi.com\/index.php?rest_route=%2Fwp%2Fv2%2Fcategories&post=38383"},{"taxonomy":"post_tag","embeddable":true,"href":"https:\/\/mersinkadingazetesi.com\/index.php?rest_route=%2Fwp%2Fv2%2Ftags&post=38383"}],"curies":[{"name":"wp","href":"https:\/\/api.w.org\/{rel}","templated":true}]}}