{"id":38385,"date":"2025-01-02T12:06:09","date_gmt":"2025-01-02T09:06:09","guid":{"rendered":"https:\/\/mersinkadingazetesi.com\/?p=38385"},"modified":"2025-01-02T12:06:10","modified_gmt":"2025-01-02T09:06:10","slug":"baskan-palamuttan-secere-tesekkur-hem-esnaf-hem-vatandas-kazandi","status":"publish","type":"post","link":"https:\/\/mersinkadingazetesi.com\/?p=38385","title":{"rendered":"BA\u015eKAN PALAMUT&#8217;TAN, SE\u00c7ER&#8217;E TE\u015eEKK\u00dcR: &#8220;HEM ESNAF HEM VATANDA\u015e KAZANDI&#8221;"},"content":{"rendered":"\n<p>Mersin B\u00fcy\u00fck\u015fehir Belediyesi taraf\u0131ndan ba\u015flat\u0131lan Halk Kart uygulamas\u0131, ekonomik s\u0131k\u0131nt\u0131lar\u0131n devam etti\u011fi bu d\u00f6nemde hem dar gelirli vatanda\u015flara hem de yerel esnafa b\u00fcy\u00fck bir destek sa\u011fl\u0131yor. 2019 y\u0131l\u0131nda Ba\u015fkan Vahap Se\u00e7er taraf\u0131ndan ba\u015flat\u0131lan bu uygulama, her ay vatanda\u015flar\u0131n hesaplar\u0131na y\u00fcklenen bakiyelerle ihtiya\u00e7lar\u0131n\u0131 kar\u015f\u0131lamalar\u0131na yard\u0131mc\u0131 oluyor. Ancak as\u0131l takdir edilen nokta, bu uygulaman\u0131n yaln\u0131zca vatanda\u015f\u0131 de\u011fil, ayn\u0131 zamanda yerel esnaf\u0131 da kazanmas\u0131n\u0131 sa\u011flamas\u0131.<\/p>\n\n\n\n<p>&#8220;BA\u015eKAN SE\u00c7ER&#8217;E TE\u015eEKK\u00dcR&#8221;<\/p>\n\n\n\n<p>Cumhuriyet Halk Partisi (CHP) Akdeniz \u0130l\u00e7e Ba\u015fkan\u0131 Semih Palamut, Mersin B\u00fcy\u00fck\u015fehir Belediye Ba\u015fkan\u0131 Vahap Se\u00e7er&#8217;e, Halk Kart uygulamas\u0131n\u0131n vatanda\u015flar ve esnaflar i\u00e7in sa\u011flad\u0131\u011f\u0131 faydalar dolay\u0131s\u0131yla te\u015fekk\u00fcr etti. Palamut, yapt\u0131\u011f\u0131 a\u00e7\u0131klamada, &#8220;Ba\u015fkan Vahap Se\u00e7er&#8217;in liderli\u011finde ba\u015flat\u0131lan Halk Kart uygulamas\u0131, sadece Mersin halk\u0131na de\u011fil, ayn\u0131 zamanda yerel esnaf\u0131m\u0131za da b\u00fcy\u00fck katk\u0131 sa\u011fl\u0131yor. Bu g\u00fczel uygulama sayesinde dar gelirli vatanda\u015flar\u0131m\u0131z \u00f6nemli bir destek al\u0131rken, k\u00fc\u00e7\u00fck esnaf\u0131m\u0131z da b\u00fcy\u00fck zincir marketlere kar\u015f\u0131 rekabet \u015fans\u0131 buluyor. Ba\u015fkan Se\u00e7er&#8217;e te\u015fekk\u00fcrlerimizi sunuyoruz.&#8221; ifadelerini kulland\u0131.<\/p>\n\n\n\n<p>&#8220;ESNAFIN KAZANCI ARTTI, VATANDA\u015eIN Y\u00dcK\u00dc HAF\u0130FLED\u0130&#8221;<\/p>\n\n\n\n<p>Ba\u015fkan Palamut, Halk Kart uygulamas\u0131 sayesinde Mersin&#8217;de anla\u015fmal\u0131 400&#8217;e yak\u0131n yerel marketten al\u0131\u015fveri\u015f yap\u0131labildi\u011fini belirterek, &#8220;Vatanda\u015flar, her ay Halk Kart hesaplar\u0131na y\u00fcklenen bakiyelerle, ihtiya\u00e7 duyduklar\u0131 g\u0131da ve di\u011fer \u00fcr\u00fcnleri mahallelerindeki marketlerden alabiliyor. B\u00f6ylece, yerel esnaf zincir marketlere kar\u015f\u0131 rekabet ederken, halk\u0131n da mutfak masraflar\u0131 \u00f6nemli \u00f6l\u00e7\u00fcde azal\u0131yor. Bu de\u011ferli uygulama i\u00e7in ba\u015fkan\u0131m\u0131za te\u015fekk\u00fcrlerimizi iletiyoruz.&#8221; dedi.<\/p>\n\n\n\n<p>&#8220;ARALIK AYI TUTARLARI HESABA YATIRILDI&#8221;<\/p>\n\n\n\n<p>Mersin B\u00fcy\u00fck\u015fehir Belediyesi, Halk Kart sahiplerinin hesaplar\u0131na her ay d\u00fczenli olarak bakiyeleri yat\u0131rmaya devam ediyor. Aral\u0131k ay\u0131 destek tutarlar\u0131 da ihtiya\u00e7 sahiplerinin hesaplar\u0131na yat\u0131r\u0131ld\u0131. Bu d\u00fczenli yard\u0131mlar, dar gelirli vatanda\u015flar\u0131n temel ihtiya\u00e7lar\u0131n\u0131 kar\u015f\u0131lamalar\u0131na yard\u0131mc\u0131 olmaya devam ediyor.<\/p>\n","protected":false},"excerpt":{"rendered":"<p>Mersin B\u00fcy\u00fck\u015fehir Belediyesi taraf\u0131ndan ba\u015flat\u0131lan Halk Kart uygulamas\u0131, ekonomik s\u0131k\u0131nt\u0131lar\u0131n devam etti\u011fi bu d\u00f6nemde hem dar gelirli vatanda\u015flara hem de yerel esnafa b\u00fcy\u00fck bir destek sa\u011fl\u0131yor. 2019 y\u0131l\u0131nda Ba\u015fkan Vahap Se\u00e7er taraf\u0131ndan ba\u015flat\u0131lan bu uygulama, her ay vatanda\u015flar\u0131n hesaplar\u0131na y\u00fcklenen bakiyelerle ihtiya\u00e7lar\u0131n\u0131 kar\u015f\u0131lamalar\u0131na yard\u0131mc\u0131 oluyor. Ancak as\u0131l takdir edilen nokta, bu uygulaman\u0131n yaln\u0131zca vatanda\u015f\u0131 de\u011fil, [&hellip;]<\/p>\n","protected":false},"author":2,"featured_media":38386,"comment_status":"closed","ping_status":"closed","sticky":false,"template":"","format":"standard","meta":{"footnotes":""},"categories":[3],"tags":[],"class_list":["post-38385","post","type-post","status-publish","format-standard","has-post-thumbnail","hentry","category-manset"],"views":3,"_links":{"self":[{"href":"https:\/\/mersinkadingazetesi.com\/index.php?rest_route=\/wp\/v2\/posts\/38385"}],"collection":[{"href":"https:\/\/mersinkadingazetesi.com\/index.php?rest_route=\/wp\/v2\/posts"}],"about":[{"href":"https:\/\/mersinkadingazetesi.com\/index.php?rest_route=\/wp\/v2\/types\/post"}],"author":[{"embeddable":true,"href":"https:\/\/mersinkadingazetesi.com\/index.php?rest_route=\/wp\/v2\/users\/2"}],"replies":[{"embeddable":true,"href":"https:\/\/mersinkadingazetesi.com\/index.php?rest_route=%2Fwp%2Fv2%2Fcomments&post=38385"}],"version-history":[{"count":1,"href":"https:\/\/mersinkadingazetesi.com\/index.php?rest_route=\/wp\/v2\/posts\/38385\/revisions"}],"predecessor-version":[{"id":38387,"href":"https:\/\/mersinkadingazetesi.com\/index.php?rest_route=\/wp\/v2\/posts\/38385\/revisions\/38387"}],"wp:featuredmedia":[{"embeddable":true,"href":"https:\/\/mersinkadingazetesi.com\/index.php?rest_route=\/wp\/v2\/media\/38386"}],"wp:attachment":[{"href":"https:\/\/mersinkadingazetesi.com\/index.php?rest_route=%2Fwp%2Fv2%2Fmedia&parent=38385"}],"wp:term":[{"taxonomy":"category","embeddable":true,"href":"https:\/\/mersinkadingazetesi.com\/index.php?rest_route=%2Fwp%2Fv2%2Fcategories&post=38385"},{"taxonomy":"post_tag","embeddable":true,"href":"https:\/\/mersinkadingazetesi.com\/index.php?rest_route=%2Fwp%2Fv2%2Ftags&post=38385"}],"curies":[{"name":"wp","href":"https:\/\/api.w.org\/{rel}","templated":true}]}}