{"id":38388,"date":"2025-01-02T15:43:22","date_gmt":"2025-01-02T12:43:22","guid":{"rendered":"https:\/\/mersinkadingazetesi.com\/?p=38388"},"modified":"2025-01-02T15:43:23","modified_gmt":"2025-01-02T12:43:23","slug":"baskan-yildiz-kandil-simidi-dagitti","status":"publish","type":"post","link":"https:\/\/mersinkadingazetesi.com\/?p=38388","title":{"rendered":"BA\u015eKAN YILDIZ, KAND\u0130L S\u0130M\u0130D\u0130 DA\u011eITTI"},"content":{"rendered":"\n<p><strong>Toroslar Belediye Ba\u015fkan\u0131 Abdurrahman Y\u0131ld\u0131z, &#8220;T\u00fcm hem\u015fehrilerimin yeni y\u0131l\u0131n\u0131n mutluluk i\u00e7erisinde ge\u00e7mesini diliyorum. Yurtta\u015flar\u0131m\u0131z\u0131n Regaip Kandili&#8217;ni kutluyorum&#8221; dedi.<\/strong><\/p>\n\n\n\n<p>Toroslar Belediyesi taraf\u0131ndan Regaip Kandili dolay\u0131s\u0131yla belediye hizmet binas\u0131 \u00f6n\u00fcnde, semt pazarlar\u0131nda ve il\u00e7enin \u00e7e\u015fitli noktalar\u0131nda vatanda\u015flara kandil simidi da\u011f\u0131t\u0131ld\u0131.<\/p>\n\n\n\n<p>Belediye Ba\u015fkan\u0131 Abdurrahman Y\u0131ld\u0131z, belediye hizmet binas\u0131 \u00f6n\u00fcndeki standa gelerek yurtta\u015flara kandil simidi ikram etti. Ba\u015fkan Y\u0131ld\u0131z, vatanda\u015flarla sohbet edip kandillerini tebrik ederek, bu t\u00fcr manevi g\u00fcnlerin toplumsal dayan\u0131\u015fmay\u0131 ve karde\u015fli\u011fi g\u00fc\u00e7lendirdi\u011fine vurgu yapt\u0131.<\/p>\n\n\n\n<p>Ba\u015fkan Y\u0131ld\u0131z, &#8220;Regaip Kandili, \u00fc\u00e7 aylar\u0131n m\u00fcjdecisi ve manevi bir ba\u015flang\u0131\u00e7t\u0131r. Bu \u00f6zel g\u00fcnde vatanda\u015flar\u0131m\u0131zla bir araya gelmek, onlar\u0131n dualar\u0131na ortak olmak bizler i\u00e7in b\u00fcy\u00fck bir mutluluk. 2025 y\u0131l\u0131na girdik. Yurtta\u015flar\u0131m\u0131z\u0131n bug\u00fcnden \u00e7ok daha mutlu ve huzurlu g\u00fcnlerinin olmas\u0131n\u0131 diliyorum. \u00dc\u00e7 aylar\u0131n ba\u015flang\u0131c\u0131 olan bu m\u00fcbarek gecenin t\u00fcm insanl\u0131\u011fa bar\u0131\u015f, bereket, sa\u011fl\u0131k ve huzur getirmesi dile\u011fiyle t\u00fcm yurtta\u015flar\u0131m\u0131z\u0131n Regaip Kandili&#8217;ni kutluyorum&#8221; diye konu\u015ftu.<\/p>\n","protected":false},"excerpt":{"rendered":"<p>Toroslar Belediye Ba\u015fkan\u0131 Abdurrahman Y\u0131ld\u0131z, &#8220;T\u00fcm hem\u015fehrilerimin yeni y\u0131l\u0131n\u0131n mutluluk i\u00e7erisinde ge\u00e7mesini diliyorum. Yurtta\u015flar\u0131m\u0131z\u0131n Regaip Kandili&#8217;ni kutluyorum&#8221; dedi. Toroslar Belediyesi taraf\u0131ndan Regaip Kandili dolay\u0131s\u0131yla belediye hizmet binas\u0131 \u00f6n\u00fcnde, semt pazarlar\u0131nda ve il\u00e7enin \u00e7e\u015fitli noktalar\u0131nda vatanda\u015flara kandil simidi da\u011f\u0131t\u0131ld\u0131. Belediye Ba\u015fkan\u0131 Abdurrahman Y\u0131ld\u0131z, belediye hizmet binas\u0131 \u00f6n\u00fcndeki standa gelerek yurtta\u015flara kandil simidi ikram etti. Ba\u015fkan Y\u0131ld\u0131z, [&hellip;]<\/p>\n","protected":false},"author":2,"featured_media":38389,"comment_status":"closed","ping_status":"closed","sticky":false,"template":"","format":"standard","meta":{"footnotes":""},"categories":[3],"tags":[],"class_list":["post-38388","post","type-post","status-publish","format-standard","has-post-thumbnail","hentry","category-manset"],"views":2,"_links":{"self":[{"href":"https:\/\/mersinkadingazetesi.com\/index.php?rest_route=\/wp\/v2\/posts\/38388"}],"collection":[{"href":"https:\/\/mersinkadingazetesi.com\/index.php?rest_route=\/wp\/v2\/posts"}],"about":[{"href":"https:\/\/mersinkadingazetesi.com\/index.php?rest_route=\/wp\/v2\/types\/post"}],"author":[{"embeddable":true,"href":"https:\/\/mersinkadingazetesi.com\/index.php?rest_route=\/wp\/v2\/users\/2"}],"replies":[{"embeddable":true,"href":"https:\/\/mersinkadingazetesi.com\/index.php?rest_route=%2Fwp%2Fv2%2Fcomments&post=38388"}],"version-history":[{"count":1,"href":"https:\/\/mersinkadingazetesi.com\/index.php?rest_route=\/wp\/v2\/posts\/38388\/revisions"}],"predecessor-version":[{"id":38390,"href":"https:\/\/mersinkadingazetesi.com\/index.php?rest_route=\/wp\/v2\/posts\/38388\/revisions\/38390"}],"wp:featuredmedia":[{"embeddable":true,"href":"https:\/\/mersinkadingazetesi.com\/index.php?rest_route=\/wp\/v2\/media\/38389"}],"wp:attachment":[{"href":"https:\/\/mersinkadingazetesi.com\/index.php?rest_route=%2Fwp%2Fv2%2Fmedia&parent=38388"}],"wp:term":[{"taxonomy":"category","embeddable":true,"href":"https:\/\/mersinkadingazetesi.com\/index.php?rest_route=%2Fwp%2Fv2%2Fcategories&post=38388"},{"taxonomy":"post_tag","embeddable":true,"href":"https:\/\/mersinkadingazetesi.com\/index.php?rest_route=%2Fwp%2Fv2%2Ftags&post=38388"}],"curies":[{"name":"wp","href":"https:\/\/api.w.org\/{rel}","templated":true}]}}