{"id":38394,"date":"2025-01-02T15:46:58","date_gmt":"2025-01-02T12:46:58","guid":{"rendered":"https:\/\/mersinkadingazetesi.com\/?p=38394"},"modified":"2025-01-02T15:46:58","modified_gmt":"2025-01-02T12:46:58","slug":"soloturk-3-ocakta-mersinde-gokyuzunu-susleyecek","status":"publish","type":"post","link":"https:\/\/mersinkadingazetesi.com\/?p=38394","title":{"rendered":"SOLOT\u00dcRK, 3 OCAK&#8217;TA MERS\u0130N&#8217;DE G\u00d6KY\u00dcZ\u00dcN\u00dc S\u00dcSLEYECEK"},"content":{"rendered":"\n<p>Mersin B\u00fcy\u00fck\u015fehir Belediyesi K\u00fclt\u00fcr ve Sosyal \u0130\u015fler Dairesi Ba\u015fkanl\u0131\u011f\u0131 taraf\u0131ndan Mersin&#8217;in kurtulu\u015funun 103. y\u0131l d\u00f6n\u00fcm\u00fc dolay\u0131s\u0131yla kentte g\u00f6steri ger\u00e7ekle\u015ftirerek Mersin semalar\u0131nda birbirinden g\u00fczel koreografiye imza atacak olan T\u00fcrk Hava Kuvvetleri&#8217;nin akrobasi timi SOLOT\u00dcRK Ekibi, Mersin B\u00fcy\u00fck\u015fehir Belediye Ba\u015fkan\u0131 Vahap Se\u00e7er&#8217;i ziyaret etti.<\/p>\n\n\n\n<p>Ger\u00e7ekle\u015fen ziyarette; Mersin B\u00fcy\u00fck\u015fehir Belediye Ba\u015fkan\u0131 Vahap Se\u00e7er, Mersin B\u00fcy\u00fck\u015fehir Belediyesi K\u00fclt\u00fcr ve Sosyal \u0130\u015fler Dairesi Ba\u015fkanl\u0131\u011f\u0131 Koordinat\u00f6r\u00fc ve Opera Sanat\u00e7\u0131s\u0131 Bengi \u0130spir \u00d6zd\u00fclger,&nbsp;&nbsp;Hava Pilot Binba\u015f\u0131 Murat Bak\u0131c\u0131, Hava Pilot Binba\u015f\u0131 M. Erhan Aydemir, Hava Piyade \u00dcste\u011fmen \u015e. Alper \u015een ile Hava Harekat Astsubay K\u0131demli \u00c7avu\u015f Muhammed B\u00f6l\u00fckba\u015f\u0131 yer ald\u0131.<\/p>\n\n\n\n<p><strong>Ba\u015fkan Se\u00e7er: &#8220;Kurtulu\u015f g\u00fcn\u00fcm\u00fczde burada olman\u0131z \u00e7ok g\u00fczel&#8221;<\/strong><\/p>\n\n\n\n<p>Hava Pilot Binba\u015f\u0131 Murat Bak\u0131c\u0131, Mersin&#8217;e geldikleri i\u00e7in \u00e7ok mutlu olduklar\u0131n\u0131 ve 3 Ocak Mersin&#8217;in D\u00fc\u015fman \u0130\u015fgalinden Kurtulu\u015f G\u00fcn\u00fc&#8217;nde ger\u00e7ekle\u015fecek organizasyonun da \u00e7ok g\u00fczel bir organizasyon olaca\u011f\u0131n\u0131 s\u00f6yledi. Ba\u015fkan Se\u00e7er de&nbsp;<strong>&#8220;Kurtulu\u015f g\u00fcn\u00fcm\u00fcz bizim i\u00e7in \u00f6nemli. Sizlerin burada olmas\u0131 \u00e7ok g\u00fczel&#8221;&nbsp;<\/strong>dedi. 1 Ocak tarihinde ger\u00e7ekle\u015ftirdikleri prova u\u00e7u\u015fu hakk\u0131nda konu\u015fan Hava Pilot Binba\u015f\u0131 Bak\u0131c\u0131,&nbsp;<strong>&#8220;Yeni y\u0131lda Mersin halk\u0131m\u0131z\u0131 uyand\u0131rd\u0131k.&nbsp;<em>&#8216;Jet sesi \u00f6zg\u00fcrl\u00fc\u011f\u00fcn sesidir&#8217;&nbsp;<\/em>dedik&#8221;&nbsp;<\/strong>dedi ve Se\u00e7er de prova u\u00e7u\u015funa da Mersin halk\u0131n\u0131n yo\u011fun ilgi g\u00f6sterdi\u011fini belirterek,&nbsp;<strong>&#8220;Provas\u0131 b\u00f6yle ge\u00e7ti ise 3 Ocak \u00e7ok yo\u011fun olur&#8221;&nbsp;<\/strong>dedi.<\/p>\n\n\n\n<p>3 Ocak g\u00fcn\u00fc ger\u00e7ekle\u015ftirecek olduklar\u0131 g\u00f6sterinin detaylar\u0131 hakk\u0131nda Se\u00e7er&#8217;e bilgi veren Hava Pilot Binba\u015f\u0131 Bak\u0131c\u0131, yeni y\u0131la g\u00fczel ba\u015flad\u0131klar\u0131ndan bahsederek,&nbsp;<strong>&#8220;1 Ocak&#8217;taki fragmand\u0131, as\u0131l g\u00f6steri 3 Ocak&#8217;ta. Sizleri misafir etmenin gururunu ve mutlulu\u011funu ya\u015fayaca\u011f\u0131z&#8221;&nbsp;<\/strong>dedi. Se\u00e7er de ekibe \u00f6zellikle \u00e7ocuklar taraf\u0131ndan \u00e7ok ilgi g\u00f6sterildi\u011finden s\u00f6z ederken, Hava Pilot Binba\u015f\u0131 Bak\u0131c\u0131 da \u00e7ocuklar taraf\u0131ndan kendilerine g\u00f6sterilen ilgi hakk\u0131nda;&nbsp;<strong>&#8220;Bu kadar kuvvetli hayranlar\u0131m\u0131z\u0131n oldu\u011funu g\u00f6r\u00fcnce bizler \u00e7ok mutlu olduk. Her \u015feyi biliyorlar, h\u00e2kimler. Biz de gurur duyduk&#8221;&nbsp;<\/strong>dedi.<\/p>\n\n\n\n<p><strong>Mersin B\u00fcy\u00fck\u015fehir, 5 y\u0131l\u0131n ard\u0131ndan kentte SOLOT\u00dcRK&#8217;\u00fc a\u011f\u0131rlamaktan gurur duyacak<\/strong><\/p>\n\n\n\n<p>Ba\u015fkan Se\u00e7er, yeni se\u00e7ildi\u011fi y\u0131l olan 2019 y\u0131l\u0131nda SOLOT\u00dcRK&#8217;\u00fcn 23 Nisan Ulusal Egemenlik ve \u00c7ocuk Bayram\u0131&#8217;nda Mersin B\u00fcy\u00fck\u015fehir Belediyesi taraf\u0131ndan d\u00fczenlenen organizasyon ile bir g\u00f6steri yapt\u0131\u011f\u0131n\u0131 an\u0131msatarak, kentte 5 y\u0131l sonra tekrar SOLOT\u00dcRK Ekibi&#8217;ni a\u011f\u0131rlamaktan b\u00fcy\u00fck mutluluk ve gurur duyduklar\u0131n\u0131 ifade etti. Hava Pilot Binba\u015f\u0131 Bak\u0131c\u0131,&nbsp;<strong>&#8220;Biz g\u00f6sterilerimizle T\u00fcrk Milleti&#8217;nin g\u00fcc\u00fcn\u00fc ortaya koyuyoruz ve insanlar\u0131m\u0131z\u0131n, halk\u0131m\u0131z\u0131n i\u00e7indeki milli duygular\u0131 ortaya \u00e7\u0131kar\u0131yoruz. Bu da bizi gururland\u0131r\u0131yor&#8221;&nbsp;<\/strong>diye konu\u015ftu.<\/p>\n\n\n\n<p>Ba\u015fkan Se\u00e7er de&nbsp;<strong>&#8220;Biz de halk olarak gururlan\u0131yoruz. Cumhuriyet&#8217;in kurulu\u015f temelinde ve felsefesinde o var. Cumhuriyet&#8217;i bir askeri deha kurdu. Neticede hepimiz sava\u015fa kar\u015f\u0131y\u0131z, Mustafa Kemal Atat\u00fcrk de askerdi ama sava\u015fa kar\u015f\u0131yd\u0131. Bar\u0131\u015ftan bahsetti, sava\u015f\u0131n bir cinayet oldu\u011funu s\u00f6yledi. Bizim gibi d\u00fcnya g\u00f6r\u00fc\u015f\u00fcndeki insanlar Cumhuriyet&#8217;i de\u011ferlendirirken; daha bar\u0131\u015fsever ve yurtsever bakar\u0131z. Daha Atat\u00fcrk \u00e7izgisinde insanlar\u0131z&#8221;&nbsp;<\/strong>dedi.<\/p>\n\n\n\n<p><strong>Se\u00e7er: &#8220;3 Ocak t\u00f6renlerine b\u00fcy\u00fck renk katacaks\u0131n\u0131z&#8221;<\/strong><\/p>\n\n\n\n<p>Ba\u015fkan Se\u00e7er,&nbsp;<strong>&#8220;Sizlerle mutluyuz, gururluyuz. 3 Ocak&#8217;taki t\u00f6renlere \u00e7ok b\u00fcy\u00fck renk katacaks\u0131n\u0131z. Belki de 3 Ocak&#8217;\u0131 farkl\u0131 k\u0131lacak olan SOLOT\u00dcRK&#8217;\u00fcn g\u00f6sterisi olacak&#8221;&nbsp;<\/strong>dedi ve 3 Ocak&#8217;a SOLOT\u00dcRK&#8217;\u00fcn damga vuraca\u011f\u0131n\u0131 ifade etti. Bunun \u00fczerine konu\u015fan Hava Pilot Binba\u015f\u0131 Bak\u0131c\u0131 da&nbsp;<strong>&#8220;Bizler de \u00e7ok gururland\u0131k. Bir aya\u011f\u0131m\u0131z bundan sonra art\u0131k Mersin&#8217;de. SOLOT\u00dcRK olarak milli g\u00fcnlerde, kurtulu\u015f g\u00fcnlerinde u\u00e7mak bizim i\u00e7in de b\u00fcy\u00fck bir gurur. \u00c7\u00fcnk\u00fc o tarihi canland\u0131r\u0131yoruz, o tarihi y\u00e2d ediyoruz. Mustafa Kemal Atat\u00fcrk ve silah arkada\u015flar\u0131n\u0131, \u015fehitlerimizi y\u00e2d ediyoruz&#8221;&nbsp;<\/strong>dedi ve Mersin&#8217;de 3 Ocak&#8217;taki g\u00f6steride yer almaktan duyacaklar\u0131 gururu ifade etti.<\/p>\n\n\n\n<p><strong>D\u00fcnya havac\u0131l\u0131k tarihine&nbsp;<em>&#8216;SOLOT\u00dcRK Hareketleri&#8217;&nbsp;<\/em>diye ge\u00e7mi\u015f hareketler var!<\/strong><\/p>\n\n\n\n<p>SOLOT\u00dcRK olarak F-16 ile yap\u0131labilecek d\u00fcnyadaki b\u00fct\u00fcn hareketlerin fazlas\u0131n\u0131 yapt\u0131klar\u0131n\u0131 dile getiren Hava Pilot Binba\u015f\u0131 Bak\u0131c\u0131,&nbsp;&nbsp;d\u00fcnya havac\u0131l\u0131k tarihine&nbsp;<strong><em>&#8216;SOLOT\u00dcRK Hareketleri&#8217;&nbsp;<\/em><\/strong>diye ge\u00e7mi\u015f hareketleri de oldu\u011funu duyurdu. Hava Pilot Binba\u015f\u0131 Bak\u0131c\u0131, d\u00fcnyada bunlar\u0131 sadece kendilerinin yapt\u0131klar\u0131n\u0131 ifade ederken, d\u00fcnyada F-16&#8217;y\u0131 en d\u00fc\u015f\u00fck s\u00fcratle u\u00e7uran ekibin kendileri oldu\u011funu da belirterek, SOLOT\u00dcRK Ekibi&#8217;nden ba\u015fka F-16&#8217;y\u0131 daha d\u00fc\u015f\u00fck s\u00fcratli u\u00e7uran bir ekip olmad\u0131\u011f\u0131n\u0131 da kaydetti. D\u00fcnyada solo g\u00f6steri yapan toplam 14 tane ekip oldu\u011funu da aktaran Hava Pilot Binba\u015f\u0131 Bak\u0131c\u0131, bu tak\u0131mlar\u0131n ilk s\u0131ralar\u0131nda SOLOT\u00dcRK&#8217;\u00fcn yer ald\u0131\u011f\u0131n\u0131 belirtti. Hava Pilot Binba\u015f\u0131 Bak\u0131c\u0131,&nbsp;<strong>&#8220;Gitti\u011fimiz yurt d\u0131\u015f\u0131 g\u00f6sterilerinden memleketimize \u00f6d\u00fclle d\u00f6n\u00fcyoruz. Bu da bizi gururland\u0131r\u0131yor. Bizler sizleri temsil ediyoruz, o da bizim i\u00e7in apayr\u0131 bir duygu. Maneviyat\u0131m\u0131z oradan geliyor&#8221;&nbsp;<\/strong>dedi.&nbsp;<strong>&nbsp;<\/strong><\/p>\n\n\n\n<p>Mersin&#8217;in \u00e7ok kozmopolit bir \u015fehir oldu\u011funu da belirten Hava Pilot Binba\u015f\u0131 Bak\u0131c\u0131, b\u00f6yle g\u00fczel bir kentte g\u00f6rev yapan Ba\u015fkan Se\u00e7er&#8217;i de tebrik etti. Ba\u015fkan Se\u00e7er de b\u00f6yle bir kentte g\u00f6rev yapman\u0131n verdi\u011fi gururu dile getirdi.<\/p>\n\n\n\n<p>Ziyaret sonras\u0131nda SOLOT\u00dcRK Ekibi, Ba\u015fkan Se\u00e7er&#8217;e imzalad\u0131klar\u0131 SOLOT\u00dcRK tablosunu hediye ederken, Ba\u015fkan Se\u00e7er de ekibe Pegasus tablosu hediye etti.Hava Pilot Binba\u015f\u0131 Bak\u0131c\u0131 da hediye i\u00e7in te\u015fekk\u00fcrlerini iletirken, Pegasus Tablosu&#8217;nu SOLOT\u00dcRK M\u00fczesi&#8217;nde sergileyeceklerini ifade etti.<\/p>\n\n\n\n<p><strong>3 Ocak g\u00fcn\u00fc Mersin semalar\u0131 s\u00fcslenecek<\/strong><\/p>\n\n\n\n<p>SOLOT\u00dcRK Ekibi; 3 Ocak Cuma g\u00fcn\u00fc, Adnan Menderes Bulvar\u0131&#8217;ndaki Mersin \u0130dman Yurdu Meydan\u0131&#8217;nda 3 Ocak Mersin&#8217;in kurtulu\u015funa \u00f6zel g\u00f6steri yapacak. 3 Ocak Cuma g\u00fcn\u00fc Mersin&#8217;in kurtulu\u015funa \u00f6zel ger\u00e7ekle\u015fecek SOLOT\u00dcRK G\u00f6sterisi program\u0131 kapsam\u0131nda; Mersin B\u00fcy\u00fck\u015fehir Belediyesi Kent Orkestras\u0131 konseri ve Mersin B\u00fcy\u00fck\u015fehir Belediyesi Halk Oyunlar\u0131 G\u00f6sterisi olacak. Ard\u0131ndan SOLOT\u00dcRK G\u00f6steri Sunumu ve SOLOT\u00dcRK G\u00f6sterisi ger\u00e7ekle\u015ftirilecek.<\/p>\n","protected":false},"excerpt":{"rendered":"<p>Mersin B\u00fcy\u00fck\u015fehir Belediyesi K\u00fclt\u00fcr ve Sosyal \u0130\u015fler Dairesi Ba\u015fkanl\u0131\u011f\u0131 taraf\u0131ndan Mersin&#8217;in kurtulu\u015funun 103. y\u0131l d\u00f6n\u00fcm\u00fc dolay\u0131s\u0131yla kentte g\u00f6steri ger\u00e7ekle\u015ftirerek Mersin semalar\u0131nda birbirinden g\u00fczel koreografiye imza atacak olan T\u00fcrk Hava Kuvvetleri&#8217;nin akrobasi timi SOLOT\u00dcRK Ekibi, Mersin B\u00fcy\u00fck\u015fehir Belediye Ba\u015fkan\u0131 Vahap Se\u00e7er&#8217;i ziyaret etti. Ger\u00e7ekle\u015fen ziyarette; Mersin B\u00fcy\u00fck\u015fehir Belediye Ba\u015fkan\u0131 Vahap Se\u00e7er, Mersin B\u00fcy\u00fck\u015fehir Belediyesi K\u00fclt\u00fcr ve [&hellip;]<\/p>\n","protected":false},"author":2,"featured_media":38395,"comment_status":"closed","ping_status":"closed","sticky":false,"template":"","format":"standard","meta":{"footnotes":""},"categories":[34,3],"tags":[],"class_list":["post-38394","post","type-post","status-publish","format-standard","has-post-thumbnail","hentry","category-flas-haber","category-manset"],"views":12,"_links":{"self":[{"href":"https:\/\/mersinkadingazetesi.com\/index.php?rest_route=\/wp\/v2\/posts\/38394"}],"collection":[{"href":"https:\/\/mersinkadingazetesi.com\/index.php?rest_route=\/wp\/v2\/posts"}],"about":[{"href":"https:\/\/mersinkadingazetesi.com\/index.php?rest_route=\/wp\/v2\/types\/post"}],"author":[{"embeddable":true,"href":"https:\/\/mersinkadingazetesi.com\/index.php?rest_route=\/wp\/v2\/users\/2"}],"replies":[{"embeddable":true,"href":"https:\/\/mersinkadingazetesi.com\/index.php?rest_route=%2Fwp%2Fv2%2Fcomments&post=38394"}],"version-history":[{"count":1,"href":"https:\/\/mersinkadingazetesi.com\/index.php?rest_route=\/wp\/v2\/posts\/38394\/revisions"}],"predecessor-version":[{"id":38396,"href":"https:\/\/mersinkadingazetesi.com\/index.php?rest_route=\/wp\/v2\/posts\/38394\/revisions\/38396"}],"wp:featuredmedia":[{"embeddable":true,"href":"https:\/\/mersinkadingazetesi.com\/index.php?rest_route=\/wp\/v2\/media\/38395"}],"wp:attachment":[{"href":"https:\/\/mersinkadingazetesi.com\/index.php?rest_route=%2Fwp%2Fv2%2Fmedia&parent=38394"}],"wp:term":[{"taxonomy":"category","embeddable":true,"href":"https:\/\/mersinkadingazetesi.com\/index.php?rest_route=%2Fwp%2Fv2%2Fcategories&post=38394"},{"taxonomy":"post_tag","embeddable":true,"href":"https:\/\/mersinkadingazetesi.com\/index.php?rest_route=%2Fwp%2Fv2%2Ftags&post=38394"}],"curies":[{"name":"wp","href":"https:\/\/api.w.org\/{rel}","templated":true}]}}