{"id":38397,"date":"2025-01-02T16:50:04","date_gmt":"2025-01-02T13:50:04","guid":{"rendered":"https:\/\/mersinkadingazetesi.com\/?p=38397"},"modified":"2025-01-02T16:50:05","modified_gmt":"2025-01-02T13:50:05","slug":"baskan-yildiz-3-ocak-zafer-yuruyusu-icin-valilikten-ve-kaymakamliktan-izin-alamadik","status":"publish","type":"post","link":"https:\/\/mersinkadingazetesi.com\/?p=38397","title":{"rendered":"BA\u015eKAN YILDIZ: 3 OCAK ZAFER Y\u00dcR\u00dcY\u00dc\u015e\u00dc \u0130\u00c7\u0130N VAL\u0130L\u0130KTEN VE KAYMAKAMLIKTAN \u0130Z\u0130N ALAMADIK"},"content":{"rendered":"\n<p>Toroslar Belediye Ba\u015fkan\u0131 Abdurrahman Y\u0131ld\u0131z, Mersin&#8217;in d\u00fc\u015fman i\u015fgalinden kurtulu\u015f g\u00fcn\u00fc dolay\u0131s\u0131yla geleneksel olarak yap\u0131lan 3 Ocak Zafer Y\u00fcr\u00fcy\u00fc\u015f\u00fcne bu y\u0131l Mersin Valili\u011fi ve Toroslar Kaymakaml\u0131\u011f\u0131 ile yapt\u0131klar\u0131 yaz\u0131\u015fmalara ra\u011fmen izin alamad\u0131klar\u0131n\u0131 s\u00f6yledi. &#8220;Art\u0131k Kurtulu\u015f G\u00fcnleri&#8217;nin bile hangi siyasi partinin veya belediye ba\u015fkan\u0131n\u0131n g\u00f6revde oldu\u011funa g\u00f6re \u015fekillendi\u011fini g\u00f6r\u00fcyoruz. Yani emperyalizmin sald\u0131r\u0131lar\u0131na direnen bu memleketteki insanlar\u0131n \u00e7ocuklar\u0131, torunlar\u0131 bug\u00fcn g\u00f6nl\u00fcnce bir kutlamay\u0131 maalesef yapam\u0131yor&#8221; diyen Y\u0131ld\u0131z, geleneksel y\u00fcr\u00fcy\u00fc\u015f\u00fcn bu y\u0131l olmayaca\u011f\u0131n\u0131, onun yerine belediye binas\u0131 \u00f6n\u00fcnde kutlama yapacaklar\u0131n\u0131 s\u00f6yledi.<\/p>\n\n\n\n<p>Toroslar Belediye Ba\u015fkan\u0131 Abdurrahman Y\u0131ld\u0131z, il\u00e7ede 20 y\u0131ld\u0131r her 3 Ocak g\u00fcn\u00fc yap\u0131lan Zafer Y\u00fcr\u00fcy\u00fc\u015f\u00fcne Mersin Valili\u011fi ve Toroslar Kaymakaml\u0131\u011f\u0131 ile yapt\u0131klar\u0131 yaz\u0131\u015fmalara ra\u011fmen izin alamad\u0131klar\u0131n\u0131 s\u00f6yledi.<\/p>\n\n\n\n<p>Belediye meclisi toplant\u0131s\u0131nda konuyla ilgili kamuoyuna a\u00e7\u0131klama yapan Ba\u015fkan Y\u0131ld\u0131z, &#8220;3 Ocak&#8217;ta, Mersin&#8217;imizin emperyalist i\u015fgalden kurtulu\u015funun y\u0131l d\u00f6n\u00fcm\u00fcn\u00fc kutluyoruz. 1922&#8217;de, kentimizde ve il\u00e7emizde emperyalizmin \u00e7an\u0131na ot t\u0131kanan, tabutuna son \u00e7ivinin \u00e7ak\u0131ld\u0131\u011f\u0131 g\u00fcn 3 Ocak g\u00fcn\u00fc. Bu anlamda, bu memleketteki insanlar\u0131n \u00f6zg\u00fcrl\u00fcklerine ne kadar d\u00fc\u015fk\u00fcn olduklar\u0131n\u0131n, kendi \u00f6zg\u00fcrl\u00fckleri i\u00e7in neler yapabileceklerinin tan\u0131\u011f\u0131 3 Ocak g\u00fcn\u00fc. Bundan sonra emperyalist i\u015fgallerin yeniden bu \u00fclkede kendilerine yer bulamamas\u0131, musallat olmamas\u0131 i\u00e7in her hem\u015fehrimizin kalbinde 3 Ocak ruhunun var oldu\u011funu biliyorum. Bu direni\u015f ate\u015finin, 1922&#8217;den bu yana, hepimizin y\u00fcre\u011finde g\u00fc\u00e7l\u00fc bir \u015fekilde yanmakta oldu\u011funun fark\u0131nday\u0131m. Dolay\u0131s\u0131yla bu t\u00fcr giri\u015fimlerde bulunmak isteyenlerin, 1922&#8217;den ald\u0131klar\u0131 dersle bir daha b\u00f6yle \u015feylere tevess\u00fcl edemeyeceklerinin de fark\u0131nday\u0131m. Ancak \u015funu da biliyoruz ki akl\u0131n ve bilimin yol g\u00f6stericili\u011fi devam etmedi\u011fi m\u00fcddet\u00e7e, hepimizin ve \u00fclkemizin yeniden eski g\u00fcnlere 3 Ocak \u00f6ncesindeki g\u00fcnlere d\u00f6nme ihtimali maalesef var. \u0130n\u015fallah, ak\u0131l ve bilimin \u0131\u015f\u0131\u011f\u0131nda yap\u0131lan devrimleri koruyarak 3 Ocak&#8217;\u0131m\u0131za sahip \u00e7\u0131kmaya devam edece\u011fiz&#8221; dedi.<\/p>\n\n\n\n<p><strong>&#8220;KURTULU\u015e G\u00dcN\u00dc, BELED\u0130YE BA\u015eKANININ S\u0130YAS\u0130 G\u00d6R\u00dc\u015e\u00dcNE G\u00d6RE D\u0130ZAYN ED\u0130L\u0130YOR&#8221;<\/strong><\/p>\n\n\n\n<p>Toroslar Belediyesinin 20 y\u0131ld\u0131r 3 Ocak Zafer Y\u00fcr\u00fcy\u00fc\u015f\u00fc d\u00fczenledi\u011fini hat\u0131rlatan Ba\u015fkan Y\u0131ld\u0131z, &#8220;3 Ocak g\u00fcn\u00fc il\u00e7emiz a\u00e7\u0131s\u0131ndan da \u00f6zel bir anlam ta\u015f\u0131r. Toroslar&#8217;da gelenekselle\u015fmi\u015f bir kutlama t\u00f6renimiz vard\u0131r. Her y\u0131l 3 Ocak sabah\u0131 saat 8&#8217;de, t\u00fcm hem\u015fehrilerimiz Zafer Alan\u0131&#8217;nda toplan\u0131r ve kentteki di\u011fer kutlamalar i\u00e7in \u0130stasyon Meydan\u0131&#8217;na y\u00fcr\u00fcr. Bunu bu sene ger\u00e7ekle\u015ftiremiyoruz maalesef. Yani emperyalizmin sald\u0131r\u0131lar\u0131na direnen bu memleketteki insanlar\u0131n \u00e7ocuklar\u0131, torunlar\u0131 bug\u00fcn g\u00f6nl\u00fcnce bir kutlamay\u0131 maalesef yapam\u0131yor. Gelenekselle\u015fmi\u015f kutlama t\u00f6renini bu sene maalesef ger\u00e7ekle\u015ftiremiyoruz. Valilikle, kaymakaml\u0131kla muhtelif yaz\u0131\u015fmalar yapt\u0131k ama ne hikmetse gelenekselle\u015fmi\u015f y\u00fcr\u00fcy\u00fc\u015fe bir t\u00fcrl\u00fc izin almay\u0131 beceremedik. Dilim varm\u0131yor s\u00f6ylemeye ama kurumlar\u0131m\u0131z\u0131 o kadar siyasalla\u015ft\u0131rd\u0131k ki art\u0131k kurtulu\u015f g\u00fcnlerimizi bile kategorize etmeye ba\u015flad\u0131k. Hangi siyasi partinin veya belediye ba\u015fkan\u0131n\u0131n g\u00f6revde oldu\u011funa g\u00f6re kurtulu\u015f g\u00fcnlerimizi dizayn etmeye ba\u015flad\u0131k. Bak\u0131n bu \u00e7ok tehlikeli bir noktaya do\u011fru gidiyor. Milli bayramlar\u0131m\u0131z, dini bayramlar\u0131m\u0131z kadar birle\u015ftirici bir \u00f6zelli\u011fe sahiptir. Yani 3 Ocak Mersin i\u00e7in \u00f6nemlidir. Fakat bu sene bu bize nasip olmad\u0131. Umar\u0131m \u00f6n\u00fcm\u00fczdeki senelerde b\u00f6yle ar\u0131zalar ya\u015famay\u0131z, umar\u0131m kurumlar\u0131m\u0131z\u0131 b\u00f6yle siyasalla\u015fmadan kurtar\u0131r\u0131z ve belediye ba\u015fkan\u0131n\u0131n mensup oldu\u011fu siyasi g\u00f6r\u00fc\u015fe g\u00f6re milli duygular\u0131m\u0131z\u0131, dini duygular\u0131m\u0131z\u0131 tasnif etmeyiz. Bu hakikaten toplumu \u00e7ok tehlikeli bir noktaya g\u00f6t\u00fcrebilecek bir durum maalesef&#8221; ifadelerini kulland\u0131.<\/p>\n\n\n\n<p><strong>&#8220;KUTLAMALAR BELED\u0130YE \u00d6N\u00dcNDE OLACAK&#8221;<\/strong><\/p>\n\n\n\n<p>Yasal izin s\u00fcre\u00e7leri tamamlanmad\u0131\u011f\u0131 i\u00e7in bu sene y\u00fcr\u00fcy\u00fc\u015f yapamayacaklar\u0131n\u0131 kaydeden Y\u0131ld\u0131z, kutlamalar\u0131n sabah 08.30&#8217;da Toroslar Belediyesi \u00f6n\u00fcnde olaca\u011f\u0131n\u0131 belirterek yurtta\u015flar\u0131 kutlamalara davet etti.<\/p>\n\n\n\n<p>Y\u0131ld\u0131z, &#8220;Bu vesileyle ba\u015fta Mustafa Kemal Atat\u00fcrk olmak \u00fczere kurtulu\u015f m\u00fccadelesinde emek veren, canlar\u0131n\u0131 feda eden t\u00fcm \u015fehitlerimize Allah&#8217;tan rahmet diliyorum&#8221; dedi.<\/p>\n","protected":false},"excerpt":{"rendered":"<p>Toroslar Belediye Ba\u015fkan\u0131 Abdurrahman Y\u0131ld\u0131z, Mersin&#8217;in d\u00fc\u015fman i\u015fgalinden kurtulu\u015f g\u00fcn\u00fc dolay\u0131s\u0131yla geleneksel olarak yap\u0131lan 3 Ocak Zafer Y\u00fcr\u00fcy\u00fc\u015f\u00fcne bu y\u0131l Mersin Valili\u011fi ve Toroslar Kaymakaml\u0131\u011f\u0131 ile yapt\u0131klar\u0131 yaz\u0131\u015fmalara ra\u011fmen izin alamad\u0131klar\u0131n\u0131 s\u00f6yledi. &#8220;Art\u0131k Kurtulu\u015f G\u00fcnleri&#8217;nin bile hangi siyasi partinin veya belediye ba\u015fkan\u0131n\u0131n g\u00f6revde oldu\u011funa g\u00f6re \u015fekillendi\u011fini g\u00f6r\u00fcyoruz. Yani emperyalizmin sald\u0131r\u0131lar\u0131na direnen bu memleketteki insanlar\u0131n \u00e7ocuklar\u0131, [&hellip;]<\/p>\n","protected":false},"author":2,"featured_media":38398,"comment_status":"closed","ping_status":"closed","sticky":false,"template":"","format":"standard","meta":{"footnotes":""},"categories":[34,2,3],"tags":[],"class_list":["post-38397","post","type-post","status-publish","format-standard","has-post-thumbnail","hentry","category-flas-haber","category-gundem","category-manset"],"views":8,"_links":{"self":[{"href":"https:\/\/mersinkadingazetesi.com\/index.php?rest_route=\/wp\/v2\/posts\/38397"}],"collection":[{"href":"https:\/\/mersinkadingazetesi.com\/index.php?rest_route=\/wp\/v2\/posts"}],"about":[{"href":"https:\/\/mersinkadingazetesi.com\/index.php?rest_route=\/wp\/v2\/types\/post"}],"author":[{"embeddable":true,"href":"https:\/\/mersinkadingazetesi.com\/index.php?rest_route=\/wp\/v2\/users\/2"}],"replies":[{"embeddable":true,"href":"https:\/\/mersinkadingazetesi.com\/index.php?rest_route=%2Fwp%2Fv2%2Fcomments&post=38397"}],"version-history":[{"count":1,"href":"https:\/\/mersinkadingazetesi.com\/index.php?rest_route=\/wp\/v2\/posts\/38397\/revisions"}],"predecessor-version":[{"id":38399,"href":"https:\/\/mersinkadingazetesi.com\/index.php?rest_route=\/wp\/v2\/posts\/38397\/revisions\/38399"}],"wp:featuredmedia":[{"embeddable":true,"href":"https:\/\/mersinkadingazetesi.com\/index.php?rest_route=\/wp\/v2\/media\/38398"}],"wp:attachment":[{"href":"https:\/\/mersinkadingazetesi.com\/index.php?rest_route=%2Fwp%2Fv2%2Fmedia&parent=38397"}],"wp:term":[{"taxonomy":"category","embeddable":true,"href":"https:\/\/mersinkadingazetesi.com\/index.php?rest_route=%2Fwp%2Fv2%2Fcategories&post=38397"},{"taxonomy":"post_tag","embeddable":true,"href":"https:\/\/mersinkadingazetesi.com\/index.php?rest_route=%2Fwp%2Fv2%2Ftags&post=38397"}],"curies":[{"name":"wp","href":"https:\/\/api.w.org\/{rel}","templated":true}]}}