{"id":38410,"date":"2025-01-03T11:27:43","date_gmt":"2025-01-03T08:27:43","guid":{"rendered":"https:\/\/mersinkadingazetesi.com\/?p=38410"},"modified":"2025-01-03T11:27:43","modified_gmt":"2025-01-03T08:27:43","slug":"turkiye-yuzyili-maarif-modeli-kapsaminda-ilkokul-birinci-sinif-ogrencilerine-karne-yerine-gelisim-raporu-verilecek","status":"publish","type":"post","link":"https:\/\/mersinkadingazetesi.com\/?p=38410","title":{"rendered":"T\u00dcRK\u0130YE Y\u00dcZYILI MAAR\u0130F MODEL\u0130 KAPSAMINDA \u0130LKOKUL B\u0130R\u0130NC\u0130 SINIF \u00d6\u011eRENC\u0130LER\u0130NE KARNE YER\u0130NE &#8220;GEL\u0130\u015e\u0130M RAPORU&#8221; VER\u0130LECEK\u00a0"},"content":{"rendered":"\n<p>TYMM kapsam\u0131nda g\u00fcncellenen \u00f6\u011fretim programlar\u0131, &#8220;beceri&#8221; temelli bir yap\u0131 \u00fczerine \u015fekillendi. Bu yap\u0131; alan becerileri, kavramsal beceriler ve sosyal-duygusal \u00f6\u011frenme becerileri gibi bir\u00e7ok bile\u015feni i\u00e7eriyor. &nbsp;<\/p>\n\n\n\n<p>&#8220;Beceri temelli&#8221; yeni m\u00fcfredatla &#8220;sonu\u00e7 odakl\u0131 \u00f6l\u00e7me&#8221; yerine &#8220;s\u00fcre\u00e7 odakl\u0131 \u00f6l\u00e7meye&#8221; de ge\u00e7i\u015f yap\u0131ld\u0131. &nbsp;<\/p>\n\n\n\n<p>Yeni m\u00fcfredat do\u011frultusunda haz\u0131rlanan ders kitaplar\u0131nda da &#8220;s\u00fcre\u00e7 odakl\u0131 \u00f6l\u00e7me&#8221; kapsam\u0131nda &#8220;b\u00fct\u00fcnc\u00fcl e\u011fitim yakla\u015f\u0131m\u0131&#8221; benimsendi. &nbsp;<\/p>\n\n\n\n<p>B\u00f6ylece, derslere y\u00f6nelik sonu\u00e7 hakk\u0131nda bilgi veren ancak \u00f6\u011frencilerin s\u00fcre\u00e7 i\u00e7indeki geli\u015fimlerine dair bilgileri i\u00e7ermeyen karne uygulamas\u0131 yerine, &#8220;T\u00fcrkiye Y\u00fczy\u0131l\u0131 Maarif Modeli&#8221;nin uyguland\u0131\u011f\u0131 ilkokul birinci s\u0131n\u0131flarda, \u00f6\u011frencilerin sosyal-duygusal \u00f6\u011frenme becerilerini de i\u00e7eren &#8220;geli\u015fim raporu&#8221; uygulamas\u0131na ge\u00e7ildi.&nbsp; &nbsp;<\/p>\n\n\n\n<p>Bu \u00e7er\u00e7evede ilkokul birinci s\u0131n\u0131f \u00f6\u011frencilerine, sonu\u00e7 odakl\u0131 karne yerine \u00f6\u011frenciyi zihinsel, sosyal, duygusal, duyu\u015fsal ve fiziksel a\u00e7\u0131dan bir b\u00fct\u00fcn olarak g\u00f6ren &#8220;b\u00fct\u00fcnc\u00fcl e\u011fitim yakla\u015f\u0131m\u0131&#8221; do\u011frultusunda haz\u0131rlanan &#8220;geli\u015fim raporlar\u0131&#8221; verilecek.&nbsp;<\/p>\n\n\n\n<p>Karne yerine haz\u0131rlanacak bu raporda, \u00f6\u011frencilerin \u00f6\u011frenme \u00e7\u0131kt\u0131lar\u0131 ve s\u00fcre\u00e7 bile\u015fenleri dikkate al\u0131nacak. &#8220;T\u00fcrkiye Y\u00fczy\u0131l\u0131 Maarif Modeli&#8221;nde yer alan sosyal-duygusal beceriler de geli\u015fim raporlar\u0131na yans\u0131t\u0131lacak. &nbsp;<\/p>\n\n\n\n<p><strong>Velilere somut \u00f6neriler sunulacak<\/strong><\/p>\n\n\n\n<p>B\u00f6ylece velilere, \u00f6\u011fretmenlerin de\u011ferlendirme s\u00fcre\u00e7lerinde dikkate ald\u0131\u011f\u0131 geli\u015fimsel \u00f6l\u00e7\u00fctler ile \u00e7ocuklar\u0131n kaydetti\u011fi ilerleme hakk\u0131nda rehberlik sa\u011flanacak. Geli\u015fim raporlar\u0131nda \u00f6\u011frencilerin geli\u015fimlerinin desteklenmesi i\u00e7in velilere somut \u00f6neriler sunulacak. &nbsp;<\/p>\n\n\n\n<p>\u0130lkokul birinci s\u0131n\u0131f \u00f6\u011frencilerinin geli\u015fim raporlar\u0131 ilk kez, 17 Ocak&#8217;ta ba\u015flayacak yar\u0131y\u0131l tatilinde verilecek. Ayr\u0131ca &#8220;e-Okul&#8221; \u00fczerinden velilerin de eri\u015fimine a\u00e7\u0131lacak.&nbsp;&nbsp;<\/p>\n\n\n\n<p>Geli\u015fim raporlar\u0131 i\u00e7in uygulama ekranlar\u0131, sade ve anla\u015f\u0131l\u0131r \u015fekilde kurguland\u0131. Bu raporlar\u0131n haz\u0131rl\u0131k s\u00fcrecinde, beceri temelli \u00f6\u011fretim programlar\u0131na sahip \u00fclkelerin e\u011fitim sistemlerine dair uygulamalar incelendi. &nbsp;<\/p>\n\n\n\n<p>Ard\u0131ndan \u00f6\u011fretim programlar\u0131n\u0131n g\u00fcncellenmesinde g\u00f6rev alan akademisyenler ve \u00f6\u011fretmenlerle toplant\u0131lar yap\u0131ld\u0131. &nbsp;<\/p>\n\n\n\n<p>Bu toplant\u0131larda, \u00f6\u011fretme ve \u00f6\u011frenme s\u00fcrecinin ayr\u0131nt\u0131l\u0131 de\u011ferlendirilebilmesi i\u00e7in rubrikler ve dereceli puanlama anahtarlar\u0131 haz\u0131rland\u0131.<\/p>\n","protected":false},"excerpt":{"rendered":"<p>TYMM kapsam\u0131nda g\u00fcncellenen \u00f6\u011fretim programlar\u0131, &#8220;beceri&#8221; temelli bir yap\u0131 \u00fczerine \u015fekillendi. Bu yap\u0131; alan becerileri, kavramsal beceriler ve sosyal-duygusal \u00f6\u011frenme becerileri gibi bir\u00e7ok bile\u015feni i\u00e7eriyor. &nbsp; &#8220;Beceri temelli&#8221; yeni m\u00fcfredatla &#8220;sonu\u00e7 odakl\u0131 \u00f6l\u00e7me&#8221; yerine &#8220;s\u00fcre\u00e7 odakl\u0131 \u00f6l\u00e7meye&#8221; de ge\u00e7i\u015f yap\u0131ld\u0131. &nbsp; Yeni m\u00fcfredat do\u011frultusunda haz\u0131rlanan ders kitaplar\u0131nda da &#8220;s\u00fcre\u00e7 odakl\u0131 \u00f6l\u00e7me&#8221; kapsam\u0131nda &#8220;b\u00fct\u00fcnc\u00fcl e\u011fitim yakla\u015f\u0131m\u0131&#8221; [&hellip;]<\/p>\n","protected":false},"author":2,"featured_media":38411,"comment_status":"closed","ping_status":"closed","sticky":false,"template":"","format":"standard","meta":{"footnotes":""},"categories":[3],"tags":[],"class_list":["post-38410","post","type-post","status-publish","format-standard","has-post-thumbnail","hentry","category-manset"],"views":8,"_links":{"self":[{"href":"https:\/\/mersinkadingazetesi.com\/index.php?rest_route=\/wp\/v2\/posts\/38410"}],"collection":[{"href":"https:\/\/mersinkadingazetesi.com\/index.php?rest_route=\/wp\/v2\/posts"}],"about":[{"href":"https:\/\/mersinkadingazetesi.com\/index.php?rest_route=\/wp\/v2\/types\/post"}],"author":[{"embeddable":true,"href":"https:\/\/mersinkadingazetesi.com\/index.php?rest_route=\/wp\/v2\/users\/2"}],"replies":[{"embeddable":true,"href":"https:\/\/mersinkadingazetesi.com\/index.php?rest_route=%2Fwp%2Fv2%2Fcomments&post=38410"}],"version-history":[{"count":1,"href":"https:\/\/mersinkadingazetesi.com\/index.php?rest_route=\/wp\/v2\/posts\/38410\/revisions"}],"predecessor-version":[{"id":38412,"href":"https:\/\/mersinkadingazetesi.com\/index.php?rest_route=\/wp\/v2\/posts\/38410\/revisions\/38412"}],"wp:featuredmedia":[{"embeddable":true,"href":"https:\/\/mersinkadingazetesi.com\/index.php?rest_route=\/wp\/v2\/media\/38411"}],"wp:attachment":[{"href":"https:\/\/mersinkadingazetesi.com\/index.php?rest_route=%2Fwp%2Fv2%2Fmedia&parent=38410"}],"wp:term":[{"taxonomy":"category","embeddable":true,"href":"https:\/\/mersinkadingazetesi.com\/index.php?rest_route=%2Fwp%2Fv2%2Fcategories&post=38410"},{"taxonomy":"post_tag","embeddable":true,"href":"https:\/\/mersinkadingazetesi.com\/index.php?rest_route=%2Fwp%2Fv2%2Ftags&post=38410"}],"curies":[{"name":"wp","href":"https:\/\/api.w.org\/{rel}","templated":true}]}}