{"id":38416,"date":"2025-01-03T17:38:24","date_gmt":"2025-01-03T14:38:24","guid":{"rendered":"https:\/\/mersinkadingazetesi.com\/?p=38416"},"modified":"2025-01-03T17:38:25","modified_gmt":"2025-01-03T14:38:25","slug":"deva-partili-ekmen-mersinin-103-kurtulus-yilini-kutladi-gecmisi-anip-gelecege-yon-verelim","status":"publish","type":"post","link":"https:\/\/mersinkadingazetesi.com\/?p=38416","title":{"rendered":"DEVA Partili Ekmen, Mersin\u2019in 103. kurtulu\u015f y\u0131l\u0131n\u0131 kutlad\u0131: Ge\u00e7mi\u015fi an\u0131p gelece\u011fe y\u00f6n verelim!\u00a0"},"content":{"rendered":"\n<figure class=\"wp-block-table\"><table class=\"has-fixed-layout\"><tbody><tr><td><strong>DEVA Partisi Genel Ba\u015fkan Yard\u0131mc\u0131s\u0131 Mehmet Emin Ekmen, 3 Ocak Mersin\u2019in d\u00fc\u015fman i\u015fgalinden kurtulu\u015fu g\u00fcn\u00fcyle ilgili kutlama mesaj\u0131 yay\u0131mlad\u0131. Mersin\u2019in d\u00fc\u015fman i\u015fgalinden kurtulu\u015funun 103. y\u0131l d\u00f6n\u00fcm\u00fcn\u00fc kutlayan Ekmen, s\u00f6z konusu kutlamalar\u0131n sadece ge\u00e7mi\u015fi anmakla kalmay\u0131p, ayn\u0131 zamanda gelece\u011fe y\u00f6n vermek i\u00e7in de bir f\u0131rsat oldu\u011funu belirterek, Mersinlilerin, Atat\u00fcrk&#8217;\u00fcn &#8216;Mersinliler Mersin\u2019e sahip \u00e7\u0131k\u0131n\u0131z&#8217; s\u00f6z\u00fcn\u00fc iyi hat\u0131rlamalar\u0131 gerekti\u011fine dikkat \u00e7ekti.&nbsp;<\/strong>&nbsp;Mersin&#8217;in \u00e7evresel, ekonomik ve sosyal sorunlar\u0131n\u0131n g\u00f6z \u00f6n\u00fcnde bulundurulmas\u0131 gerekti\u011fini vurgulayan Ekmen, Akdeniz Sahil Yolu, \u00c7e\u015fmeli Ta\u015fucu Projeleri ve Pamukluk Baraj\u0131&#8217;n\u0131n Toroslardaki di\u011fer sulama projelerinin Mersin\u2019in kurtulu\u015funun 103\u2019\u00fcnc\u00fc y\u0131l\u0131nda bitmesi gerekti\u011fini s\u00f6yledi.&nbsp;&nbsp;DEVA Partisi Genel Ba\u015fkan Yard\u0131mc\u0131s\u0131 ve Mersin Milletvekili Mehmet Emin Ekmen, 3 Ocak Mersin\u2019in d\u00fc\u015fman i\u015fgalinden kurtulu\u015funun 103\u2019\u00fcnc\u00fc y\u0131l\u0131 dolay\u0131s\u0131yla bir mesaj yay\u0131mlad\u0131. Mersin Valili\u011fi ve Mersin B\u00fcy\u00fck\u015fehir Belediyesi taraf\u0131ndan d\u00fczenlenen resmi programlarla kat\u0131lan Ekmen, Mersinlilerin birlik, beraberlik ve dayan\u0131\u015fma ruhuyla daha g\u00fc\u00e7l\u00fc bir gelecek in\u015fa edeceklerini ifade etti.&nbsp;&nbsp;<strong>Ge\u00e7mi\u015fi an\u0131p gelece\u011fe y\u00f6n verelim<\/strong>Mersin\u2019imizin d\u00fc\u015fman i\u015fgalinden kurtulu\u015funun 103. y\u0131l d\u00f6n\u00fcm\u00fcn\u00fc kutlayan Ekmen, s\u00f6z konusu kutlamalar\u0131n sadece ge\u00e7mi\u015fi anmakla kalmay\u0131p, ayn\u0131 zamanda gelece\u011fe y\u00f6n vermek i\u00e7in de bir f\u0131rsat oldu\u011funu belirterek, \u201cMersin\u2019in ba\u011f\u0131ms\u0131zl\u0131\u011f\u0131na ula\u015fmas\u0131nda b\u00fcy\u00fck eme\u011fi olan Gazi Mustafa Kemal Atat\u00fcrk ve silah arkada\u015flar\u0131n\u0131, ba\u011f\u0131ms\u0131zl\u0131k m\u00fccadelesinde canlar\u0131n\u0131 feda eden aziz \u015fehitlerimizi ve gazilerimizi rahmet, minnet ve \u015f\u00fckranla an\u0131yoruz&#8221; ifadelerini kulland\u0131.&nbsp;&nbsp;<strong>Mersin i\u00e7in el birli\u011fiyle \u00e7al\u0131\u015fmal\u0131y\u0131z<\/strong>Mersin&#8217;in \u00e7evresel, ekonomik ve sosyal sorunlar\u0131n\u0131n g\u00f6z \u00f6n\u00fcnde bulundurulmas\u0131 gerekti\u011fini vurgulayan Ekmen, \u015fehrin her alanda hak etti\u011fi de\u011feri ve deste\u011fi almas\u0131 gerekti\u011fine dikkat \u00e7ekti. Mersinlilerin, Atat\u00fcrk&#8217;\u00fcn &#8216;Mersinliler Mersin\u2019e sahip \u00e7\u0131k\u0131n\u0131z&#8217; s\u00f6z\u00fcn\u00fc iyi hat\u0131rlamalar\u0131 gerekti\u011fini belirten Ekmen, Mersin ekonomisini canland\u0131racak ve Mersinlilerin refah\u0131n\u0131 art\u0131racak projelere t\u00fcm Mersinlilerin destek vermesi gerekti\u011fini ifade ederek, \u201cMersin halk\u0131 olarak, y\u00fczy\u0131llard\u0131r farkl\u0131 inan\u00e7, dil ve k\u00fclt\u00fcrleri bir arada bar\u0131nd\u0131rman\u0131n getirdi\u011fi zenginli\u011fe sahibiz. Bu farkl\u0131l\u0131klar\u0131 bir ayr\u0131\u015fma unsuru olarak de\u011fil, aksine birer de\u011fer olarak kabul ediyoruz. Bu yolda, her bir vatanda\u015f\u0131m\u0131z\u0131n haklar\u0131n\u0131 ve de\u011ferini korumak, sosyal bar\u0131\u015f\u0131 tesis etmek ve Mersin\u2019imizi daha g\u00fczel bir gelece\u011fe ta\u015f\u0131mak i\u00e7in el birli\u011fiyle \u00e7al\u0131\u015fmal\u0131y\u0131z. \u0130\u015fte bu \u015fekilde, Mersin\u2019i gelecek nesiller i\u00e7in daha ya\u015fanabilir, huzurlu ve mutlu bir \u015fehir haline getirebiliriz\u201d de\u011ferlendirmesinde bulundu.&nbsp;<strong>Mersin\u2019in 103\u2019\u00fcnc\u00fc y\u0131l\u0131nda eksik projeler tamamlans\u0131n!<\/strong>Ekmen, Mersin\u2019in 103\u2019\u00fcnc\u00fc kutlama y\u0131l\u0131 mesaj\u0131nda Ekmen, kentin sorunlar\u0131na da dikkat \u00e7ekti. Akdeniz Sahil Yolu ve \u00c7e\u015fmeli-Ta\u015fucu Projeleri ve Pamukluk Baraj\u0131&#8217;n\u0131n Toroslardaki di\u011fer sulama projelerinin Mersin\u2019in 103\u2019\u00fcnc\u00fc kurulu\u015f y\u0131l\u0131nda tamamlanmas\u0131 gerekti\u011fine vurgu yapan Ekmen, bu projelerin tamamlanmas\u0131 halinde sadece Mersin ekonomisinin de\u011fil, T\u00fcrkiye ekonomisinin de ciddi fayda g\u00f6rece\u011fini belirtti.<\/td><\/tr><\/tbody><\/table><\/figure>\n","protected":false},"excerpt":{"rendered":"<p>DEVA Partisi Genel Ba\u015fkan Yard\u0131mc\u0131s\u0131 Mehmet Emin Ekmen, 3 Ocak Mersin\u2019in d\u00fc\u015fman i\u015fgalinden kurtulu\u015fu g\u00fcn\u00fcyle ilgili kutlama mesaj\u0131 yay\u0131mlad\u0131. Mersin\u2019in d\u00fc\u015fman i\u015fgalinden kurtulu\u015funun 103. y\u0131l d\u00f6n\u00fcm\u00fcn\u00fc kutlayan Ekmen, s\u00f6z konusu kutlamalar\u0131n sadece ge\u00e7mi\u015fi anmakla kalmay\u0131p, ayn\u0131 zamanda gelece\u011fe y\u00f6n vermek i\u00e7in de bir f\u0131rsat oldu\u011funu belirterek, Mersinlilerin, Atat\u00fcrk&#8217;\u00fcn &#8216;Mersinliler Mersin\u2019e sahip \u00e7\u0131k\u0131n\u0131z&#8217; s\u00f6z\u00fcn\u00fc iyi hat\u0131rlamalar\u0131 [&hellip;]<\/p>\n","protected":false},"author":2,"featured_media":38417,"comment_status":"closed","ping_status":"closed","sticky":false,"template":"","format":"standard","meta":{"footnotes":""},"categories":[3,5],"tags":[],"class_list":["post-38416","post","type-post","status-publish","format-standard","has-post-thumbnail","hentry","category-manset","category-mersin"],"views":11,"_links":{"self":[{"href":"https:\/\/mersinkadingazetesi.com\/index.php?rest_route=\/wp\/v2\/posts\/38416"}],"collection":[{"href":"https:\/\/mersinkadingazetesi.com\/index.php?rest_route=\/wp\/v2\/posts"}],"about":[{"href":"https:\/\/mersinkadingazetesi.com\/index.php?rest_route=\/wp\/v2\/types\/post"}],"author":[{"embeddable":true,"href":"https:\/\/mersinkadingazetesi.com\/index.php?rest_route=\/wp\/v2\/users\/2"}],"replies":[{"embeddable":true,"href":"https:\/\/mersinkadingazetesi.com\/index.php?rest_route=%2Fwp%2Fv2%2Fcomments&post=38416"}],"version-history":[{"count":1,"href":"https:\/\/mersinkadingazetesi.com\/index.php?rest_route=\/wp\/v2\/posts\/38416\/revisions"}],"predecessor-version":[{"id":38418,"href":"https:\/\/mersinkadingazetesi.com\/index.php?rest_route=\/wp\/v2\/posts\/38416\/revisions\/38418"}],"wp:featuredmedia":[{"embeddable":true,"href":"https:\/\/mersinkadingazetesi.com\/index.php?rest_route=\/wp\/v2\/media\/38417"}],"wp:attachment":[{"href":"https:\/\/mersinkadingazetesi.com\/index.php?rest_route=%2Fwp%2Fv2%2Fmedia&parent=38416"}],"wp:term":[{"taxonomy":"category","embeddable":true,"href":"https:\/\/mersinkadingazetesi.com\/index.php?rest_route=%2Fwp%2Fv2%2Fcategories&post=38416"},{"taxonomy":"post_tag","embeddable":true,"href":"https:\/\/mersinkadingazetesi.com\/index.php?rest_route=%2Fwp%2Fv2%2Ftags&post=38416"}],"curies":[{"name":"wp","href":"https:\/\/api.w.org\/{rel}","templated":true}]}}