{"id":38419,"date":"2025-01-03T17:39:20","date_gmt":"2025-01-03T14:39:20","guid":{"rendered":"https:\/\/mersinkadingazetesi.com\/?p=38419"},"modified":"2025-01-03T17:39:21","modified_gmt":"2025-01-03T14:39:21","slug":"baskan-secer-ve-meral-secer-3-ocak-mersinin-dusman-isgalinden-kurtulusunun-103-yil-donumunde-sehit-aileleri-ve-gazilerle-bulustu","status":"publish","type":"post","link":"https:\/\/mersinkadingazetesi.com\/?p=38419","title":{"rendered":"BA\u015eKAN SE\u00c7ER VE MERAL SE\u00c7ER, 3 OCAK MERS\u0130N&#8217;\u0130N D\u00dc\u015eMAN \u0130\u015eGAL\u0130NDEN KURTULU\u015eU&#8217;NUN 103. YIL D\u00d6N\u00dcM\u00dcNDE \u015eEH\u0130T A\u0130LELER\u0130 VE GAZ\u0130LERLE BULU\u015eTU"},"content":{"rendered":"\n<p>Mersin B\u00fcy\u00fck\u015fehir Belediye Ba\u015fkan\u0131 Vahap Se\u00e7er ve Meral Se\u00e7er, Mersin B\u00fcy\u00fck\u015fehir Belediyesi taraf\u0131ndan 3 Ocak Mersin&#8217;in D\u00fc\u015fman \u0130\u015fgalinden Kurtulu\u015fu&#8217;nun 103. y\u0131l d\u00f6n\u00fcm\u00fc etkinlikleri kapsam\u0131nda \u015fehit aileleri ve gaziler onuruna verilen yemek program\u0131na kat\u0131ld\u0131.<\/p>\n\n\n\n<p>Programa; Ba\u015fkan Se\u00e7er ve e\u015fi Meral Se\u00e7er&#8217;in yan\u0131 s\u0131ra Mersin Valisi Ali Hamza Pehlivan,&nbsp;Deniz Hava Komutan\u0131 Tu\u011famiral Mehmet Sava\u015f Eser, Mersin milletvekilleri, siyasi&nbsp;partilerin temsilcileri,&nbsp;kent protokol\u00fc, gazi derneklerinin \u015fube ba\u015fkanlar\u0131, \u015fehit aileleri, yak\u0131nlar\u0131 ve gaziler ile gazilerin aileleri&nbsp;kat\u0131ld\u0131. Programda,&nbsp;Kur&#8217;an-\u0131 Kerim tilavetinin ard\u0131ndan&nbsp;konu\u015fmalara ge\u00e7ildi.<\/p>\n\n\n\n<p><strong>Se\u00e7er: &#8220;3 Ocak, h\u00fcrriyetimizin kazan\u0131ld\u0131\u011f\u0131 g\u00fcn&#8221;<\/strong><\/p>\n\n\n\n<p>Ba\u015fkan Se\u00e7er, \u015fehirlerin simge g\u00fcnlerinin oldu\u011funu ve 3 Ocak&#8217;\u0131n da Mersin i\u00e7in \u00e7ok \u00f6nemli bir g\u00fcn oldu\u011funu s\u00f6yleyerek ba\u015flad\u0131\u011f\u0131 konu\u015fmas\u0131nda,&nbsp;<strong>&#8220;3 Ocak, do\u011fum tarihimiz, yeniden do\u011fu\u015fumuz, ba\u011f\u0131ms\u0131zl\u0131\u011f\u0131m\u0131z\u0131n, h\u00fcrriyetimizin kazan\u0131ld\u0131\u011f\u0131 g\u00fcn. O s\u00fcre\u00e7 i\u00e7erisinde sadece Mersin&#8217;de de\u011fil, Anadolu topraklar\u0131n\u0131n d\u00f6rt bir k\u00f6\u015fesinde Birinci D\u00fcnya Sava\u015f\u0131 sonras\u0131 emperyalist g\u00fc\u00e7lerin i\u015fgal etti\u011fi topraklardan sadece bir tanesi bu b\u00f6lgenin topraklar\u0131. O d\u00f6nemin Mersin merkezi \u015fimdinin daha \u00e7ok Toroslar olarak and\u0131\u011f\u0131m\u0131z b\u00f6lgeleri; \u00f6zellikle Tarsus, Adana, Gaziantep, Kahramanmara\u015f, bu b\u00f6lgede verilen m\u00fccadeleler \u00e7ok \u00f6nemli, \u00e7ok de\u011ferlidir. Tarihimizde de o d\u00f6nemde bu topraklar ulusal kurtulu\u015f m\u00fccadelesinin \u00e7ok sembol direni\u015flerinin, m\u00fccadelelerinin oldu\u011fu yerdir&#8221;&nbsp;<\/strong>dedi.<\/p>\n\n\n\n<p>Ulu \u00d6nder Mustafa Kemal Atat\u00fcrk&#8217;\u00fcn \u00f6nderli\u011finde kurtulu\u015f m\u00fccadelesi verildi\u011fini ve bu sayede bir arada karde\u015f\u00e7e ya\u015famaya devam edildi\u011fini anlatan Se\u00e7er,&nbsp;<strong>&#8220;Kadim Anadolu topraklar\u0131n\u0131n k\u00fclt\u00fcr\u00fcyle yo\u011frulmu\u015f bu insanlar, \u00fclkemizi i\u015fgalcilerden kurtard\u0131. Bug\u00fcn e\u011fer bu topraklarda farkl\u0131 yap\u0131m\u0131za, k\u00fclt\u00fcr\u00fcm\u00fcze, rengimize ra\u011fmen bir arada karde\u015f\u00e7e ya\u015fayabiliyorsak buna bor\u00e7luyuz. Kuzey Afrika&#8217;da, Arap Yar\u0131madas\u0131&#8217;nda, Ortado\u011fu&#8217;daki geli\u015fmeleri g\u00f6r\u00fcyoruz. Bug\u00fcn burada her \u015feye ra\u011fmen karde\u015f\u00e7e ya\u015fayabiliyorsak bu ulusal kurtulu\u015f m\u00fccadelemizin sonucudur&#8221;&nbsp;<\/strong>diye konu\u015ftu.<\/p>\n\n\n\n<p><strong>&#8220;Mersin, Cumhuriyet&#8217;in hep parlayan y\u00fcz\u00fc ve y\u0131ld\u0131z kenti olmu\u015ftur&#8221;<\/strong><\/p>\n\n\n\n<p>Mersin&#8217;in T\u00fcrkiye&#8217;nin iz d\u00fc\u015f\u00fcm\u00fc oldu\u011funu, demografisiyle k\u00fclt\u00fcr mozai\u011fi bir kent oldu\u011funu s\u00f6yleyen Se\u00e7er,&nbsp;<strong>&#8220;Cumhuriyet tarihi boyunca Mersin; Cumhuriyet&#8217;in modern ve \u00e7a\u011fda\u015f y\u00fcz\u00fc olmu\u015ftur. K\u00fclt\u00fcre, sanata, sanat\u00e7\u0131ya, e\u011fitime, bilime, ilime verdi\u011fi de\u011ferle Mersin; Cumhuriyetin hep parlayan y\u00fcz\u00fc ve y\u0131ld\u0131z kenti olmu\u015ftur. O g\u00fcnden bug\u00fcne Mersinimizde \u00e7ok geli\u015fmeler oldu ama d\u00fcn de bug\u00fcn de yar\u0131n da Mersin&#8217;deki bu geli\u015fmeler devam edecek. Her birimizin katk\u0131lar\u0131 ile devam edecek. Bug\u00fcn bizler, yar\u0131n \u00e7ocuklar\u0131m\u0131z, torunlar\u0131m\u0131z, her birimizin katk\u0131s\u0131 olacak&#8221;&nbsp;<\/strong>ifadelerine yer verdi.<\/p>\n\n\n\n<p><strong>&#8220;Kurtulu\u015f g\u00fcn\u00fcm\u00fcz kutlu olsun&#8221;<\/strong><\/p>\n\n\n\n<p>Ba\u015fkan Se\u00e7er, d\u00fcnya ile rekabet edebilmek i\u00e7in Atat\u00fcrk&#8217;\u00fcn izinden gidenler olarak e\u011fitim, k\u00fclt\u00fcr, sanatla hareket ettiklerini ve edeceklerini anlatt\u0131. Se\u00e7er, Mersin&#8217;in \u00e7ok de\u011ferli bir kent oldu\u011funu s\u00f6zlerine ekleyerek<strong>, &#8220;Havas\u0131yla, suyuyla, topra\u011f\u0131yla, verimlili\u011fiyle ve karde\u015f\u00e7e, bir arada ya\u015fama k\u00fclt\u00fcr\u00fcn\u00fcn olmas\u0131 h\u00fcviyetiyle \u00e7ok m\u00fcstesna bir kent. Mersinimizin de\u011ferini bilece\u011fiz. Siyaseti bir yana b\u0131rakaca\u011f\u0131z. Biz bir araday\u0131z, bir aileyiz<\/strong>.&nbsp;<strong>\u0130n\u015fallah gelecek g\u00fcnler bug\u00fcnlerden \u00e7ok daha g\u00fczel olsun. Gayretlerimiz bu y\u00f6nde. Allah bizlere Mersinlilere, \u00fclkemize, T\u00fcrk milletine bir daha kurtulu\u015f tarihi yazd\u0131rmay\u0131 nasip etmesin. Kimse kem g\u00f6zlerini bize dikmesin. G\u00fc\u00e7l\u00fcy\u00fcz, d\u00fcn de g\u00fc\u00e7l\u00fcyd\u00fck, yar\u0131n da g\u00fc\u00e7l\u00fc olaca\u011f\u0131z. Bu \u00fclke, bu millet hep ya\u015fayacak. Kurtulu\u015f g\u00fcn\u00fcm\u00fcz kutlu olsun&#8221;&nbsp;<\/strong>dedi.<\/p>\n\n\n\n<p><strong>Pehlivan: &#8220;Bu \u00f6zel g\u00fcnler \u015fehitlerimizi ve gazilerimizi sayg\u0131yla and\u0131\u011f\u0131m\u0131z g\u00fcnler&#8221;<\/strong><\/p>\n\n\n\n<p>Yemek program\u0131nda konu\u015fan Mersin Valisi Ali Hamza Pehlivan da&nbsp;<strong>&#8220;Bu \u00f6zel g\u00fcnler \u015fanl\u0131 ecdad\u0131n\u0131z\u0131, \u015fehitlerimizi, gazilerimizi and\u0131\u011f\u0131m\u0131z; manevi hat\u0131ralar\u0131n\u0131 ve hikayelerini rahmetle, sayg\u0131yla yad etti\u011fimiz g\u00fcnler. Bu g\u00fcnler, tarihimize ve tarihteki kahramanlar\u0131m\u0131za sahip \u00e7\u0131kt\u0131\u011f\u0131m\u0131z; tarihimizi ve tarih boyunca ya\u015fad\u0131klar\u0131m\u0131z\u0131 gen\u00e7lerimize, \u00e7ocuklar\u0131m\u0131za anlatt\u0131\u011f\u0131m\u0131z ve anlatmam\u0131z gereken g\u00fcnlerdir&#8221;&nbsp;<\/strong>dedi. Pehlivan, yeme\u011fi d\u00fczenleyen Mersin B\u00fcy\u00fck\u015fehir Belediyesi&#8217;ne ve Ba\u015fkan Vahap Se\u00e7er&#8217;e de te\u015fekk\u00fcr etti.<\/p>\n\n\n\n<p>Program yemek ikram\u0131n\u0131n ard\u0131ndan sona erdi. Yemek sonras\u0131nda Mersin \u0130l M\u00fcft\u00fcs\u00fc Ayd\u0131n Y\u0131\u011fman taraf\u0131ndan dua edildi.<\/p>\n","protected":false},"excerpt":{"rendered":"<p>Mersin B\u00fcy\u00fck\u015fehir Belediye Ba\u015fkan\u0131 Vahap Se\u00e7er ve Meral Se\u00e7er, Mersin B\u00fcy\u00fck\u015fehir Belediyesi taraf\u0131ndan 3 Ocak Mersin&#8217;in D\u00fc\u015fman \u0130\u015fgalinden Kurtulu\u015fu&#8217;nun 103. y\u0131l d\u00f6n\u00fcm\u00fc etkinlikleri kapsam\u0131nda \u015fehit aileleri ve gaziler onuruna verilen yemek program\u0131na kat\u0131ld\u0131. Programa; Ba\u015fkan Se\u00e7er ve e\u015fi Meral Se\u00e7er&#8217;in yan\u0131 s\u0131ra Mersin Valisi Ali Hamza Pehlivan,&nbsp;Deniz Hava Komutan\u0131 Tu\u011famiral Mehmet Sava\u015f Eser, Mersin milletvekilleri, [&hellip;]<\/p>\n","protected":false},"author":2,"featured_media":38420,"comment_status":"closed","ping_status":"closed","sticky":false,"template":"","format":"standard","meta":{"footnotes":""},"categories":[3],"tags":[],"class_list":["post-38419","post","type-post","status-publish","format-standard","has-post-thumbnail","hentry","category-manset"],"views":7,"_links":{"self":[{"href":"https:\/\/mersinkadingazetesi.com\/index.php?rest_route=\/wp\/v2\/posts\/38419"}],"collection":[{"href":"https:\/\/mersinkadingazetesi.com\/index.php?rest_route=\/wp\/v2\/posts"}],"about":[{"href":"https:\/\/mersinkadingazetesi.com\/index.php?rest_route=\/wp\/v2\/types\/post"}],"author":[{"embeddable":true,"href":"https:\/\/mersinkadingazetesi.com\/index.php?rest_route=\/wp\/v2\/users\/2"}],"replies":[{"embeddable":true,"href":"https:\/\/mersinkadingazetesi.com\/index.php?rest_route=%2Fwp%2Fv2%2Fcomments&post=38419"}],"version-history":[{"count":1,"href":"https:\/\/mersinkadingazetesi.com\/index.php?rest_route=\/wp\/v2\/posts\/38419\/revisions"}],"predecessor-version":[{"id":38421,"href":"https:\/\/mersinkadingazetesi.com\/index.php?rest_route=\/wp\/v2\/posts\/38419\/revisions\/38421"}],"wp:featuredmedia":[{"embeddable":true,"href":"https:\/\/mersinkadingazetesi.com\/index.php?rest_route=\/wp\/v2\/media\/38420"}],"wp:attachment":[{"href":"https:\/\/mersinkadingazetesi.com\/index.php?rest_route=%2Fwp%2Fv2%2Fmedia&parent=38419"}],"wp:term":[{"taxonomy":"category","embeddable":true,"href":"https:\/\/mersinkadingazetesi.com\/index.php?rest_route=%2Fwp%2Fv2%2Fcategories&post=38419"},{"taxonomy":"post_tag","embeddable":true,"href":"https:\/\/mersinkadingazetesi.com\/index.php?rest_route=%2Fwp%2Fv2%2Ftags&post=38419"}],"curies":[{"name":"wp","href":"https:\/\/api.w.org\/{rel}","templated":true}]}}