{"id":38423,"date":"2025-01-05T10:16:54","date_gmt":"2025-01-05T07:16:54","guid":{"rendered":"https:\/\/mersinkadingazetesi.com\/?p=38423"},"modified":"2025-01-05T10:16:54","modified_gmt":"2025-01-05T07:16:54","slug":"durmus-ogretmenler-odasi-bulusmasi-kapsaminda-meslektaslariyla-bir-araya-geldi","status":"publish","type":"post","link":"https:\/\/mersinkadingazetesi.com\/?p=38423","title":{"rendered":"DURMU\u015e, &#8220;\u00d6\u011eRETMENLER ODASI BULU\u015eMASI&#8221; KAPSAMINDA MESLEKTA\u015eLARIYLA B\u0130R ARAYA GELD\u0130\u00a0"},"content":{"rendered":"\n<p>\u0130l Mill\u00ee E\u011fitim M\u00fcd\u00fcr\u00fc Fazilet Durmu\u015f, &#8220;\u00d6\u011fretmenler Odas\u0131 Bulu\u015fmas\u0131&#8221; kapsam\u0131nda Fatma Aliye Mesleki ve Teknik Anadolu Lisesinde meslekta\u015flar\u0131yla bulu\u015ftu.<\/p>\n\n\n\n<p>Bulu\u015fma, Fazilet Durmu\u015f&#8217;un 2025 y\u0131l\u0131n\u0131n ve M\u00fcbarek \u00dc\u00e7 Aylar\u0131n \u00f6\u011fretmenlere ba\u015far\u0131 getirmesi temennisi ile ba\u015flad\u0131. T\u00fcrkiye Y\u00fczy\u0131l\u0131 Maarif Modeli&#8217;nin okullarda uygulanma \u015fekli, uygulamada kar\u015f\u0131la\u015f\u0131lan sorunlar ve Maarif Modeli&#8217;mizin uygulamada g\u00f6zlemlenen e\u011fitime katk\u0131lar\u0131na dair ilgili ger\u00e7ekle\u015fen sohbette Fazilet Durmu\u015f, \u00f6\u011fretmenlerin gelece\u011fin mimar\u0131 oldu\u011funu ve \u00f6\u011frencilerin kalbini fetheden birer fatih oldu\u011funu ifade etti. \u00d6\u011fretmen ancak \u00f6\u011frencinin kalbine dokununca onun her y\u00f6nde geli\u015fimine ve ilerlemesine katk\u0131 sunabilir, \u00f6\u011fretmenin ilk i\u015fi \u00e7ocuklar\u0131n\u0131n g\u00f6nl\u00fcne dokunabilmektir, dedi.<\/p>\n\n\n\n<p>Fazilet Durmu\u015f: &#8220;Bizim T\u00fcrkiye Y\u00fczy\u0131l\u0131 hedefimiz zihnimizde ve ruhumuzda \u00e7izdi\u011fimiz en b\u00fcy\u00fck resimdir. \u0130\u015fte bu resim \u00e7er\u00e7evesinde yapt\u0131\u011f\u0131m\u0131z i\u015fin fark\u0131ndal\u0131\u011f\u0131yla ekibimizi ve \u00f6\u011frencilerimizi bu hayale ortak etmeliyiz. \u00d6\u011frencilerimizle birlikte kendimizi de geli\u015fen d\u00fcnyan\u0131n t\u00fcm gerekleriyle donat\u0131p zaman\u0131n ruhunu yakalamal\u0131y\u0131z.&#8221; ifadelerini kulland\u0131.<\/p>\n\n\n\n<p>Bulu\u015fmada, sahada kar\u015f\u0131la\u015f\u0131lan sorunlar ve \u00e7\u00f6z\u00fcm \u00f6nerileri ile ilgili g\u00f6r\u00fc\u015f al\u0131\u015fveri\u015finde bulunuldu. Fazilet Durmu\u015f: &#8220;K\u0131ymetli meslekta\u015flar\u0131m, sizlere e\u011fitim liderli\u011fi yapmak, imk\u00e2nlar sunmak ve ko\u015fullar\u0131 her zaman en iyide tutmak benim g\u00f6revim ama ben de bir \u00f6\u011fretmenim ve her zaman yan\u0131n\u0131zday\u0131m. \u00c7ocuklar\u0131m\u0131z ya da meslekta\u015flar\u0131m i\u00e7in her t\u00fcrl\u00fc deste\u011fe her zaman haz\u0131r\u0131m.&#8221; diyerek \u00f6\u011fretmenlerimize olan deste\u011fini dile getirdi.<\/p>\n\n\n\n<p>Fazilet Durmu\u015f: &#8221; Biz bir ebru sanat\u0131y\u0131z. Ebru teknesine kitreyi koyars\u0131n\u0131z, her bir rengi tek tek serpi\u015ftirirsiniz. Sonra elinize ald\u0131\u011f\u0131n\u0131z &#8216;biz&#8217; \u00e7ubu\u011fu ile \u015fekil verirsiniz sonra \u00e7\u0131kt\u0131s\u0131n\u0131 al\u0131rs\u0131n\u0131z, bakars\u0131n\u0131z her renk kendini muhafaza ederken m\u00fckemmel bir sanat eseri ortaya \u00e7\u0131km\u0131\u015ft\u0131r. Bizim bir sanat eserimiz var o da ay y\u0131ld\u0131zl\u0131 Bayra\u011f\u0131m\u0131z. Her birimiz sahip oldu\u011fumuz farkl\u0131l\u0131klarla ayr\u0131 bir rengiz ve ortaya bir sanat eseri \u00e7\u0131kar\u0131yoruz. Kitreyi iyi haz\u0131rlamak as\u0131l i\u015f. Toplumun da kitresi \u00f6\u011fretmenlerdir. O y\u00fczden bir farkl\u0131l\u0131klar\u0131m\u0131z\u0131 bir zenginlik g\u00f6rerek sanat eserleri ortaya \u00e7\u0131karaca\u011f\u0131z.&#8221; dedi.<\/p>\n\n\n\n<p>\u00d6\u011fretmenlerimiz \u0130l Mill\u00ee E\u011fitim M\u00fcd\u00fcr Fazilet Durmu\u015f&#8217;u okullar\u0131nda a\u011f\u0131rlamaktan ve ger\u00e7ekle\u015fen samimi sohbetten duyduklar\u0131 memnuniyeti dile getirdi.<\/p>\n\n\n\n<p>\u0130l Mill\u00ee E\u011fitim M\u00fcd\u00fcr\u00fc Fazilet Durmu\u015f ile &#8220;\u00d6\u011fretmenler Odas\u0131 Bulu\u015fmas\u0131&#8221;na \u0130l Mill\u00ee E\u011fitim \u015eube M\u00fcd\u00fcr\u00fc \u0130brahim Halil Ula\u015f, Mezitli \u0130l\u00e7e Mill\u00ee E\u011fitim \u015eube M\u00fcd\u00fcrleri Mehmet \u015eirin Esen ve Murat Kazan, okul y\u00f6neticileri ve \u00f6\u011fretmenler kat\u0131ld\u0131.<\/p>\n","protected":false},"excerpt":{"rendered":"<p>\u0130l Mill\u00ee E\u011fitim M\u00fcd\u00fcr\u00fc Fazilet Durmu\u015f, &#8220;\u00d6\u011fretmenler Odas\u0131 Bulu\u015fmas\u0131&#8221; kapsam\u0131nda Fatma Aliye Mesleki ve Teknik Anadolu Lisesinde meslekta\u015flar\u0131yla bulu\u015ftu. Bulu\u015fma, Fazilet Durmu\u015f&#8217;un 2025 y\u0131l\u0131n\u0131n ve M\u00fcbarek \u00dc\u00e7 Aylar\u0131n \u00f6\u011fretmenlere ba\u015far\u0131 getirmesi temennisi ile ba\u015flad\u0131. T\u00fcrkiye Y\u00fczy\u0131l\u0131 Maarif Modeli&#8217;nin okullarda uygulanma \u015fekli, uygulamada kar\u015f\u0131la\u015f\u0131lan sorunlar ve Maarif Modeli&#8217;mizin uygulamada g\u00f6zlemlenen e\u011fitime katk\u0131lar\u0131na dair ilgili ger\u00e7ekle\u015fen sohbette [&hellip;]<\/p>\n","protected":false},"author":2,"featured_media":38424,"comment_status":"closed","ping_status":"closed","sticky":false,"template":"","format":"standard","meta":{"footnotes":""},"categories":[3],"tags":[],"class_list":["post-38423","post","type-post","status-publish","format-standard","has-post-thumbnail","hentry","category-manset"],"views":6,"_links":{"self":[{"href":"https:\/\/mersinkadingazetesi.com\/index.php?rest_route=\/wp\/v2\/posts\/38423"}],"collection":[{"href":"https:\/\/mersinkadingazetesi.com\/index.php?rest_route=\/wp\/v2\/posts"}],"about":[{"href":"https:\/\/mersinkadingazetesi.com\/index.php?rest_route=\/wp\/v2\/types\/post"}],"author":[{"embeddable":true,"href":"https:\/\/mersinkadingazetesi.com\/index.php?rest_route=\/wp\/v2\/users\/2"}],"replies":[{"embeddable":true,"href":"https:\/\/mersinkadingazetesi.com\/index.php?rest_route=%2Fwp%2Fv2%2Fcomments&post=38423"}],"version-history":[{"count":1,"href":"https:\/\/mersinkadingazetesi.com\/index.php?rest_route=\/wp\/v2\/posts\/38423\/revisions"}],"predecessor-version":[{"id":38425,"href":"https:\/\/mersinkadingazetesi.com\/index.php?rest_route=\/wp\/v2\/posts\/38423\/revisions\/38425"}],"wp:featuredmedia":[{"embeddable":true,"href":"https:\/\/mersinkadingazetesi.com\/index.php?rest_route=\/wp\/v2\/media\/38424"}],"wp:attachment":[{"href":"https:\/\/mersinkadingazetesi.com\/index.php?rest_route=%2Fwp%2Fv2%2Fmedia&parent=38423"}],"wp:term":[{"taxonomy":"category","embeddable":true,"href":"https:\/\/mersinkadingazetesi.com\/index.php?rest_route=%2Fwp%2Fv2%2Fcategories&post=38423"},{"taxonomy":"post_tag","embeddable":true,"href":"https:\/\/mersinkadingazetesi.com\/index.php?rest_route=%2Fwp%2Fv2%2Ftags&post=38423"}],"curies":[{"name":"wp","href":"https:\/\/api.w.org\/{rel}","templated":true}]}}