{"id":38426,"date":"2025-01-05T10:18:12","date_gmt":"2025-01-05T07:18:12","guid":{"rendered":"https:\/\/mersinkadingazetesi.com\/?p=38426"},"modified":"2025-01-05T10:18:12","modified_gmt":"2025-01-05T07:18:12","slug":"milli-egitim-bakanligi-ozel-ogretim-kurumlari-yonetmeliginde-degisiklik-yapildi","status":"publish","type":"post","link":"https:\/\/mersinkadingazetesi.com\/?p=38426","title":{"rendered":"&#8220;M\u0130LL\u00ce E\u011e\u0130T\u0130M BAKANLI\u011eI \u00d6ZEL \u00d6\u011eRET\u0130M KURUMLARI Y\u00d6NETMEL\u0130\u011e\u0130&#8221;NDE DE\u011e\u0130\u015e\u0130KL\u0130K YAPILDI\u00a0"},"content":{"rendered":"\n<p>Yeni d\u00fczenleme kapsam\u0131nda, Mill\u00ee E\u011fitim Bakanl\u0131\u011f\u0131na ba\u011fl\u0131 faaliyet g\u00f6sterecek \u00fc\u00e7 yeni kurum t\u00fcr\u00fc tan\u0131mland\u0131. Bunlardan ilki; ilkokul \u00e7a\u011f\u0131ndaki \u00f6\u011frencilere ilgi, istek ve yetenekleri do\u011frultusunda sosyal, k\u00fclt\u00fcrel, sanatsal, sportif alanlarda e\u011fitim verilen ve bireysel olarak \u00f6dev ve projelerinin yap\u0131lmas\u0131nda destek sunulan &#8220;\u00f6\u011frenci etkinlik merkezleri&#8221; oldu. &nbsp;<\/p>\n\n\n\n<p>\u00d6\u011frenci etkinlik merkezlerinde bu kurum t\u00fcr\u00fc i\u00e7in Mill\u00ee E\u011fitim Bakanl\u0131\u011f\u0131 taraf\u0131ndan onaylanan yabanc\u0131 dil, ki\u015fisel geli\u015fim, bilgisayar, m\u00fczik, g\u00f6steri sanatlar\u0131, el sanatlar\u0131, spor, ahlak ve de\u011ferler gruplar\u0131ndaki programlar uygulanacak. \u0130lkokul \u00f6\u011frencileri, programlara hafta i\u00e7i okul saati d\u0131\u015f\u0131nda ya da hafta sonu devam edebilecek. &nbsp;<\/p>\n\n\n\n<p><strong>&#8220;Psikolojik Dan\u0131\u015fma Merkezleri&#8221;<\/strong><\/p>\n\n\n\n<p>Ayr\u0131ca bireylerin kendilerini tan\u0131malar\u0131na, karar verme ve problem \u00e7\u00f6zme becerilerini geli\u015ftirmelerine, psikolojik iyilik h\u00e2llerini art\u0131rmalar\u0131na y\u00f6nelik bireysel ya da grup olarak profesyonel psikolojik deste\u011fin sunulabilece\u011fi; rehberlik ve psikolojik dan\u0131\u015fmanl\u0131k alan\u0131nda bireylerin kendilerini geli\u015ftirmelerine, mesleki bilgi ve becerilerini art\u0131rmalar\u0131na d\u00f6n\u00fck e\u011fitimlerin verilebilece\u011fi rehberlik ve &#8220;psikolojik dan\u0131\u015fma merkezleri&#8221; ad\u0131 alt\u0131nda yeni kurum t\u00fcr\u00fc tan\u0131mland\u0131. &nbsp;<\/p>\n\n\n\n<p>Bu kurumlarda bireylere ve gruplara psikolojik dan\u0131\u015fma hizmeti sunulacak ve bu kurum t\u00fcr\u00fc i\u00e7in MEB taraf\u0131ndan onaylanan e\u011fitsel dan\u0131\u015fmanl\u0131k, akademik kayg\u0131, akran zorbal\u0131\u011f\u0131, ba\u011f\u0131ml\u0131l\u0131k, \u00e7ocuk e\u011fitimi ve aile, psikolojik ilk yard\u0131m, ya\u015famda anlam gibi programlar uygulanabilecek.&nbsp;<strong>&nbsp;<\/strong><\/p>\n\n\n\n<p><strong>&#8220;Dil, Konu\u015fma ve Ergoterapi Merkezleri&#8221;<\/strong><\/p>\n\n\n\n<p>Y\u00f6netmelik&#8217;te yap\u0131lan de\u011fi\u015fiklikle tan\u0131mlanan di\u011fer bir kurum t\u00fcr\u00fc &#8220;dil, konu\u015fma ve ergoterapi merkezleri&#8221; oldu. &nbsp;<\/p>\n\n\n\n<p>Bu kurumlarda bireylerin ileti\u015fim becerilerinin ve konu\u015fma ak\u0131c\u0131l\u0131\u011f\u0131n\u0131n geli\u015ftirilerek ya\u015f, cinsiyet ve k\u00fclt\u00fcre uygun ses \u00f6zelliklerinin kazand\u0131r\u0131lmas\u0131, bulunduklar\u0131 \u00e7evreye y\u00f6nelik uyumlar\u0131n\u0131n art\u0131r\u0131lmas\u0131, toplumsal kat\u0131l\u0131mlar\u0131n\u0131n sa\u011flanmas\u0131 amac\u0131yla dil ve konu\u015fma ile ergoterapi alan\u0131nda bireysel ve grup e\u011fitimi verilecek. &nbsp;<\/p>\n\n\n\n<p>Dil, konu\u015fma ve ergoterapi merkezlerinde bu kurum t\u00fcr\u00fc i\u00e7in Mill\u00ee E\u011fitim Bakanl\u0131\u011f\u0131 taraf\u0131ndan onaylanan dil geli\u015fimi, konu\u015fma akusti\u011fi, \u00e7ocukluk \u00e7a\u011f\u0131 dil geli\u015fimi, g\u00fcnl\u00fck ya\u015fam aktiviteleri, ak\u0131c\u0131 konu\u015fma gibi programlar uygulanacak. &nbsp;<\/p>\n\n\n\n<p><strong>Milletleraras\u0131 okullarda yeni d\u00f6nemde &#8220;T\u00fcrk\u00e7e&#8221; dersi<\/strong><\/p>\n\n\n\n<p>T\u00fcrk program\u0131 d\u0131\u015f\u0131nda program uygulayan milletleraras\u0131 \u00f6zel \u00f6\u011fretim kurumlar\u0131nda Bakanl\u0131k\u00e7a onaylanan haftal\u0131k ders \u00e7izelgeleri do\u011frultusunda 1 Eyl\u00fcl 2025 itibar\u0131yla T\u00fcrk\u00e7e ve T\u00fcrk tarihine ili\u015fkin dersler okutulacak. &nbsp;<\/p>\n\n\n\n<p>K\u00fclt\u00fcrleraras\u0131 \u00f6\u011frenci de\u011fi\u015fim programlar\u0131 \u00e7er\u00e7evesinde veya \u00f6\u011frenimlerini yurt d\u0131\u015f\u0131nda yapmak isteyen \u00f6\u011frencilere ya da \u00f6\u011frenimlerini T\u00fcrkiye&#8217;de yapmak \u00fczere yurt d\u0131\u015f\u0131ndan gelen \u00f6\u011frencilere dan\u0131\u015fmanl\u0131k ve s\u0131nav hizmeti sunmak isteyen ger\u00e7ek ve t\u00fczel ki\u015filer, bu faaliyetlerini MEB taraf\u0131ndan belirlenen usul ve esaslara g\u00f6re yapacak. &nbsp;<\/p>\n\n\n\n<p>Ger\u00e7e\u011fe ayk\u0131r\u0131 bilgi veya belge sunularak e\u011fitim kurumu a\u00e7\u0131ld\u0131\u011f\u0131n\u0131n tespit edilmesi h\u00e2linde valilik\u00e7e gerekli tedbirler al\u0131narak kurumun, &#8220;kurum a\u00e7ma izni ile i\u015f yeri a\u00e7ma ve \u00e7al\u0131\u015fma ruhsat\u0131&#8221; iptal edilerek ilgililer hakk\u0131nda su\u00e7 duyurusunda bulunulacak. &nbsp;<\/p>\n\n\n\n<p><strong>Marka lisans d\u00fczenlemesi<\/strong><\/p>\n\n\n\n<p>Y\u00f6netmelik&#8217;te marka lisans s\u00f6zle\u015fmesi yapan kurumlarla ilgili de d\u00fczenleme yap\u0131ld\u0131. &nbsp;<\/p>\n\n\n\n<p>Buna g\u00f6re bir kurucunun marka lisans s\u00f6zle\u015fmesi yaparak \u00f6zel \u00f6\u011fretim kurumunun markas\u0131n\u0131 ba\u015fka ger\u00e7ek ya da t\u00fczel ki\u015filere kulland\u0131rabilmesi i\u00e7in ayn\u0131 t\u00fcrde en az 5 kurumunun bulunmas\u0131 ve bu kurumlar\u0131n her birinin en az 5 y\u0131l boyunca faaliyette bulunmu\u015f olmas\u0131 \u015fart\u0131 aranacak. &nbsp;<\/p>\n\n\n\n<p>Kurucular, bu \u015fartlar\u0131 sa\u011flayan kurumlar\u0131n\u0131n en fazla 3 kat\u0131na kadar ba\u015fka ger\u00e7ek ya da t\u00fczel ki\u015filere markas\u0131n\u0131 kulland\u0131rabilecek. &nbsp;<\/p>\n\n\n\n<p>Bu d\u00fczenleme bir ay sonra y\u00fcr\u00fcrl\u00fc\u011fe girecek ve y\u00fcr\u00fcrl\u00fc\u011fe girdi\u011fi tarihten \u00f6nce Mill\u00ee E\u011fitim Bakanl\u0131\u011f\u0131ndan kurum a\u00e7ma izni ile i\u015f yeri a\u00e7ma ve \u00e7al\u0131\u015fma ruhsat\u0131 alan \u00f6zel \u00f6\u011fretim kurumlar\u0131nda bu \u015fart aranmayacak ancak d\u00fczenlemenin y\u00fcr\u00fcrl\u00fc\u011fe girdi\u011fi tarihten sonra bu kurumlar taraf\u0131ndan yap\u0131lacak marka lisans s\u00f6zle\u015fmeleri i\u00e7in bu \u015fartlar\u0131n sa\u011flanmas\u0131 gerekecek. &nbsp;<\/p>\n\n\n\n<p>Okullar\u0131n uluslararas\u0131 diploma ve sertifika programlar\u0131, Mill3i E\u011fitim Bakanl\u0131\u011f\u0131 Uluslararas\u0131 Diploma ve Sertifika Programlar\u0131 Uygulama Y\u00f6nergesi&#8217;nin genel h\u00fck\u00fcmlerine ba\u011fl\u0131 kal\u0131narak uygulanacak.&nbsp; &nbsp;<\/p>\n\n\n\n<p>Okullar\u0131n bu programlar\u0131 uygulamak istemeleri halinde program do\u011frultusunda d\u00fczenlenen haftal\u0131k ders \u00e7izelgelerini 1 Eyl\u00fcl 2025&#8217;e kadar Mill\u00ee E\u011fitim Bakanl\u0131\u011f\u0131na onaylatmalar\u0131 gerekecek. &nbsp;<\/p>\n\n\n\n<p><strong>\u00d6zel \u00f6\u011fretim kurumlar\u0131n\u0131n \u00fccretleri<\/strong><\/p>\n\n\n\n<p>Kurumlar, \u00f6\u011frenci veya kursiyerlerden; yemek, kahvalt\u0131, pansiyon\/yatakhane, kitap-k\u0131rtasiye, k\u0131yafet, et\u00fct, uluslararas\u0131 diploma ve sertifika program\u0131 ve benzeri hizmetler kar\u015f\u0131l\u0131\u011f\u0131nda alacaklar\u0131 \u00fccretleri may\u0131s ay\u0131n\u0131n sonuna kadar; servis hizmeti kar\u015f\u0131l\u0131\u011f\u0131nda alacaklar\u0131 \u00fccreti ise ula\u015ft\u0131rma koordinasyon merkezleri (UKOME) taraf\u0131ndan servis \u00fccret tarifelerinin belirlendi\u011fi tarihten itibaren en ge\u00e7 bir ay i\u00e7inde tespit edecekler.&nbsp; &nbsp;<\/p>\n\n\n\n<p>Okullar\u0131n ara s\u0131n\u0131flar\u0131n\u0131n bu f\u0131krada say\u0131lan yemek ve kahvalt\u0131 ile servis \u00fccreti d\u0131\u015f\u0131ndaki hizmetlerinin \u00fccretleri belirlenirken bir \u00f6nceki e\u011fitim \u00f6\u011fretim y\u0131l\u0131nda ilan edilen \u00fccret; okulda devam eden \u00f6\u011frencilerin hizmet \u00fccretleri belirlenirken ise \u00f6\u011frenci kay\u0131t s\u00f6zle\u015fmesinde belirlenen \u00fccret dikkate al\u0131nacak ve bu \u00fccretlere [(bir \u00f6nceki y\u0131l\u0131n ortalama Y\u0130-\u00dcFE+bir \u00f6nceki y\u0131l\u0131n ortalama T\u00dcFE)\/2] oran\u0131ndan fazla art\u0131\u015f yap\u0131lamayacak. Bu f\u0131krada yer alan hizmetlerden talep eden veliler faydalanacak.&nbsp; &nbsp;<\/p>\n\n\n\n<p>D\u00fczenleme sayesinde bu \u00fccretlerde sadece enflasyon oran\u0131nda art\u0131\u015f yap\u0131lmas\u0131 sa\u011flanacak. &nbsp;<\/p>\n\n\n\n<p>Ayr\u0131ca, okullar ders kitab\u0131 ad\u0131 alt\u0131nda herhangi bir \u00fccret alamayacak. &nbsp;<\/p>\n\n\n\n<p><strong>Kurumlar \u00fccretleri internet sitesinden yay\u0131mlayacak<\/strong><\/p>\n\n\n\n<p>Okullar\u0131n anaokulu, ilkokul, ortaokul ve lise kademelerinin ba\u015flang\u0131\u00e7lar\u0131 i\u00e7in belirledikleri \u00f6\u011frenim \u00fccretinde fahi\u015f oranda art\u0131\u015f yapamamalar\u0131na y\u00f6nelik d\u00fczenlemelerin de yer ald\u0131\u011f\u0131 Y\u00f6netmelik&#8217;e g\u00f6re, kurumlar belirledikleri t\u00fcm \u00fccretleri kuruma ait internet sitesi \u00fczerinden yay\u0131mlayacak. &nbsp;<\/p>\n\n\n\n<p>E\u011fitim \u00fccretiyle birlikte di\u011fer hizmetler kar\u015f\u0131l\u0131\u011f\u0131nda al\u0131nacak t\u00fcm \u00fccretler, kurum ad\u0131na a\u00e7\u0131lan ve Mill\u00ee E\u011fitim Bakanl\u0131\u011f\u0131 ile valili\u011fe bildirilen hesap numaras\u0131na yat\u0131r\u0131larak tahsil edilecek. &nbsp;<\/p>\n\n\n\n<p><strong>\u015eehit, gazi \u00e7ocuklar\u0131 ve koruma alt\u0131ndaki \u00e7ocuklar<\/strong><\/p>\n\n\n\n<p>Y\u00f6netmelik&#8217;te ayr\u0131ca \u00fccretsiz okutulacak \u00f6\u011frenci ve kursiyer i\u015f ve i\u015flemlerinde d\u00fczenleme yap\u0131ld\u0131. &nbsp;<\/p>\n\n\n\n<p>\u00d6zel \u00d6\u011fretim Kurumlar\u0131 Kanunu&#8217;na g\u00f6re \u00fccretsiz okumada \u00f6ncelik verilen \u015fehit, gazi \u00e7ocuklar\u0131 ile koruma alt\u0131ndaki \u00e7ocuklar\u0131n \u00f6zel \u00f6\u011fretim kurumlar\u0131na ba\u015fvuru \u015fartlar\u0131, valiliklerce yap\u0131lacak i\u015f ve i\u015flemler ile benzeri hususlar, MEB taraf\u0131ndan haz\u0131rlanan k\u0131lavuzda d\u00fczenlenecek. &nbsp;<\/p>\n\n\n\n<p>Bunun yan\u0131 s\u0131ra bu \u00e7ocuklar yerle\u015ftirildikleri \u00f6zel \u00f6\u011fretim kurumlar\u0131ndan servis \u00fccreti hari\u00e7 olmak \u00fczere yemek, kahvalt\u0131, pansiyon, kitap-k\u0131rtasiye, k\u0131yafet, et\u00fct, uluslararas\u0131 diploma ve sertifika program\u0131 ve benzeri hizmetlerden \u00fccretsiz yararlanabilecek. &nbsp;<\/p>\n\n\n\n<p><strong>\u00d6zel okullarda k\u0131yafet d\u00fczenlemesi<\/strong><\/p>\n\n\n\n<p>D\u00fczenlemeyle art\u0131k \u00f6zel okullarda da Mill\u00ee E\u011fitim Bakanl\u0131\u011f\u0131na Ba\u011fl\u0131 Okul \u00d6\u011frencilerinin K\u0131l\u0131k ve K\u0131yafetlerine Dair Y\u00f6netmelik h\u00fck\u00fcmleri uygulanacak. &nbsp;<\/p>\n\n\n\n<p>Marka lisans s\u00f6zle\u015fmesi yapanlar da d\u00e2hil olmak \u00fczere okullar, k\u0131yafetlerin serbest piyasa ko\u015fullar\u0131nda velilerce temin edilmesini engelleyici veya kurumlar taraf\u0131ndan belirlenen elektronik ticaret ortam\u0131ndan temine y\u00f6nelik velileri zorlay\u0131c\u0131 uygulamalar yapamayacak. &nbsp;<\/p>\n\n\n\n<p>\u00d6zel g\u00fcn, hafta ve kutlamalarda ders i\u00e7i ve d\u0131\u015f\u0131 faaliyetlerde kullan\u0131lmak \u00fczere veliye mali y\u00fck getirecek \u00f6zel k\u0131yafet ald\u0131r\u0131lamayacak. &nbsp;<\/p>\n\n\n\n<p>&#8220;\u00d6zel Kre\u015f ve G\u00fcnd\u00fcz Bak\u0131mevleri ile \u00d6zel \u00c7ocuk Kul\u00fcplerinin Kurulu\u015f ve \u0130\u015fleyi\u015f Esaslar\u0131 Hakk\u0131nda Y\u00f6netmelik&#8221; kapsam\u0131nda faaliyette olan \u00f6zel \u00e7ocuk kul\u00fcplerinin, Y\u00f6netmelik&#8217;in yay\u0131m tarihinden itibaren 1 y\u0131l i\u00e7inde \u00f6zel e\u011fitim ve rehabilitasyon merkezi, \u00f6zel motorlu ta\u015f\u0131t s\u00fcr\u00fcc\u00fcleri kursu, \u00f6zel ula\u015ft\u0131rma hizmetleri mesleki e\u011fitim ve geli\u015ftirme kurslar\u0131 d\u0131\u015f\u0131ndaki \u00f6zel \u00f6\u011fretim kurumlar\u0131ndan biri i\u00e7in Mill\u00ee E\u011fitim Bakanl\u0131\u011f\u0131 taraf\u0131ndan belirlenen standartlar\u0131 sa\u011flayarak kurum a\u00e7mak \u00fczere ba\u015fvurmalar\u0131 halinde kurum a\u00e7ma izni ile i\u015f yeri a\u00e7ma ve \u00e7al\u0131\u015fma ruhsat\u0131 d\u00fczenlenecek. &nbsp;<\/p>\n\n\n\n<p>D\u00fczenlemeyle ayr\u0131ca \u00f6zel \u00f6\u011fretim kurslar\u0131nda rehber \u00f6\u011fretmen ya da psikolojik dan\u0131\u015fman g\u00f6revlendirilmesi zorunlu hale getirildi.<\/p>\n","protected":false},"excerpt":{"rendered":"<p>Yeni d\u00fczenleme kapsam\u0131nda, Mill\u00ee E\u011fitim Bakanl\u0131\u011f\u0131na ba\u011fl\u0131 faaliyet g\u00f6sterecek \u00fc\u00e7 yeni kurum t\u00fcr\u00fc tan\u0131mland\u0131. Bunlardan ilki; ilkokul \u00e7a\u011f\u0131ndaki \u00f6\u011frencilere ilgi, istek ve yetenekleri do\u011frultusunda sosyal, k\u00fclt\u00fcrel, sanatsal, sportif alanlarda e\u011fitim verilen ve bireysel olarak \u00f6dev ve projelerinin yap\u0131lmas\u0131nda destek sunulan &#8220;\u00f6\u011frenci etkinlik merkezleri&#8221; oldu. &nbsp; \u00d6\u011frenci etkinlik merkezlerinde bu kurum t\u00fcr\u00fc i\u00e7in Mill\u00ee E\u011fitim Bakanl\u0131\u011f\u0131 [&hellip;]<\/p>\n","protected":false},"author":2,"featured_media":38427,"comment_status":"closed","ping_status":"closed","sticky":false,"template":"","format":"standard","meta":{"footnotes":""},"categories":[3,5],"tags":[],"class_list":["post-38426","post","type-post","status-publish","format-standard","has-post-thumbnail","hentry","category-manset","category-mersin"],"views":8,"_links":{"self":[{"href":"https:\/\/mersinkadingazetesi.com\/index.php?rest_route=\/wp\/v2\/posts\/38426"}],"collection":[{"href":"https:\/\/mersinkadingazetesi.com\/index.php?rest_route=\/wp\/v2\/posts"}],"about":[{"href":"https:\/\/mersinkadingazetesi.com\/index.php?rest_route=\/wp\/v2\/types\/post"}],"author":[{"embeddable":true,"href":"https:\/\/mersinkadingazetesi.com\/index.php?rest_route=\/wp\/v2\/users\/2"}],"replies":[{"embeddable":true,"href":"https:\/\/mersinkadingazetesi.com\/index.php?rest_route=%2Fwp%2Fv2%2Fcomments&post=38426"}],"version-history":[{"count":1,"href":"https:\/\/mersinkadingazetesi.com\/index.php?rest_route=\/wp\/v2\/posts\/38426\/revisions"}],"predecessor-version":[{"id":38428,"href":"https:\/\/mersinkadingazetesi.com\/index.php?rest_route=\/wp\/v2\/posts\/38426\/revisions\/38428"}],"wp:featuredmedia":[{"embeddable":true,"href":"https:\/\/mersinkadingazetesi.com\/index.php?rest_route=\/wp\/v2\/media\/38427"}],"wp:attachment":[{"href":"https:\/\/mersinkadingazetesi.com\/index.php?rest_route=%2Fwp%2Fv2%2Fmedia&parent=38426"}],"wp:term":[{"taxonomy":"category","embeddable":true,"href":"https:\/\/mersinkadingazetesi.com\/index.php?rest_route=%2Fwp%2Fv2%2Fcategories&post=38426"},{"taxonomy":"post_tag","embeddable":true,"href":"https:\/\/mersinkadingazetesi.com\/index.php?rest_route=%2Fwp%2Fv2%2Ftags&post=38426"}],"curies":[{"name":"wp","href":"https:\/\/api.w.org\/{rel}","templated":true}]}}