{"id":38429,"date":"2025-01-05T10:19:48","date_gmt":"2025-01-05T07:19:48","guid":{"rendered":"https:\/\/mersinkadingazetesi.com\/?p=38429"},"modified":"2025-01-05T10:19:48","modified_gmt":"2025-01-05T07:19:48","slug":"3-erdemli-omer-seyfettin-kitap-ve-edebiyat-gunleri-basladi","status":"publish","type":"post","link":"https:\/\/mersinkadingazetesi.com\/?p=38429","title":{"rendered":"3. Erdemli \u00d6mer Seyfettin Kitap ve Edebiyat G\u00fcnleri Ba\u015flad\u0131\u00a0"},"content":{"rendered":"\n<p>3. Erdemli \u00d6mer Seyfettin Kitap ve Edebiyat G\u00fcnleri&#8217;nde \u015fair ve yazarlar okurlar\u0131yla bulu\u015fuyor, 7&#8217;den 70&#8217;e vatanda\u015flar yo\u011fun ilgi g\u00f6steriyor.<\/p>\n\n\n\n<p>Mersin Erdemli &#8216;de d\u00fczenlenen 3. \u00d6mer Seyfettin Kitap ve Edebiyat G\u00fcnleri&#8217;nde 10 g\u00fcn boyunca yazarlar kitapseverlerle bulu\u015fuyor. \u0130lk g\u00fcnden \u00f6\u011frencilerin yo\u011fun ilgi g\u00f6sterdi\u011fi etkinli\u011fi yakla\u015f\u0131k 25 bin ki\u015finin ziyaret etmesi bekleniyor.<\/p>\n\n\n\n<p>Erdemli Belediyesi taraf\u0131ndan Kongre Merkezi&#8217;nde d\u00fczenlenen 3. Erdemli \u00d6mer Seyfettin Kitap ve Edebiyat G\u00fcnleri ba\u015flad\u0131. 70&#8217;den fazla yay\u0131n evinin kat\u0131l\u0131m\u0131yla 10 g\u00fcn s\u00fcrmesi planlanan kitap fuar\u0131n\u0131n a\u00e7\u0131l\u0131\u015f\u0131n\u0131 Erdemli Belediye Ba\u015fkan\u0131 Mustafa Kara, \u00f6\u011frenciler, yazarlar ve davetlilerle birlikte yapt\u0131. A\u00e7\u0131l\u0131\u015f ile birlikte y\u00fczlerce \u00f6\u011frenci ve kitapseverler fuar\u0131 gezdi. Fuar alan\u0131nda yazarlar da hem kitaplar\u0131 hakk\u0131nda bilgi verdi hem de s\u00f6yle\u015filere kat\u0131ld\u0131.<\/p>\n\n\n\n<p>Erdemli&#8217;yi k\u00fclt\u00fcr kenti yapma yolunda \u00e7al\u0131\u015fmalar\u0131n\u0131 s\u00fcrd\u00fcrd\u00fcklerini ifade eden Erdemli Belediye Ba\u015fkan\u0131 Mustafa Kara, &#8220;Edebiyat\u0131n g\u00fc\u00e7l\u00fc kalemlerinden, g\u00fc\u00e7l\u00fc yazarlar\u0131ndan \u00d6mer Seyfettin temal\u0131 bir fuar a\u00e7\u0131l\u0131\u015f\u0131m\u0131z var. \u00dc\u00e7\u00fcnc\u00fcs\u00fc d\u00fczenleniyor, 10 g\u00fcn devam edecek, 70 yay\u0131nevi, 20 yazar, \u00e7e\u015fitli etkinliklerimiz olacak. Tiyatro etkinli\u011finden konser etkinli\u011fine kadar, s\u00f6yle\u015fi etkinli\u011fine kadar. G\u00fczel bir etkinlik olacak, 25 binin \u00fczerinde vatanda\u015f\u0131m\u0131z\u0131 bekliyoruz. Buradan da b\u00fct\u00fcn Mersinli, Erdemlili hem\u015fehrilerimizi fuar\u0131m\u0131za davet ediyoruz&#8221; diye konu\u015ftu.<\/p>\n\n\n\n<p>Kitap fuar\u0131na geldi\u011fi i\u00e7in \u00e7ok mutlu oldu\u011funu s\u00f6yleyen Hira D\u00f6lek, &#8221; Burada kitap kurdu olmak istiyorum. Bir s\u00fcr\u00fc kitap almak istiyorum. Yazarlarla tan\u0131\u015faca\u011f\u0131m i\u00e7in \u00e7ok heyecanl\u0131y\u0131m. Buradan ba\u015fkan amcaya da te\u015fekk\u00fcr ediyorum&#8221; diye konu\u015ftu.<br>Kitap okumay\u0131 \u00e7ok sevdi\u011fini s\u00f6yleyen Beyza Y\u0131lmaz, &#8221; Burada \u00e7ok \u00e7ocuk var, buras\u0131 \u00e7ok g\u00fczel. \u0130yi ki gelmi\u015fim. Buras\u0131 g\u00fczel, ho\u015fuma gitti, kitap okumay\u0131 \u00e7ok seviyorum, oradan bir \u015feyler \u00f6\u011freniyorum&#8221; diye konu\u015ftu.<\/p>\n\n\n\n<p>Fuar\u0131 \u00e7ok sevdi\u011fini ifade eden K\u00fcbra Parlak, &#8221; Ben fuar\u0131 \u00e7ok sevdim. \u0130yi ki belediye ba\u015fkan\u0131m\u0131z var. Kitap okumay\u0131 da \u00e7ok seviyorum. \u0130yi ki varlar, okumam\u0131z da geli\u015fecek&#8221; diye konu\u015ftu.<\/p>\n\n\n\n<p>Kitap okuyarak okumas\u0131n\u0131n daha \u00e7ok geli\u015fti\u011fini ifade Gamze Okur, &#8221; Biz burada kitap okuyoruz, oyuncaklar felan al\u0131yoruz. Kitap okuduk\u00e7a okumam\u0131z h\u0131zlan\u0131yor ve \u00f6\u011fretmenlerimiz bizle gurur duyuyor. Belediye ba\u015fkan\u0131m\u0131za \u00e7ok te\u015fekk\u00fcr ediyoruz&#8221; diye konu\u015ftu.<\/p>\n\n\n\n<p>Kitap okumay\u0131 \u00e7ok sevdi\u011fini ifade eden Ay\u015fe Kar, &#8221; Ben kitap okumay\u0131 \u00e7ok seviyorum. \u0130yi ki bu fuar kurulmu\u015f \u00e7ok te\u015fekk\u00fcr ederiz&#8221; diye konu\u015ftu.<\/p>\n\n\n\n<p>\u00d6te yandan 3. Erdemli \u00d6mer Seyfettin Kitap ve Edebiyat G\u00fcnleri 11 Ocak&#8217;a kadar devam edecek.<\/p>\n","protected":false},"excerpt":{"rendered":"<p>3. Erdemli \u00d6mer Seyfettin Kitap ve Edebiyat G\u00fcnleri&#8217;nde \u015fair ve yazarlar okurlar\u0131yla bulu\u015fuyor, 7&#8217;den 70&#8217;e vatanda\u015flar yo\u011fun ilgi g\u00f6steriyor. Mersin Erdemli &#8216;de d\u00fczenlenen 3. \u00d6mer Seyfettin Kitap ve Edebiyat G\u00fcnleri&#8217;nde 10 g\u00fcn boyunca yazarlar kitapseverlerle bulu\u015fuyor. \u0130lk g\u00fcnden \u00f6\u011frencilerin yo\u011fun ilgi g\u00f6sterdi\u011fi etkinli\u011fi yakla\u015f\u0131k 25 bin ki\u015finin ziyaret etmesi bekleniyor. Erdemli Belediyesi taraf\u0131ndan Kongre Merkezi&#8217;nde [&hellip;]<\/p>\n","protected":false},"author":2,"featured_media":38430,"comment_status":"closed","ping_status":"closed","sticky":false,"template":"","format":"standard","meta":{"footnotes":""},"categories":[3,5],"tags":[],"class_list":["post-38429","post","type-post","status-publish","format-standard","has-post-thumbnail","hentry","category-manset","category-mersin"],"views":8,"_links":{"self":[{"href":"https:\/\/mersinkadingazetesi.com\/index.php?rest_route=\/wp\/v2\/posts\/38429"}],"collection":[{"href":"https:\/\/mersinkadingazetesi.com\/index.php?rest_route=\/wp\/v2\/posts"}],"about":[{"href":"https:\/\/mersinkadingazetesi.com\/index.php?rest_route=\/wp\/v2\/types\/post"}],"author":[{"embeddable":true,"href":"https:\/\/mersinkadingazetesi.com\/index.php?rest_route=\/wp\/v2\/users\/2"}],"replies":[{"embeddable":true,"href":"https:\/\/mersinkadingazetesi.com\/index.php?rest_route=%2Fwp%2Fv2%2Fcomments&post=38429"}],"version-history":[{"count":1,"href":"https:\/\/mersinkadingazetesi.com\/index.php?rest_route=\/wp\/v2\/posts\/38429\/revisions"}],"predecessor-version":[{"id":38431,"href":"https:\/\/mersinkadingazetesi.com\/index.php?rest_route=\/wp\/v2\/posts\/38429\/revisions\/38431"}],"wp:featuredmedia":[{"embeddable":true,"href":"https:\/\/mersinkadingazetesi.com\/index.php?rest_route=\/wp\/v2\/media\/38430"}],"wp:attachment":[{"href":"https:\/\/mersinkadingazetesi.com\/index.php?rest_route=%2Fwp%2Fv2%2Fmedia&parent=38429"}],"wp:term":[{"taxonomy":"category","embeddable":true,"href":"https:\/\/mersinkadingazetesi.com\/index.php?rest_route=%2Fwp%2Fv2%2Fcategories&post=38429"},{"taxonomy":"post_tag","embeddable":true,"href":"https:\/\/mersinkadingazetesi.com\/index.php?rest_route=%2Fwp%2Fv2%2Ftags&post=38429"}],"curies":[{"name":"wp","href":"https:\/\/api.w.org\/{rel}","templated":true}]}}