{"id":38438,"date":"2025-01-05T10:23:41","date_gmt":"2025-01-05T07:23:41","guid":{"rendered":"https:\/\/mersinkadingazetesi.com\/?p=38438"},"modified":"2025-01-05T10:23:41","modified_gmt":"2025-01-05T07:23:41","slug":"baskan-tuncerden-buyuk-bir-basari-ornegi-daha","status":"publish","type":"post","link":"https:\/\/mersinkadingazetesi.com\/?p=38438","title":{"rendered":"BA\u015eKAN TUNCER&#8217;DEN B\u00dcY\u00dcK B\u0130R BA\u015eARI \u00d6RNE\u011e\u0130 DAHA"},"content":{"rendered":"\n<p>Mezitli Belediye Ba\u015fkan\u0131 Ahmet Serkan Tuncer, ORC Ara\u015ft\u0131rma \u015eirketi&#8217;nin 20-29 Aral\u0131k 2024 tarihleri aras\u0131nda ger\u00e7ekle\u015ftirdi\u011fi anket sonu\u00e7lar\u0131na g\u00f6re &#8220;T\u00fcrkiye&#8217;nin En Ba\u015far\u0131l\u0131 B\u00fcy\u00fck\u015fehir \u0130l\u00e7e Belediye Ba\u015fkan\u0131&#8221; olarak zirvede yer ald\u0131. Ankette, Ba\u015fkan Tuncer %65,9&#8217;luk bir oranla T\u00fcrkiye genelinde ilk s\u0131rada yer alarak b\u00fcy\u00fck bir ba\u015far\u0131ya imza att\u0131.<\/p>\n\n\n\n<p>Mezitli&#8217;de ger\u00e7ekle\u015ftirilen projeler, halk\u0131n ihtiya\u00e7lar\u0131na y\u00f6nelik sosyal hizmetler ve Ba\u015fkan Ahmet Serkan Tuncer&#8217;in halkla yak\u0131n ileti\u015fimi bu ba\u015far\u0131da b\u00fcy\u00fck rol oynad\u0131. Ba\u015fkan Tuncer bir \u00e7ok yenilik\u00e7i projeyi hayata ge\u00e7irerek vatanda\u015flar\u0131n takdirini kazand\u0131.<\/p>\n\n\n\n<p><strong>&#8221;HER DA\u0130M HALKIMIZLA \u0130\u00c7 \u0130\u00c7EY\u0130Z, SOSYAL BELED\u0130YEC\u0130L\u0130K EN \u00d6NEM VERD\u0130\u011e\u0130M\u0130Z KONU&#8221;<\/strong><\/p>\n\n\n\n<p>Ba\u015fkan Tuncer, ba\u015far\u0131s\u0131n\u0131 Mezitlililer ile &nbsp;kurdu\u011fu g\u00fc\u00e7l\u00fc ba\u011f ve birlikte y\u00f6netim anlay\u0131\u015f\u0131na ba\u011fl\u0131 oldu\u011funu belirterek, &#8220;Bu ba\u015far\u0131 sadece benim de\u011fil, t\u00fcm Mezitli halk\u0131n\u0131n ba\u015far\u0131s\u0131d\u0131r. Halk\u0131m\u0131z\u0131n g\u00fcvenine lay\u0131k olabilmek i\u00e7in gece g\u00fcnd\u00fcz \u00e7al\u0131\u015fmaya devam edece\u011fiz. Her daim halk\u0131m\u0131zla&nbsp; i\u00e7 i\u00e7eyiz,&nbsp; sosyal belediyecilik en \u00f6nem verdi\u011fimiz konular\u0131n ba\u015f\u0131nda geliyor. Mezitli&#8217;mizi daha ya\u015fanabilir ve modern bir kent haline getirmek i\u00e7in elimizden geleni yapmay\u0131 s\u00fcrd\u00fcrece\u011fiz&#8221; dedi.<\/p>\n\n\n\n<p>Ba\u015fkan Tuncer&#8217;in elde etti\u011fi ba\u015far\u0131, yaln\u0131zca Mezitlililer taraf\u0131ndan de\u011fil, t\u00fcm T\u00fcrkiye genelinde takdirle kar\u015f\u0131land\u0131. Ba\u015fkan Tuncer, Mezitli&#8217;yi \u00f6rnek bir kent haline getirme yolundaki \u00e7al\u0131\u015fmalar\u0131na h\u0131z kesmeden devam ediyor.<\/p>\n","protected":false},"excerpt":{"rendered":"<p>Mezitli Belediye Ba\u015fkan\u0131 Ahmet Serkan Tuncer, ORC Ara\u015ft\u0131rma \u015eirketi&#8217;nin 20-29 Aral\u0131k 2024 tarihleri aras\u0131nda ger\u00e7ekle\u015ftirdi\u011fi anket sonu\u00e7lar\u0131na g\u00f6re &#8220;T\u00fcrkiye&#8217;nin En Ba\u015far\u0131l\u0131 B\u00fcy\u00fck\u015fehir \u0130l\u00e7e Belediye Ba\u015fkan\u0131&#8221; olarak zirvede yer ald\u0131. Ankette, Ba\u015fkan Tuncer %65,9&#8217;luk bir oranla T\u00fcrkiye genelinde ilk s\u0131rada yer alarak b\u00fcy\u00fck bir ba\u015far\u0131ya imza att\u0131. Mezitli&#8217;de ger\u00e7ekle\u015ftirilen projeler, halk\u0131n ihtiya\u00e7lar\u0131na y\u00f6nelik sosyal hizmetler ve [&hellip;]<\/p>\n","protected":false},"author":2,"featured_media":38439,"comment_status":"closed","ping_status":"closed","sticky":false,"template":"","format":"standard","meta":{"footnotes":""},"categories":[34,1,2,3],"tags":[],"class_list":["post-38438","post","type-post","status-publish","format-standard","has-post-thumbnail","hentry","category-flas-haber","category-genel","category-gundem","category-manset"],"views":9,"_links":{"self":[{"href":"https:\/\/mersinkadingazetesi.com\/index.php?rest_route=\/wp\/v2\/posts\/38438"}],"collection":[{"href":"https:\/\/mersinkadingazetesi.com\/index.php?rest_route=\/wp\/v2\/posts"}],"about":[{"href":"https:\/\/mersinkadingazetesi.com\/index.php?rest_route=\/wp\/v2\/types\/post"}],"author":[{"embeddable":true,"href":"https:\/\/mersinkadingazetesi.com\/index.php?rest_route=\/wp\/v2\/users\/2"}],"replies":[{"embeddable":true,"href":"https:\/\/mersinkadingazetesi.com\/index.php?rest_route=%2Fwp%2Fv2%2Fcomments&post=38438"}],"version-history":[{"count":1,"href":"https:\/\/mersinkadingazetesi.com\/index.php?rest_route=\/wp\/v2\/posts\/38438\/revisions"}],"predecessor-version":[{"id":38440,"href":"https:\/\/mersinkadingazetesi.com\/index.php?rest_route=\/wp\/v2\/posts\/38438\/revisions\/38440"}],"wp:featuredmedia":[{"embeddable":true,"href":"https:\/\/mersinkadingazetesi.com\/index.php?rest_route=\/wp\/v2\/media\/38439"}],"wp:attachment":[{"href":"https:\/\/mersinkadingazetesi.com\/index.php?rest_route=%2Fwp%2Fv2%2Fmedia&parent=38438"}],"wp:term":[{"taxonomy":"category","embeddable":true,"href":"https:\/\/mersinkadingazetesi.com\/index.php?rest_route=%2Fwp%2Fv2%2Fcategories&post=38438"},{"taxonomy":"post_tag","embeddable":true,"href":"https:\/\/mersinkadingazetesi.com\/index.php?rest_route=%2Fwp%2Fv2%2Ftags&post=38438"}],"curies":[{"name":"wp","href":"https:\/\/api.w.org\/{rel}","templated":true}]}}