{"id":38441,"date":"2025-01-05T10:25:55","date_gmt":"2025-01-05T07:25:55","guid":{"rendered":"https:\/\/mersinkadingazetesi.com\/?p=38441"},"modified":"2025-01-05T10:25:55","modified_gmt":"2025-01-05T07:25:55","slug":"para-pul-oldu-zamlar-ucuyor","status":"publish","type":"post","link":"https:\/\/mersinkadingazetesi.com\/?p=38441","title":{"rendered":"Para Pul Oldu, Zamlar U\u00e7uyor!"},"content":{"rendered":"\n<p><strong>CHP Mersin Milletvekili G\u00fclcan K\u0131\u015f:<\/strong><\/p>\n\n\n\n<p>CHP Mersin Milletvekili G\u00fclcan K\u0131\u015f, 2024 y\u0131l\u0131na dair dikkat \u00e7ekici bir de\u011ferlendirme yaparak, 1 y\u0131ldaki fiyat de\u011fi\u015fimlerini mercek alt\u0131na ald\u0131. Ekonomik tablonun halk \u00fczerindeki y\u0131k\u0131c\u0131 etkilerini g\u00f6zler \u00f6n\u00fcne seren CHP&#8217;li G\u00fclcan K\u0131\u015f, 2024&#8217;\u00fc &#8220;halk\u0131n ge\u00e7im sava\u015f\u0131 verdi\u011fi bir y\u0131l&#8221; olarak tan\u0131mlad\u0131.&nbsp;<\/p>\n\n\n\n<p>G\u00fclcan K\u0131\u015f, &#8220;2024 y\u0131l\u0131, sadece bir ekonomik kriz y\u0131l\u0131 de\u011fil, ayn\u0131 zamanda halk\u0131n gelece\u011fe dair umudunun da t\u00f6rp\u00fclendi\u011fi bir y\u0131l oldu. \u0130ktidar\u0131n ekonomi politikalar\u0131yla bir avu\u00e7 zengin servetine servet katarken dar gelirli vatanda\u015f\u0131m\u0131z\u0131n cebindeki delik her ge\u00e7en g\u00fcn daha da b\u00fcy\u00fcd\u00fc. Vatanda\u015f\u0131n sofras\u0131na koymaya mecbur oldu\u011fu temel ihtiya\u00e7 maddelerindeki fahi\u015f art\u0131\u015flar ya\u015fanmas\u0131 al\u0131m g\u00fcc\u00fcn\u00fc iyice eritti&#8221; dedi.<\/p>\n\n\n\n<p><strong>&#8220;Bu Ekonomi Tablosu Bir Felaketin \u00d6zeti&#8221;<\/strong><\/p>\n\n\n\n<p>G\u00fclcan K\u0131\u015f, 2024&#8217;\u00fcn ekonomik karnesinin T\u00fcrkiye ekonomisinin ve vatanda\u015f\u0131n i\u00e7inde bulundu\u011fu \u00e7\u0131kmaz\u0131 a\u00e7\u0131k\u00e7a ortaya koydu\u011funu belirterek, \u015f\u00f6yle devam etti:&nbsp;<\/p>\n\n\n\n<p>&#8220;Memura ve 12 bin 500 lira ayl\u0131kla hayat\u0131n\u0131 idame ettirmeye \u00e7al\u0131\u015fan emekliye %11,54 zam reva g\u00f6r\u00fcl\u00fcrken, bu y\u0131l baz\u0131 temel g\u0131dalarda %300&#8217;\u00fc a\u015fan art\u0131\u015flar ya\u015fand\u0131. Bu tablo, bir ekonomik felaketin \u00f6zetidir. 2024, eme\u011fin k\u00fc\u00e7\u00fcmsendi\u011fi, al\u0131n terinin de\u011fersizle\u015ftirildi\u011fi, halk\u0131n sofradaki son ekme\u011fine g\u00f6z dikilen bir y\u0131l olarak tarihe ge\u00e7ti.&#8221;<\/p>\n\n\n\n<p><strong>&#8220;G\u0131da Fiyatlar\u0131 Al\u0131m G\u00fcc\u00fcn\u00fc Yok Ediyor&#8221;<\/strong><\/p>\n\n\n\n<p>G\u00fclcan K\u0131\u015f, 2024&#8217;ten 2025 y\u0131l\u0131na ge\u00e7en 12 ayl\u0131k s\u00fcrede temel g\u0131da fiyatlar\u0131ndaki art\u0131\u015f oranlar\u0131n\u0131 da payla\u015ft\u0131:<\/p>\n\n\n\n<p>\u00b7&nbsp;&nbsp;&nbsp;&nbsp;&nbsp;&nbsp;<strong>K\u0131rm\u0131z\u0131 Mercimek (Kg)<\/strong>: 21 TL&#8217;den 99 TL&#8217;ye y\u00fckseldi (%371,42 art\u0131\u015f).<\/p>\n\n\n\n<p>\u00b7&nbsp;&nbsp;&nbsp;&nbsp;&nbsp;&nbsp;<strong>Pirin\u00e7 (Kg)<\/strong>: 21 TL&#8217;den 90 TL&#8217;ye y\u00fckseldi (%328,57 art\u0131\u015f).<\/p>\n\n\n\n<p>\u00b7&nbsp;&nbsp;&nbsp;&nbsp;&nbsp;&nbsp;<strong>S\u00fct (1 Lt)<\/strong>: 11 TL&#8217;den 45 TL&#8217;ye y\u00fckseldi (%309 art\u0131\u015f).<\/p>\n\n\n\n<p>\u00b7&nbsp;&nbsp;&nbsp;&nbsp;&nbsp;&nbsp;<strong>Makarna (500 Gr)<\/strong>: 11 TL&#8217;den 42 TL&#8217;ye y\u00fckseldi (%281,81 art\u0131\u015f).<\/p>\n\n\n\n<p>\u00b7&nbsp;&nbsp;&nbsp;&nbsp;&nbsp;&nbsp;<strong>Ay\u00e7i\u00e7ek Ya\u011f\u0131<\/strong>: 36 TL&#8217;den 125 TL&#8217;ye y\u00fckseldi (%247,22 art\u0131\u015f).<\/p>\n\n\n\n<p>\u00b7&nbsp;&nbsp;&nbsp;&nbsp;&nbsp;&nbsp;<strong>Tereya\u011f\u0131 (Kg)<\/strong>: 175 TL&#8217;den 475 TL&#8217;ye y\u00fckseldi (%171,42 art\u0131\u015f).<\/p>\n\n\n\n<p>\u00b7&nbsp;&nbsp;&nbsp;&nbsp;&nbsp;&nbsp;<strong>Beyaz Peynir (Kg)<\/strong>: 108 TL&#8217;den 250 TL&#8217;ye y\u00fckseldi (%131,48 art\u0131\u015f).<\/p>\n\n\n\n<p>\u00b7&nbsp;&nbsp;&nbsp;&nbsp;&nbsp;&nbsp;<strong>Kuru Fasulye (Kg)<\/strong>: 47 TL&#8217;den 99 TL&#8217;ye y\u00fckseldi (%110,63 art\u0131\u015f).<\/p>\n\n\n\n<p>\u00b7&nbsp;&nbsp;&nbsp;&nbsp;&nbsp;&nbsp;<strong>Ka\u015far Peyniri (Kg)<\/strong>: 290 TL&#8217;den 500 TL&#8217;ye y\u00fckseldi (%72,41 art\u0131\u015f).<\/p>\n\n\n\n<p>\u00b7&nbsp;&nbsp;&nbsp;&nbsp;&nbsp;&nbsp;<strong>\u00c7ay (Kg)<\/strong>: 140 TL&#8217;den 249 TL&#8217;ye y\u00fckseldi (%77,85 art\u0131\u015f).<\/p>\n\n\n\n<p>\u00b7&nbsp;&nbsp;&nbsp;&nbsp;&nbsp;&nbsp;<strong>Yumurta (15&#8217;li)<\/strong>: 58 TL&#8217;den 90 TL&#8217;ye y\u00fckseldi (%55,17 art\u0131\u015f).<\/p>\n\n\n\n<p>\u00b7&nbsp;&nbsp;&nbsp;&nbsp;&nbsp;&nbsp;<strong>\u015eeker (5 Kg)<\/strong>: 134 TL&#8217;den 205 TL&#8217;ye y\u00fckseldi (%52,98 art\u0131\u015f).<\/p>\n\n\n\n<p>\u00b7&nbsp;&nbsp;&nbsp;&nbsp;&nbsp;&nbsp;<strong>Tavuk<\/strong>: 60 TL&#8217;den 85 TL&#8217;ye y\u00fckseldi (%41,66 art\u0131\u015f).<\/p>\n\n\n\n<p>\u00b7&nbsp;&nbsp;&nbsp;&nbsp;&nbsp;&nbsp;<strong>Alt\u0131n (Gr)<\/strong>: 1995 TL&#8217;den 2990 TL&#8217;ye y\u00fckseldi (%49,87 art\u0131\u015f).<\/p>\n\n\n\n<p>\u00b7&nbsp;&nbsp;&nbsp;&nbsp;&nbsp;&nbsp;<strong>Benzin (Lt)<\/strong>: 34 TL&#8217;den 44 TL&#8217;ye y\u00fckseldi (%29,41 art\u0131\u015f).<\/p>\n\n\n\n<p>\u00b7&nbsp;&nbsp;&nbsp;&nbsp;&nbsp;&nbsp;<strong>Mazot (Lt)<\/strong>: 37 TL&#8217;den 45 TL&#8217;ye y\u00fckseldi (%21,62 art\u0131\u015f).<\/p>\n\n\n\n<p>\u00b7&nbsp;&nbsp;&nbsp;&nbsp;&nbsp;&nbsp;<strong>Ekmek<\/strong>: 10 TL&#8217;den 12,5 TL&#8217;ye y\u00fckseldi (%20 art\u0131\u015f).<\/p>\n\n\n\n<p>\u00b7&nbsp;&nbsp;&nbsp;&nbsp;&nbsp;&nbsp;<strong>Dolar<\/strong>: 29 TL&#8217;den 35 TL&#8217;ye y\u00fckseldi (%20,68 art\u0131\u015f).<\/p>\n\n\n\n<p>Bu fiyat art\u0131\u015flar\u0131n\u0131n, asgari \u00fccretli, emekli ve memur vatanda\u015flar \u00fczerindeki etkisine dikkat \u00e7eken G\u00fclcan K\u0131\u015f, \u015fu ifadeleri kulland\u0131:<\/p>\n\n\n\n<p>&#8220;Bir yanda %11,54 maa\u015f zamm\u0131, di\u011fer yanda %300&#8217;\u00fc ge\u00e7en zamlar. Bu tablo, halk\u0131n eme\u011fini yok saymakt\u0131r. Saray\u0131n istatistik kurumu T\u00dc\u0130K&#8217;in resmi enflasyonu %44 olarak a\u00e7\u0131klad\u0131\u011f\u0131 bir \u00fclkede, vatanda\u015f\u0131m\u0131z\u0131n mutfak enflasyonu %300&#8217;\u00fc ge\u00e7mi\u015ftir. Asgari \u00fccretli daha zaml\u0131 maa\u015f\u0131 cebine koymadan paras\u0131 pula d\u00f6nm\u00fc\u015ft\u00fcr. Erdo\u011fan&#8217;\u0131n &#8216;vatanda\u015f\u0131m\u0131z\u0131 enflasyona ezdirmedik&#8217; s\u00f6ylemi, hamasetten ba\u015fka bir \u015fey de\u011fildir. Emekli de memur da i\u015f\u00e7i de enflasyon alt\u0131nda ezilmi\u015ftir.&#8221;<\/p>\n\n\n\n<p><strong>&#8220;Kriz Vatanda\u015f\u0131 De\u011fil, \u0130ktidar\u0131 Savurmal\u0131!&#8221;<\/strong><\/p>\n\n\n\n<p>G\u00fclcan K\u0131\u015f, h\u00fck\u00fcmetin ekonomi politikalar\u0131n\u0131 ele\u015ftirerek, &#8220;Ya\u015fanan kriz, halk\u0131 savurdu; ancak bu savrulu\u015fun bedelini \u00f6demesi gereken, k\u00f6t\u00fc y\u00f6netimdir. Halk\u0131n \u00e7ekti\u011fi \u00e7ileyi g\u00f6rmeyenler, g\u00fcn\u00fc geldi\u011finde sand\u0131kta bu sorumlulu\u011fun hesab\u0131n\u0131 verecektir&#8221; dedi.<\/p>\n\n\n\n<p><strong>&#8220;2024&#8217;\u00fcn Hikayesi: Zengin Daha Zengin, Fakir Daha Fakir&#8221;<\/strong><\/p>\n\n\n\n<p>CHP Mersin Milletvekili G\u00fclcan K\u0131\u015f, gelir da\u011f\u0131l\u0131m\u0131ndaki adaletsizli\u011fin derinle\u015fti\u011fine vurgu yaparak \u015funlar\u0131 ekledi:<\/p>\n\n\n\n<p>&#8220;Bu y\u0131l, zenginle fakir aras\u0131ndaki u\u00e7urumun b\u00fcy\u00fcd\u00fc\u011f\u00fc, halk\u0131n cebine giren paran\u0131n g\u00fcnbeg\u00fcn eridi\u011fi bir y\u0131l oldu. 2024, halk\u0131n s\u0131rt\u0131na y\u00fcklenen ekonomik krizin b\u00fct\u00fcn a\u011f\u0131rl\u0131\u011f\u0131yla hissedildi\u011fi bir kara y\u0131l olarak tarihe ge\u00e7ti.&#8221;<\/p>\n","protected":false},"excerpt":{"rendered":"<p>CHP Mersin Milletvekili G\u00fclcan K\u0131\u015f: CHP Mersin Milletvekili G\u00fclcan K\u0131\u015f, 2024 y\u0131l\u0131na dair dikkat \u00e7ekici bir de\u011ferlendirme yaparak, 1 y\u0131ldaki fiyat de\u011fi\u015fimlerini mercek alt\u0131na ald\u0131. Ekonomik tablonun halk \u00fczerindeki y\u0131k\u0131c\u0131 etkilerini g\u00f6zler \u00f6n\u00fcne seren CHP&#8217;li G\u00fclcan K\u0131\u015f, 2024&#8217;\u00fc &#8220;halk\u0131n ge\u00e7im sava\u015f\u0131 verdi\u011fi bir y\u0131l&#8221; olarak tan\u0131mlad\u0131.&nbsp; G\u00fclcan K\u0131\u015f, &#8220;2024 y\u0131l\u0131, sadece bir ekonomik kriz y\u0131l\u0131 [&hellip;]<\/p>\n","protected":false},"author":2,"featured_media":38012,"comment_status":"closed","ping_status":"closed","sticky":false,"template":"","format":"standard","meta":{"footnotes":""},"categories":[34,3],"tags":[],"class_list":["post-38441","post","type-post","status-publish","format-standard","has-post-thumbnail","hentry","category-flas-haber","category-manset"],"views":7,"_links":{"self":[{"href":"https:\/\/mersinkadingazetesi.com\/index.php?rest_route=\/wp\/v2\/posts\/38441"}],"collection":[{"href":"https:\/\/mersinkadingazetesi.com\/index.php?rest_route=\/wp\/v2\/posts"}],"about":[{"href":"https:\/\/mersinkadingazetesi.com\/index.php?rest_route=\/wp\/v2\/types\/post"}],"author":[{"embeddable":true,"href":"https:\/\/mersinkadingazetesi.com\/index.php?rest_route=\/wp\/v2\/users\/2"}],"replies":[{"embeddable":true,"href":"https:\/\/mersinkadingazetesi.com\/index.php?rest_route=%2Fwp%2Fv2%2Fcomments&post=38441"}],"version-history":[{"count":1,"href":"https:\/\/mersinkadingazetesi.com\/index.php?rest_route=\/wp\/v2\/posts\/38441\/revisions"}],"predecessor-version":[{"id":38442,"href":"https:\/\/mersinkadingazetesi.com\/index.php?rest_route=\/wp\/v2\/posts\/38441\/revisions\/38442"}],"wp:featuredmedia":[{"embeddable":true,"href":"https:\/\/mersinkadingazetesi.com\/index.php?rest_route=\/wp\/v2\/media\/38012"}],"wp:attachment":[{"href":"https:\/\/mersinkadingazetesi.com\/index.php?rest_route=%2Fwp%2Fv2%2Fmedia&parent=38441"}],"wp:term":[{"taxonomy":"category","embeddable":true,"href":"https:\/\/mersinkadingazetesi.com\/index.php?rest_route=%2Fwp%2Fv2%2Fcategories&post=38441"},{"taxonomy":"post_tag","embeddable":true,"href":"https:\/\/mersinkadingazetesi.com\/index.php?rest_route=%2Fwp%2Fv2%2Ftags&post=38441"}],"curies":[{"name":"wp","href":"https:\/\/api.w.org\/{rel}","templated":true}]}}