{"id":38443,"date":"2025-01-05T10:26:59","date_gmt":"2025-01-05T07:26:59","guid":{"rendered":"https:\/\/mersinkadingazetesi.com\/?p=38443"},"modified":"2025-01-05T10:27:00","modified_gmt":"2025-01-05T07:27:00","slug":"2024-yili-emekliler-icin-bir-cile-ve-sefalet-yili-oldu","status":"publish","type":"post","link":"https:\/\/mersinkadingazetesi.com\/?p=38443","title":{"rendered":"&#8220;2024 YILI EMEKL\u0130LER \u0130\u00c7\u0130N B\u0130R \u00c7\u0130LE VE SEFALET YILI OLDU&#8221;"},"content":{"rendered":"\n<p>Mersin B\u00fcy\u00fck\u015fehir Belediye Ba\u015fkan\u0131 Vahap Se\u00e7er, Yeni\u015fehir ve Mezitli Emekli Evi \u00fcyeleri ile bir araya gelerek ya\u015f alm\u0131\u015f yurtta\u015flarla keyifli bir sohbet ger\u00e7ekle\u015ftirdi. Yeni\u015fehir, Mezitli, Toroslar, Anamur ve Tarsus olmak \u00fczere toplam 5 il\u00e7ede 4317 \u00fcyesi ile hizmet veren Mersin B\u00fcy\u00fck\u015fehir Belediyesi Emekli Evleri, ya\u015f alm\u0131\u015f yurtta\u015flar\u0131 \u00f6nceleyen projelere ev sahipli\u011fi yaparak onlar\u0131n sosyal hayatta aktif rol almalar\u0131n\u0131 sa\u011fl\u0131yor.<\/p>\n\n\n\n<p>\u0130lk olarak Mezitli \u0130l\u00e7esi Viran\u015fehir Sahili&#8217;nde denize s\u0131f\u0131r bulunan Mezitli Emekli Evi&#8217;ni ard\u0131ndan da Yeni\u015fehir&#8217;de bulunan Emekli Evi&#8217;ni ziyaret eden Ba\u015fkan Se\u00e7er&#8217;e, Yeni\u015fehir Belediye Ba\u015fkan\u0131 Abdullah \u00d6zyi\u011fit, Mezitli Belediye Ba\u015fkan\u0131 Ahmet Serkan Tuncer, Cumhuriyet Halk Partisi (CHP) \u0130l\u00e7e Ba\u015fkanlar\u0131, meclis \u00fcyeleri ve b\u00fcrokratlar e\u015flik etti.<\/p>\n\n\n\n<p><strong>&#8220;Emekliler, a\u00e7l\u0131k s\u0131n\u0131r\u0131n\u0131n alt\u0131nda bir ya\u015fam m\u00fccadelesi veriyor&#8221;<\/strong><\/p>\n\n\n\n<p>Ziyaretin ard\u0131ndan a\u00e7\u0131klamalarda bulunan Ba\u015fkan Se\u00e7er, h\u00fck\u00fcmetin 2024 y\u0131l\u0131n\u0131&nbsp;<strong><em>&#8216;Emekliler Y\u0131l\u0131&#8217;<\/em><\/strong>&nbsp;ilan etmesine ra\u011fmen emeklilerin sefalet i\u00e7inde bir y\u0131l ge\u00e7irdi\u011fini belirtti. Se\u00e7er,&nbsp;<strong>&#8220;2024 y\u0131l\u0131 emekliler i\u00e7in bir \u00e7ile ve sefalet y\u0131l\u0131 oldu. \u0130ktidar\u0131n emeklilere reva g\u00f6rd\u00fc\u011f\u00fc ko\u015fullara bakarsan\u0131z sanki \u015faka yapt\u0131lar, o derece trajikomik bir tabloyla kar\u015f\u0131 kar\u015f\u0131yay\u0131z. Emekliler sefalet d\u00fczeyinde bir ya\u015fam s\u00fcrd\u00fcr\u00fcyorlar. Bu bir&nbsp;<a>realite<\/a>. T\u00fcrkiye&#8217;nin y\u0131llard\u0131r kaynaklar\u0131n\u0131 kuruttular, do\u011fal olarak uzun y\u0131llar gen\u00e7liklerini \u00e7al\u0131\u015farak ve bu \u00fclkeye yarar sa\u011flayarak ge\u00e7iren emeklilere de ay\u0131racak kaynaklar\u0131 kalmad\u0131. \u00c7eyrek y\u0131ll\u0131k bir iktidardan bahsediyoruz. Bug\u00fcne kadar her \u015feyi \u00f6yle yanl\u0131\u015f yapt\u0131n\u0131z ki \u00fclkeyi bu duruma getirdiniz&#8221;&nbsp;<\/strong>dedi.<\/p>\n\n\n\n<p><strong>&#8220;830 milyon lira olan sosyal destek b\u00fct\u00e7emizi bu y\u0131l 1,5 milyar liraya \u00e7\u0131kard\u0131k&#8221;<\/strong><\/p>\n\n\n\n<p>2025 y\u0131l\u0131nda halk\u0131n ciddi sorunlar ya\u015fayaca\u011f\u0131na dikkat \u00e7eken Se\u00e7er,<strong>&nbsp;&#8220;Zaten ge\u00e7ti\u011fimiz y\u0131l her sosyal s\u0131n\u0131f bu s\u0131k\u0131nt\u0131y\u0131 ya\u015fad\u0131&#8221;&nbsp;<\/strong>diyerek&nbsp;B\u00fcy\u00fck\u015fehir Belediyesi olarak ald\u0131klar\u0131 bu konuda ald\u0131klar\u0131 \u00f6nlemleri payla\u015ft\u0131. Se\u00e7er,&nbsp;<strong>&#8220;Mersin B\u00fcy\u00fck\u015fehir olarak bu y\u0131l ge\u00e7ti\u011fimiz y\u0131la g\u00f6re sosyal politikalar ay\u0131rd\u0131\u011f\u0131m\u0131z b\u00fct\u00e7ede y\u00fczde 80&#8217;lik bir art\u0131\u015f yapt\u0131k.&nbsp;&nbsp;830 milyon lira olan sosyal destek b\u00fct\u00e7emizi bu y\u0131l 1,5 milyar liraya \u00e7\u0131kard\u0131k. Bug\u00fcnleri g\u00f6r\u00fcp tahmin etti\u011fimiz i\u00e7in bu \u00e7al\u0131\u015fmalar\u0131 yapt\u0131k&#8221;&nbsp;<\/strong>diye konu\u015ftu.<\/p>\n\n\n\n<p>\u0130ktidar\u0131n a\u00e7\u0131k b\u0131rakt\u0131\u011f\u0131 alanlar\u0131 belediyelerin doldurdu\u011funu belirten Se\u00e7er,&nbsp;<strong>&#8220;E\u011fitimde a\u00e7\u0131k b\u0131rakt\u0131\u011f\u0131 alanlar\u0131 dolduruyor, emeklilerin sorunlar\u0131yla belediyeler ilgileniyor. Ya\u015f alm\u0131\u015f yurtta\u015flar\u0131n ihtiya\u00e7lar\u0131nda belediyeler devreye giriyor. A\u00e7l\u0131k s\u0131n\u0131r\u0131n\u0131n alt\u0131nda ya\u015fayan yurtta\u015flar\u0131n imdad\u0131na belediyeler yeti\u015fiyor. Her alanda belediyeleri g\u00f6r\u00fcyoruz. \u00d6n\u00fcm\u00fczdeki d\u00f6nemde bu daha da art\u0131\u015f g\u00f6sterecek&#8221;&nbsp;<\/strong>ifadelerine yer verdi.<\/p>\n\n\n\n<p><strong>&#8220;\u0130ktidar, CHP&#8217;li belediyelerin ba\u015far\u0131l\u0131 \u00e7al\u0131\u015fmalar\u0131ndan rahats\u0131zl\u0131k duyuyor&#8221;<\/strong><\/p>\n\n\n\n<p>Se\u00e7er, h\u00fck\u00fcmetin CHP&#8217;li belediyelere y\u00f6nelik bask\u0131 politikalar\u0131n\u0131 da ele\u015ftirerek,&nbsp;<strong>&#8220;Son d\u00f6nemde Cumhurba\u015fkan\u0131 &#8216;belediyelerin SGK ve vergi bor\u00e7lar\u0131&#8217; diyerek \u00e7ok \u00fczerimize gelmeye ba\u015flad\u0131. Say\u0131n Bakan&#8217;a da&nbsp;<em>&#8216;silkeleyin&#8217;<\/em>&nbsp;diye bir talimat verdi. Bu durum, iktidar\u0131n CHP&#8217;li belediyelerin ba\u015far\u0131l\u0131 \u00e7al\u0131\u015fmalar\u0131ndan rahats\u0131zl\u0131k duydu\u011funun g\u00f6stergesidir. Ba\u015f edemiyor ki bu tip adaletli olmayan uygulamalarda belediyelerin \u00f6n\u00fcn\u00fc kesmeye \u00e7al\u0131\u015f\u0131yor&#8221;<\/strong>&nbsp;dedi.<\/p>\n\n\n\n<p><strong>&#8220;31 Mart 2024 se\u00e7imlerinde halk iktidar\u0131 silkeledi&#8221;<\/strong><\/p>\n\n\n\n<p>Uygulanan bask\u0131 politikalar\u0131na kar\u015f\u0131 cevab\u0131 halk\u0131n sand\u0131kta verdi\u011fini ifade eden Se\u00e7er,<strong>&nbsp;&#8220;31 Mart 2024 se\u00e7imlerinde halk iktidar\u0131 silkeledi. 23 y\u0131ld\u0131r bu \u00fclkeyi y\u00f6netenler T\u00fcrkiye&#8217;nin temel sorunlar\u0131na \u00e7\u00f6z\u00fcm bulamad\u0131lar. D\u00fczeni bozdular ve adaleti ortadan kald\u0131rd\u0131lar. Bu saatten sonra vatanda\u015f\u0131n da onlardan bir umudu yok. Umut yeni bir iktidar, partimizin iktidar\u0131&#8221;&nbsp;<\/strong>ifadelerini kulland\u0131.<\/p>\n\n\n\n<p><strong>&#8220;Halk CHP&#8217;nin belediyecilik anlay\u0131\u015f\u0131ndan ve ba\u015fkanlar\u0131ndan memnun&#8221;<\/strong><\/p>\n\n\n\n<p>Se\u00e7er,<strong>&nbsp;&#8220;2019&#8217;dan bu yana CHP&#8217;li belediyelerin halka dokunan, \u00e7ok \u00f6nemli ve de\u011ferli hizmetleri oldu. Ve son se\u00e7imlerde de \u00e7ok g\u00fczel ba\u015far\u0131lar elde ettik. Demek ki vatanda\u015flar\u0131m\u0131z CHP&#8217;nin belediyecilik anlay\u0131\u015f\u0131ndan ve ba\u015fkanlar\u0131ndan memnun. \u00d6n\u00fcm\u00fczdeki genel se\u00e7imlerde de geni\u015f halk kitlelerinin deste\u011fini alaca\u011f\u0131z&#8221;&nbsp;<\/strong>dedi. \u0130ktidar\u0131n uygulad\u0131\u011f\u0131 ekonomi politikalar\u0131n\u0131n T\u00fcrkiye&#8217;de yoksullu\u011fu daha da derinle\u015ftirece\u011fini, sabit gelirliye, i\u015f\u00e7i s\u0131n\u0131f\u0131na, k\u00f6yl\u00fcye, emekliye ve emek\u00e7iye b\u00fcy\u00fck bir bedel \u00f6detece\u011fini s\u00f6yleyen Se\u00e7er,&nbsp;<strong>&#8220;Bunun sonucunda da vatanda\u015f\u0131m\u0131z iktidarda de\u011fi\u015fim talebini g\u00fc\u00e7l\u00fc olarak seslendirecek ve sonu\u00e7ta ikinci kez iktidar\u0131 silkeleyecek&#8221;&nbsp;<\/strong>diye konu\u015ftu.<\/p>\n\n\n\n<p><strong>Y\u0131lmaz: &#8220;Emekliler \u00f6l\u00fcme terk edildi&#8221;<\/strong><\/p>\n\n\n\n<p>2025&#8217;in emekliler i\u00e7in daha da k\u00f6t\u00fc olaca\u011f\u0131n\u0131 s\u00f6yleyen emekli yurtta\u015f Bayram Y\u0131lmaz,&nbsp;<strong>&#8220;Emekliler a\u00e7l\u0131\u011f\u0131 b\u0131rak\u0131n, \u00f6l\u00fcme terk edildi. Yukar\u0131da pay\u0131 alanlar alabiliyor ama emekliye gelince ne hikmetse bu m\u00fcmk\u00fcn olmuyor. Kirac\u0131y\u0131m, kiralara y\u00fczde 58 zam oran\u0131 verildi. Ben o kiray\u0131 nas\u0131l \u00f6deyece\u011fim? \u00c7ok k\u00f6t\u00fc bir y\u0131l bitti, diliyoruz ama dilemekle olmuyor. Baz\u0131 \u00e7al\u0131\u015fmalar\u0131n yap\u0131lmas\u0131 laz\u0131m&#8221;<\/strong>&nbsp;ifadelerini kulland\u0131.<\/p>\n\n\n\n<p>Emekli maa\u015f\u0131 d\u00fczenlemesinin beklenti ve isteklerinin \u00e7ok \u00e7ok alt\u0131nda oldu\u011funa dikkat \u00e7eken emekli H\u00fcseyin Karao\u011flu ise,&nbsp;<strong>&#8220;En d\u00fc\u015f\u00fck emekli maa\u015f\u0131 i\u00e7in 14 bin 500 bu\u00e7uk diyorlar. Ev sahibi 12 bin 500 istiyor, 14 bin 500 verirlerse ona g\u00f6re gerisini siz d\u00fc\u015f\u00fcn\u00fcn. Sadece kuru ekmek, so\u011fan dediler. Bizi ne yapal\u0131m?&#8221;<\/strong>&nbsp;diye sordu.<\/p>\n\n\n\n<p><strong>Eskiyurt: &#8220;Ge\u00e7inemiyoruz maalesef, \u00e7ok yetersiz&#8221;<\/strong><\/p>\n\n\n\n<p>Zam oranlar\u0131na ili\u015fkin konu\u015fan emekli H\u00fcr\u015fadi Eskiyurt,&nbsp;<strong>&#8220;Hi\u00e7 yeterli de\u011fil, \u015fok olduk. Ge\u00e7inemiyoruz, bir kasab\u0131n yan\u0131na varam\u0131yoruz, markete gidiyorsun, bir po\u015fet dolduruyorsun 300- 500 lira. Bir \u00fcr\u00fcn almak i\u00e7in 3-5 tane market dolan\u0131yoruz, nerede indirim varsa oradan alal\u0131m diyoruz. Eskiden bir ev al\u0131yorduk, \u00e7ocu\u011fumu okuttum, evimi ald\u0131m. \u015eimdi m\u00fcmk\u00fcn de\u011fil, buzdolab\u0131m\u0131n bozulmas\u0131ndan korkuyorum. Ge\u00e7inemiyoruz maalesef, \u00e7ok yetersiz. Kendilerine gelince y\u00fczde 30-40 zam. Emekliye gelince y\u00fczde 11, ne yapaca\u011f\u0131z \u015fa\u015f\u0131rd\u0131k, zor i\u015fimiz&#8221;<\/strong>&nbsp;dedi.<\/p>\n","protected":false},"excerpt":{"rendered":"<p>Mersin B\u00fcy\u00fck\u015fehir Belediye Ba\u015fkan\u0131 Vahap Se\u00e7er, Yeni\u015fehir ve Mezitli Emekli Evi \u00fcyeleri ile bir araya gelerek ya\u015f alm\u0131\u015f yurtta\u015flarla keyifli bir sohbet ger\u00e7ekle\u015ftirdi. Yeni\u015fehir, Mezitli, Toroslar, Anamur ve Tarsus olmak \u00fczere toplam 5 il\u00e7ede 4317 \u00fcyesi ile hizmet veren Mersin B\u00fcy\u00fck\u015fehir Belediyesi Emekli Evleri, ya\u015f alm\u0131\u015f yurtta\u015flar\u0131 \u00f6nceleyen projelere ev sahipli\u011fi yaparak onlar\u0131n sosyal hayatta [&hellip;]<\/p>\n","protected":false},"author":2,"featured_media":38444,"comment_status":"closed","ping_status":"closed","sticky":false,"template":"","format":"standard","meta":{"footnotes":""},"categories":[3],"tags":[],"class_list":["post-38443","post","type-post","status-publish","format-standard","has-post-thumbnail","hentry","category-manset"],"views":3,"_links":{"self":[{"href":"https:\/\/mersinkadingazetesi.com\/index.php?rest_route=\/wp\/v2\/posts\/38443"}],"collection":[{"href":"https:\/\/mersinkadingazetesi.com\/index.php?rest_route=\/wp\/v2\/posts"}],"about":[{"href":"https:\/\/mersinkadingazetesi.com\/index.php?rest_route=\/wp\/v2\/types\/post"}],"author":[{"embeddable":true,"href":"https:\/\/mersinkadingazetesi.com\/index.php?rest_route=\/wp\/v2\/users\/2"}],"replies":[{"embeddable":true,"href":"https:\/\/mersinkadingazetesi.com\/index.php?rest_route=%2Fwp%2Fv2%2Fcomments&post=38443"}],"version-history":[{"count":1,"href":"https:\/\/mersinkadingazetesi.com\/index.php?rest_route=\/wp\/v2\/posts\/38443\/revisions"}],"predecessor-version":[{"id":38445,"href":"https:\/\/mersinkadingazetesi.com\/index.php?rest_route=\/wp\/v2\/posts\/38443\/revisions\/38445"}],"wp:featuredmedia":[{"embeddable":true,"href":"https:\/\/mersinkadingazetesi.com\/index.php?rest_route=\/wp\/v2\/media\/38444"}],"wp:attachment":[{"href":"https:\/\/mersinkadingazetesi.com\/index.php?rest_route=%2Fwp%2Fv2%2Fmedia&parent=38443"}],"wp:term":[{"taxonomy":"category","embeddable":true,"href":"https:\/\/mersinkadingazetesi.com\/index.php?rest_route=%2Fwp%2Fv2%2Fcategories&post=38443"},{"taxonomy":"post_tag","embeddable":true,"href":"https:\/\/mersinkadingazetesi.com\/index.php?rest_route=%2Fwp%2Fv2%2Ftags&post=38443"}],"curies":[{"name":"wp","href":"https:\/\/api.w.org\/{rel}","templated":true}]}}