{"id":38452,"date":"2025-01-05T12:56:37","date_gmt":"2025-01-05T09:56:37","guid":{"rendered":"https:\/\/mersinkadingazetesi.com\/?p=38452"},"modified":"2025-01-05T12:56:37","modified_gmt":"2025-01-05T09:56:37","slug":"malikane-seklinde-kacak-binalar-var","status":"publish","type":"post","link":"https:\/\/mersinkadingazetesi.com\/?p=38452","title":{"rendered":"&#8220;MAL\u0130KANE \u015eEKL\u0130NDE KA\u00c7AK B\u0130NALAR VAR&#8221;"},"content":{"rendered":"\n<p>Toroslar Belediye Ba\u015fkan\u0131 Abdurrahman Y\u0131ld\u0131z, Yal\u0131nayak b\u00f6lgesinde m\u00fclkiyeti belediyeye ait 300 d\u00f6n\u00fcml\u00fck alan\u0131 tekstil ve a\u011fa\u00e7 i\u015fleri ba\u015fta olmak \u00fczere sanayi yat\u0131r\u0131mc\u0131lar\u0131na a\u00e7acaklar\u0131n\u0131, yerle\u015fim alanlar\u0131n\u0131n ortas\u0131nda kalan, g\u00f6r\u00fcnt\u00fc ve g\u00fcr\u00fclt\u00fc kirlili\u011fi yaratan tesislerin de bu alana ta\u015f\u0131naca\u011f\u0131n\u0131 s\u00f6yledi. Toroslar&#8217;a otel ve AVM yat\u0131r\u0131m\u0131 planlayan yat\u0131r\u0131mc\u0131lar oldu\u011funu kaydeden Y\u0131ld\u0131z, &#8220;Yat\u0131r\u0131m yapmak isteyen b\u00fct\u00fcn yat\u0131r\u0131mc\u0131lar\u0131n \u00f6n\u00fcn\u00fc a\u00e7\u0131yoruz. Bizim il\u00e7emizde de ticari canl\u0131l\u0131k olsun, bizim il\u00e7emizde de istihdam yarat\u0131ls\u0131n istiyoruz&#8221; dedi.<\/p>\n\n\n\n<p>Toroslar Belediye Ba\u015fkan\u0131 Abdurrahman Y\u0131ld\u0131z, her hafta sonu yapt\u0131\u011f\u0131 k\u0131rsal mahalle gezilerini bu hafta Buluklu, Resul, Ka\u015fl\u0131, D\u00fc\u011fd\u00fc\u00f6ren ve \u00c7opurlu Mahalleleriyle s\u00fcrd\u00fcrd\u00fc.<\/p>\n\n\n\n<p>Buluklu Mahallesinde ge\u00e7ti\u011fimiz d\u00f6nemde a\u00e7\u0131lan Kuvva-i Milliye M\u00fczesini \u015fehrin d\u00f6rt bir yan\u0131ndan gelecek \u00f6\u011frencilere a\u00e7acaklar\u0131n\u0131 kaydeden Ba\u015fkan Y\u0131ld\u0131z, &#8220;Yani burada gen\u00e7lerimiz, \u00e7ocuklar\u0131m\u0131z gelip hem kendi tarihsel ge\u00e7mi\u015fimize ili\u015fkin do\u011fru bilgi sahibi olsunlar hem de kafalar\u0131nda gelece\u011fe ili\u015fkin yeni y\u00f6nelimler olu\u015fsun istiyoruz&#8221; dedi.<\/p>\n\n\n\n<p><strong>&#8220;MAL\u0130KANE \u015eEKL\u0130NDE KA\u00c7AK B\u0130NALAR VAR&#8221;<\/strong><\/p>\n\n\n\n<p>Buluklu Mahallesinin Toroslar&#8217;\u0131n mahalleleri aras\u0131nda \u00f6zel bir yer tuttu\u011funa i\u015faret eden Ba\u015fkan Y\u0131ld\u0131z, &#8220;Bir yan\u0131yla k\u00f6y ili\u015fkileri h\u00e2l\u00e2 devam ediyor burada. \u00d6te yan\u0131yla \u015fehir planlar\u0131 i\u00e7ine girdi\u011fi i\u00e7in kent bask\u0131s\u0131 alt\u0131nda, kentle\u015fme bask\u0131s\u0131 alt\u0131nda daha do\u011frusu. Yani ka\u00e7ak in\u015faatlar\u0131n, sahipsiz binalar\u0131n h\u0131zla \u00e7o\u011fald\u0131\u011f\u0131, problemin katmer katmer artt\u0131\u011f\u0131 yerlerden bir tanesi Buluklu. Tabii Toroslar&#8217;\u0131n ba\u015fka mahallelerinde de bilinen problemlerimiz var ama \u00f6zellikle \u015fehrin gerdanl\u0131\u011f\u0131 gibi olan Buluklu&#8217;nun b\u00f6yle bir \u00f6zelli\u011fi de var. Kentin gerdanl\u0131\u011f\u0131 gibi buras\u0131. Dolay\u0131s\u0131yla \u00e7ok \u00e7ekici bir yer, \u00e7ok cazip bir yer. Zannedildi\u011fi gibi buradaki ka\u00e7ak binalar sadece gecekondulardan ibaret binalar de\u011fil. Buradaki ka\u00e7ak binalar malikane \u015feklinde yap\u0131l\u0131yor. Yani hakikaten b\u00f6yle bir malikane \u015feklinde ka\u00e7ak yap\u0131lar yap\u0131l\u0131yor. Halbuki bunlar biraz daha beklenirse, \u00e7ok daha rahat \u00e7\u00f6z\u00fclebilecek, planlanacak yerler. Evet. Hakikaten uzun zamand\u0131r ihmal edilmi\u015f bir planlama a\u015famas\u0131 var. Ben ge\u00e7en d\u00f6nem de B\u00fcy\u00fck\u015fehir Belediyesi&#8217;nde meclis \u00fcyesiydim ve imar komisyonu \u00fcyesiydim 2021 y\u0131l\u0131nda asl\u0131nda buran\u0131n be\u015f binlik planlar\u0131 filan bitirildi ama biraz bizden \u00f6nceki y\u00f6netim, binlik planlar\u0131 ve uygulamalar\u0131 yapmak konusunda meseleyi biraz savsaklad\u0131\u011f\u0131 i\u00e7in i\u015fler gecikti&#8221; dedi.<\/p>\n\n\n\n<p><strong>&#8220;HALKIN B\u00dcT\u00c7E YAPMA HAKKINA \u0130NANIYORUZ&#8221;<\/strong><\/p>\n\n\n\n<p>Se\u00e7imden bu yana ge\u00e7en s\u00fcrede \u00f6nceki y\u00f6netimin yapt\u0131\u011f\u0131 b\u00fct\u00e7eyi kullanmak zorunda kald\u0131klar\u0131n\u0131, 2025 b\u00fct\u00e7esini ise kendilerinin yapt\u0131\u011f\u0131n\u0131 kaydeden Ba\u015fkan Y\u0131ld\u0131z, &#8220;Onlar\u0131n \u00f6ncelikleriyle bizim \u00f6nceliklerimiz aras\u0131nda fark var. Biz meselelere ba\u015fka bir yerden bak\u0131yoruz ve en temel siyasal felsefemiz halk\u0131n b\u00fct\u00e7e yapma hakk\u0131n\u0131n oldu\u011fu tespitidir. Yani biz b\u00fct\u00e7eyi halkla birlikte yapman\u0131n, yap\u0131lan b\u00fct\u00e7eyi de halk\u0131n taleplerine g\u00f6re harcaman\u0131n do\u011fru bir siyasal e\u011filim oldu\u011funu d\u00fc\u015f\u00fcnen insanlardan\u0131z. Dolay\u0131s\u0131yla bunu konu\u015fmaya geldik bir yandan. \u00d6zellikle 2025 y\u0131l\u0131nda haz\u0131rlam\u0131\u015f oldu\u011fumuz 2 milyar 300 milyon lira b\u00fct\u00e7emiz var. Bu b\u00fct\u00e7emizin \u00fc\u00e7te ikilik b\u00f6l\u00fcm\u00fcn\u00fc bug\u00fcne kadar kangrenle\u015fmi\u015f, asl\u0131nda bir k\u0131s\u0131m belediyenin temel hizmetlerini \u00e7\u00f6zmek i\u00e7in ay\u0131rd\u0131k. Yani 2025 y\u0131l\u0131nda en temel \u00fc\u00e7 belediyecilik hizmeti konusunda \u00e7al\u0131\u015fmalar\u0131m\u0131z\u0131 yo\u011funla\u015ft\u0131raca\u011f\u0131z. Yani yol meselesini, asfalt meselesini, kilit parke meselesini bir mesele olmaktan \u00e7\u0131kartmay\u0131 d\u00fc\u015f\u00fcn\u00fcyoruz. Temizlik meselesini bir mesele olmaktan \u00e7\u0131kartmay\u0131 d\u00fc\u015f\u00fcn\u00fcyoruz.&nbsp; Dolay\u0131s\u0131yla kaliteli hizmetler yapal\u0131m, tek seferde d\u00fczg\u00fcnce harcayal\u0131m ve bu i\u015fleri bitirdikten sonra ba\u015fka sosyal, k\u00fclt\u00fcrel, insan odakl\u0131 i\u015flere odaklanal\u0131m. Bu i\u015fleri yapmaya ba\u015flad\u0131k. Yani buralarda k\u00fclt\u00fcr sanat festivalleri yapal\u0131m; k\u0131rsalda benzer etkinlikler d\u00fczenleyelim. \u0130nsanlar\u0131n paras\u0131n\u0131 d\u00f6n\u00fcp d\u00f6n\u00fcp ayn\u0131 meselelerde harcamayal\u0131m&#8221; ifadelerini kulland\u0131.<\/p>\n\n\n\n<p><strong>&#8220;\u015eEH\u0130R \u0130\u00c7\u0130NDE KALAN SANAY\u0130 TES\u0130SLER\u0130 TA\u015eINACAK&#8221;<\/strong><\/p>\n\n\n\n<p>Toroslar&#8217;da ya\u015fayan yurtta\u015flar\u0131n \u00e7al\u0131\u015fmak i\u00e7in ba\u015fka il\u00e7elere gitti\u011fini kaydeden Y\u0131ld\u0131z, il\u00e7enin canlanmas\u0131 i\u00e7in ticaret ve sanayi alanlar\u0131 olu\u015fturulmas\u0131 gerekti\u011fini s\u00f6yledi.<\/p>\n\n\n\n<p>Ba\u015fkan Y\u0131ld\u0131z, &#8220;\u0130mar revizyon planlar\u0131m\u0131z tamamland\u0131. Yal\u0131nayak&#8217;ta belediyemize ait 300 d\u00f6n\u00fcml\u00fck bir sanayi alan\u0131 \u00e7\u0131karaca\u011f\u0131z. Orada tekstil ve a\u011fa\u00e7 i\u015flerine y\u00f6nelik yat\u0131r\u0131mlar yapaca\u011f\u0131z, \u015fehir i\u00e7inde g\u00f6r\u00fcnt\u00fc ve g\u00fcr\u00fclt\u00fc kirlili\u011fi yaratan tesisleri de oraya \u00e7ekece\u011fiz. Ayn\u0131 zamanda AVM ve otel yat\u0131r\u0131mlar\u0131 yapmak isteyenler var. Bunlar\u0131n \u00f6n\u00fcn\u00fc a\u00e7aca\u011f\u0131z. Yat\u0131r\u0131m yapmak isteyen b\u00fct\u00fcn yat\u0131r\u0131mc\u0131lar\u0131n \u00f6n\u00fcn\u00fc a\u00e7\u0131yoruz. Bizim il\u00e7emizde de ticari canl\u0131l\u0131k olsun, bizim il\u00e7emizde de istihdam yarat\u0131ls\u0131n istiyoruz&#8221; dedi.<\/p>\n","protected":false},"excerpt":{"rendered":"<p>Toroslar Belediye Ba\u015fkan\u0131 Abdurrahman Y\u0131ld\u0131z, Yal\u0131nayak b\u00f6lgesinde m\u00fclkiyeti belediyeye ait 300 d\u00f6n\u00fcml\u00fck alan\u0131 tekstil ve a\u011fa\u00e7 i\u015fleri ba\u015fta olmak \u00fczere sanayi yat\u0131r\u0131mc\u0131lar\u0131na a\u00e7acaklar\u0131n\u0131, yerle\u015fim alanlar\u0131n\u0131n ortas\u0131nda kalan, g\u00f6r\u00fcnt\u00fc ve g\u00fcr\u00fclt\u00fc kirlili\u011fi yaratan tesislerin de bu alana ta\u015f\u0131naca\u011f\u0131n\u0131 s\u00f6yledi. Toroslar&#8217;a otel ve AVM yat\u0131r\u0131m\u0131 planlayan yat\u0131r\u0131mc\u0131lar oldu\u011funu kaydeden Y\u0131ld\u0131z, &#8220;Yat\u0131r\u0131m yapmak isteyen b\u00fct\u00fcn yat\u0131r\u0131mc\u0131lar\u0131n \u00f6n\u00fcn\u00fc a\u00e7\u0131yoruz. [&hellip;]<\/p>\n","protected":false},"author":2,"featured_media":38453,"comment_status":"closed","ping_status":"closed","sticky":false,"template":"","format":"standard","meta":{"footnotes":""},"categories":[3],"tags":[],"class_list":["post-38452","post","type-post","status-publish","format-standard","has-post-thumbnail","hentry","category-manset"],"views":5,"_links":{"self":[{"href":"https:\/\/mersinkadingazetesi.com\/index.php?rest_route=\/wp\/v2\/posts\/38452"}],"collection":[{"href":"https:\/\/mersinkadingazetesi.com\/index.php?rest_route=\/wp\/v2\/posts"}],"about":[{"href":"https:\/\/mersinkadingazetesi.com\/index.php?rest_route=\/wp\/v2\/types\/post"}],"author":[{"embeddable":true,"href":"https:\/\/mersinkadingazetesi.com\/index.php?rest_route=\/wp\/v2\/users\/2"}],"replies":[{"embeddable":true,"href":"https:\/\/mersinkadingazetesi.com\/index.php?rest_route=%2Fwp%2Fv2%2Fcomments&post=38452"}],"version-history":[{"count":1,"href":"https:\/\/mersinkadingazetesi.com\/index.php?rest_route=\/wp\/v2\/posts\/38452\/revisions"}],"predecessor-version":[{"id":38454,"href":"https:\/\/mersinkadingazetesi.com\/index.php?rest_route=\/wp\/v2\/posts\/38452\/revisions\/38454"}],"wp:featuredmedia":[{"embeddable":true,"href":"https:\/\/mersinkadingazetesi.com\/index.php?rest_route=\/wp\/v2\/media\/38453"}],"wp:attachment":[{"href":"https:\/\/mersinkadingazetesi.com\/index.php?rest_route=%2Fwp%2Fv2%2Fmedia&parent=38452"}],"wp:term":[{"taxonomy":"category","embeddable":true,"href":"https:\/\/mersinkadingazetesi.com\/index.php?rest_route=%2Fwp%2Fv2%2Fcategories&post=38452"},{"taxonomy":"post_tag","embeddable":true,"href":"https:\/\/mersinkadingazetesi.com\/index.php?rest_route=%2Fwp%2Fv2%2Ftags&post=38452"}],"curies":[{"name":"wp","href":"https:\/\/api.w.org\/{rel}","templated":true}]}}