{"id":38468,"date":"2025-01-06T16:32:32","date_gmt":"2025-01-06T13:32:32","guid":{"rendered":"https:\/\/mersinkadingazetesi.com\/?p=38468"},"modified":"2025-01-06T16:32:33","modified_gmt":"2025-01-06T13:32:33","slug":"mersin-limaninin-kapasitesi-1-milyon-teu-artacak","status":"publish","type":"post","link":"https:\/\/mersinkadingazetesi.com\/?p=38468","title":{"rendered":"MERS\u0130N L\u0130MANI&#8217;NIN KAPAS\u0130TES\u0130 1 M\u0130LYON TEU ARTACAK"},"content":{"rendered":"\n<p><strong>Ula\u015ft\u0131rma ve Altyap\u0131 Bakan\u0131 Abdulkadir Uralo\u011flu, Mersin Liman\u0131 Geni\u015fleme Projesi kapsam\u0131nda devam eden \u00e7al\u0131\u015fmalar hakk\u0131nda bilgi verdi. Bakan Uralo\u011flu, &#8220;Projenin tamamlanmas\u0131 ile Mersin Liman\u0131&#8217;nda 2 mega konteyner gemisine ayn\u0131 anda hizmet verilecek. Liman\u0131n kapasitesi 2,6 milyon TEU&#8217;dan 3,6 milyon TEU&#8217;ya ula\u015facak.&#8221; dedi.<\/strong><\/p>\n\n\n\n<p>Ula\u015ft\u0131rma ve Altyap\u0131 Bakan\u0131 Abdulkadir Uralo\u011flu, T\u00fcrkiye&#8217;nin en b\u00fcy\u00fck konteyner liman\u0131 Mersin Liman\u0131&#8217;nda devam eden \u00e7al\u0131\u015fmalar hakk\u0131nda bilgi verdi. Bakan Uralo\u011flu, s\u00f6z konusu liman\u0131n 124 hektar alan\u0131yla ayn\u0131 zamanda \u00fclkenin en b\u00fcy\u00fck y\u00fcz\u00f6l\u00e7\u00fcm\u00fcne de sahip liman\u0131 oldu\u011funu belirterek &#8220;Mersin Liman\u0131 \u00fclkemizin y\u00fczde 50&#8217;sine yak\u0131n bir hinterlanda hizmet veriyor. \u0130hracat\u0131m\u0131z\u0131n konteyner y\u00fcklerde y\u00fczde 22&#8217;si, konvansiyonel y\u00fcklerde ise y\u00fczde 7&#8217;si Mersin Liman\u0131 taraf\u0131ndan ger\u00e7ekle\u015ftiriliyor.&#8221; ifadelerini kulland\u0131.<\/p>\n\n\n\n<p><strong>Mersin Liman\u0131 5 K\u0131taya Do\u011frudan Hizmet Sunuyor<\/strong><\/p>\n\n\n\n<p>Bakan Uralo\u011flu, Mersin Liman\u0131&#8217;n\u0131n bug\u00fcn 2,6 milyon TEU konteyner, 10 milyon ton konvansiyonel y\u00fck kapasitesiyle 5 k\u0131taya do\u011frudan hizmet sundu\u011funun alt\u0131n\u0131 \u00e7izdi. Liman\u0131n 5 binin \u00fczerinde ki\u015fiye do\u011frudan, 30 binden fazla ki\u015fiye dolayl\u0131 olarak istihdam sa\u011flad\u0131\u011f\u0131n\u0131n alt\u0131n\u0131 \u00e7izen Uralo\u011flu, s\u00f6zlerine \u015fu \u015fekilde devam etti:&nbsp;<\/p>\n\n\n\n<p>&#8220;Liman\u0131m\u0131z \u0130\u00e7 Anadolu, Akdeniz ve G\u00fcneydo\u011fu Anadolu b\u00f6lgelerinin ithalat ve ihracat kap\u0131s\u0131 olmas\u0131n\u0131n yan\u0131nda Orta Do\u011fu \u00fclkelerinin transit merkezidir.&nbsp;&nbsp;Yurt i\u00e7ine ve Ortado\u011fu \u00fclkelerine kara, hava ve demiryollar\u0131 ile ba\u011flanm\u0131\u015ft\u0131r. Mersin Liman\u0131, T\u00fcrkiye&#8217;nin \u00f6nde gelen end\u00fcstri \u015fehirleri yan\u0131nda, Irak, Suriye ve BDT \u00fclkelerine en \u00f6nemli ba\u011flant\u0131 noktas\u0131 konumundad\u0131r. Kom\u015fu \u00fclkelerin geli\u015fmekte olan y\u00fck trafi\u011finden daha fazla pay almay\u0131 hedefliyoruz.&#8221;<\/p>\n\n\n\n<p><strong>2023 Y\u0131l\u0131nda 31,4 Milyon Ton Y\u00fck Elle\u00e7lendi<\/strong><\/p>\n\n\n\n<p>Bakan Uralo\u011flu, 2023 y\u0131l\u0131nda Mersin Liman\u0131&#8217;n\u0131n toplam 31 milyon 454 bin ton y\u00fck elle\u00e7leyerek T\u00fcrkiye&#8217;nin deniz ticaretinde \u00f6nemli bir rol \u00fcstlendi\u011fini bildirdi. Uralo\u011flu, &#8220;T\u00fcrkiye genelinde y\u00fck elle\u00e7leme miktar\u0131 521 milyon 79 bin ton olarak ger\u00e7ekle\u015firken, Mersin Liman\u0131&#8217;n\u0131n bu toplam i\u00e7indeki pay\u0131 y\u00fczde 6 olarak kaydedildi.&#8221; a\u00e7\u0131klamas\u0131nda bulundu.<\/p>\n\n\n\n<p>Mersin Liman\u0131&#8217;n\u0131n denizcilik sekt\u00f6r\u00fcnde stratejik bir konuma sahip oldu\u011funu vurgulayan Uralo\u011flu, &#8220;2023 y\u0131l\u0131nda 1 milyon 942 bin TEU konteyner elle\u00e7leme ba\u015far\u0131s\u0131yla dikkat \u00e7ekmi\u015ftir. \u00dclkemiz genelinde elle\u00e7lenen toplam konteyner miktar\u0131 12 milyon 556 bin TEU olarak kaydedilmi\u015f olup Mersin Liman\u0131&#8217;n\u0131n bu alandaki pay\u0131 y\u00fczde 15,5&#8217;tir. Mersin Liman\u0131&#8217;n\u0131n performans\u0131 g\u00f6z \u00f6n\u00fcnde bulunduruldu\u011funda sekt\u00f6rden daha fazla pay alabilmek i\u00e7in geni\u015fleme projesi \u00f6nem kazanm\u0131\u015ft\u0131r.&#8221; dedi.<\/p>\n\n\n\n<p><strong>2 Mega Konteyner Gemisine Ayn\u0131 Anda Hizmet Verilecek<\/strong><\/p>\n\n\n\n<p>2016 y\u0131l\u0131nda hizmete sunulan EMH-I Terminali&#8217;ne mevcut durumda bir mega geminin yana\u015fabildi\u011fini an\u0131msatan Uralo\u011flu, &#8220;\u015eimdi de EMH-II projesiyle, 2 mega konteyner gemisine ayn\u0131 anda hizmet verebilmek i\u00e7in EMH-I r\u0131ht\u0131m\u0131n\u0131n 380 metre uzat\u0131lacak ve 176 bin metrekare geri saha yarat\u0131lacak.&#8221; ifadelerini kulland\u0131.<\/p>\n\n\n\n<p><strong>1 Milyon TEU \u0130lave Kapasite<\/strong><\/p>\n\n\n\n<p>Projenin tamamlanmas\u0131yla birlikte 880 metrelik r\u0131ht\u0131ma 2 adet 400 metrelik mega geminin ayn\u0131 anda yana\u015faca\u011f\u0131n\u0131n alt\u0131n\u0131 \u00e7izen Uralo\u011flu, &#8220;Mersin Liman\u0131 Geni\u015fleme Projesi sayesinde liman 2,6 milyon TEU&#8217;dan 3,6 milyon TEU kapasiteye ula\u015facak. Yap\u0131lan yat\u0131r\u0131m Mersin&#8217;in kal\u0131c\u0131 de\u011feri olacak, 500 ki\u015fiye do\u011frudan 5 bin ki\u015fiye ise dolayl\u0131 yoldan i\u015f imkan\u0131 sunacak. \u00c7al\u0131\u015fmalar\u0131n 2026 y\u0131l\u0131nda tamamlanmas\u0131 hedefleniyor.&#8221; a\u00e7\u0131klamas\u0131nda bulundu.<\/p>\n","protected":false},"excerpt":{"rendered":"<p>Ula\u015ft\u0131rma ve Altyap\u0131 Bakan\u0131 Abdulkadir Uralo\u011flu, Mersin Liman\u0131 Geni\u015fleme Projesi kapsam\u0131nda devam eden \u00e7al\u0131\u015fmalar hakk\u0131nda bilgi verdi. Bakan Uralo\u011flu, &#8220;Projenin tamamlanmas\u0131 ile Mersin Liman\u0131&#8217;nda 2 mega konteyner gemisine ayn\u0131 anda hizmet verilecek. Liman\u0131n kapasitesi 2,6 milyon TEU&#8217;dan 3,6 milyon TEU&#8217;ya ula\u015facak.&#8221; dedi. Ula\u015ft\u0131rma ve Altyap\u0131 Bakan\u0131 Abdulkadir Uralo\u011flu, T\u00fcrkiye&#8217;nin en b\u00fcy\u00fck konteyner liman\u0131 Mersin Liman\u0131&#8217;nda [&hellip;]<\/p>\n","protected":false},"author":2,"featured_media":38469,"comment_status":"closed","ping_status":"closed","sticky":false,"template":"","format":"standard","meta":{"footnotes":""},"categories":[34,2,3],"tags":[],"class_list":["post-38468","post","type-post","status-publish","format-standard","has-post-thumbnail","hentry","category-flas-haber","category-gundem","category-manset"],"views":7,"_links":{"self":[{"href":"https:\/\/mersinkadingazetesi.com\/index.php?rest_route=\/wp\/v2\/posts\/38468"}],"collection":[{"href":"https:\/\/mersinkadingazetesi.com\/index.php?rest_route=\/wp\/v2\/posts"}],"about":[{"href":"https:\/\/mersinkadingazetesi.com\/index.php?rest_route=\/wp\/v2\/types\/post"}],"author":[{"embeddable":true,"href":"https:\/\/mersinkadingazetesi.com\/index.php?rest_route=\/wp\/v2\/users\/2"}],"replies":[{"embeddable":true,"href":"https:\/\/mersinkadingazetesi.com\/index.php?rest_route=%2Fwp%2Fv2%2Fcomments&post=38468"}],"version-history":[{"count":1,"href":"https:\/\/mersinkadingazetesi.com\/index.php?rest_route=\/wp\/v2\/posts\/38468\/revisions"}],"predecessor-version":[{"id":38470,"href":"https:\/\/mersinkadingazetesi.com\/index.php?rest_route=\/wp\/v2\/posts\/38468\/revisions\/38470"}],"wp:featuredmedia":[{"embeddable":true,"href":"https:\/\/mersinkadingazetesi.com\/index.php?rest_route=\/wp\/v2\/media\/38469"}],"wp:attachment":[{"href":"https:\/\/mersinkadingazetesi.com\/index.php?rest_route=%2Fwp%2Fv2%2Fmedia&parent=38468"}],"wp:term":[{"taxonomy":"category","embeddable":true,"href":"https:\/\/mersinkadingazetesi.com\/index.php?rest_route=%2Fwp%2Fv2%2Fcategories&post=38468"},{"taxonomy":"post_tag","embeddable":true,"href":"https:\/\/mersinkadingazetesi.com\/index.php?rest_route=%2Fwp%2Fv2%2Ftags&post=38468"}],"curies":[{"name":"wp","href":"https:\/\/api.w.org\/{rel}","templated":true}]}}