{"id":38477,"date":"2025-01-07T11:41:48","date_gmt":"2025-01-07T08:41:48","guid":{"rendered":"https:\/\/mersinkadingazetesi.com\/?p=38477"},"modified":"2025-01-07T11:41:49","modified_gmt":"2025-01-07T08:41:49","slug":"mersinin-copu-enerjiye-dogasi-yesile-donuyor","status":"publish","type":"post","link":"https:\/\/mersinkadingazetesi.com\/?p=38477","title":{"rendered":"MERS\u0130N&#8217;\u0130N \u00c7\u00d6P\u00dc ENERJ\u0130YE, DO\u011eASI YE\u015e\u0130LE D\u00d6N\u00dcYOR"},"content":{"rendered":"\n<p>D\u00fcnyan\u0131n en b\u00fcy\u00fck sorunlar\u0131ndan birisi olan&nbsp;<strong><em>&#8216;k\u00fcresel \u0131s\u0131nma&#8217;<\/em><\/strong>ya kar\u015f\u0131 2024 y\u0131l\u0131nda Mersin&#8217;de bir dizi \u00f6nlem alan Mersin B\u00fcy\u00fck\u015fehir Belediyesi \u0130klim De\u011fi\u015fikli\u011fi ve S\u0131f\u0131r At\u0131k Dairesi Ba\u015fkanl\u0131\u011f\u0131; kenti ye\u015fil yar\u0131nlara haz\u0131rlamak i\u00e7in \u00e7al\u0131\u015fmalar\u0131n\u0131 s\u00fcrd\u00fcr\u00fcyor. Daha ye\u015fil bir gelecek i\u00e7in \u00e7al\u0131\u015fmalar yapan ekipler; her t\u00fcrl\u00fc at\u0131\u011f\u0131n \u00e7evreye zarar vermeden en g\u00fcvenli \u015fekilde bertaraf edilmesinden, yenilenebilir enerjiye ge\u00e7i\u015fe ve kentte ya\u015fayan herkesin yan\u0131 s\u0131ra \u00f6zellikle \u00e7ocuklara \u00e7evre bilincinin a\u015f\u0131lanmas\u0131na kadar bir dizi faaliyet s\u00fcrd\u00fcr\u00fcyor.<\/p>\n\n\n\n<p>Mersin&#8217;i iklim krizi kapsam\u0131nda ya\u015fan\u0131lacak olan do\u011fa olaylar\u0131na haz\u0131rl\u0131kl\u0131 hale getirmek i\u00e7in \u0130klim De\u011fi\u015fikli\u011fi ve S\u0131f\u0131r At\u0131k Dairesi Ba\u015fkanl\u0131\u011f\u0131 b\u00fcnyesinde; S\u0131f\u0131r At\u0131k Y\u00f6netimi \u015eube M\u00fcd\u00fcrl\u00fc\u011f\u00fc, \u0130klim ve \u00c7evre Bilim Merkezi \u015eube M\u00fcd\u00fcrl\u00fc\u011f\u00fc ile \u0130klim De\u011fi\u015fikli\u011fi ve Yenilenebilir Enerji \u015eube M\u00fcd\u00fcrl\u00fc\u011f\u00fc kuruldu. \u015eubeler sayesinde; kentte at\u0131klar\u0131n bertaraf\u0131ndan enerji \u00fcretimine, toplumun bilin\u00e7lenmesinden uluslararas\u0131 s\u00f6zle\u015fmelerin uygulanmas\u0131na kadar her \u015fey detay\u0131yla d\u00fc\u015f\u00fcn\u00fcl\u00fcyor.<\/p>\n\n\n\n<p><strong>Tonlarca at\u0131k bertaraf edildi, elektrikten komposta kadar bir dizi \u00fcretim ger\u00e7ekle\u015fti<\/strong><\/p>\n\n\n\n<p>S\u0131f\u0131r At\u0131k Y\u00f6netimi \u015eube M\u00fcd\u00fcrl\u00fc\u011f\u00fc, kat\u0131 at\u0131k aktarma, geri d\u00f6n\u00fc\u015f\u00fcm, d\u00fczenli depolama ve bertaraf \u00e7al\u0131\u015fmalar\u0131 kapsam\u0131nda 2024 y\u0131l\u0131nda; 720 bin ton evsel nitelikli kat\u0131 at\u0131\u011f\u0131 bertaraf etti ve bu at\u0131klardan 93 bin megavat elektrik \u00fcretti. At\u0131klar\u0131n 610 bin tonu aktarma istasyonlar\u0131ndan d\u00fczenli depolama ve bertaraf sahalar\u0131na ta\u015f\u0131narak, vah\u015fi depolaman\u0131n \u00f6n\u00fcne ge\u00e7ildi. Bu sayede \u00e7evre ve halk sa\u011fl\u0131\u011f\u0131na \u00f6nemli katk\u0131lar sa\u011fland\u0131. Metan gaz\u0131n\u0131n atmosfere sal\u0131n\u0131p sera gaz\u0131 etkisinin de \u00f6nlendi\u011fi bu \u00e7al\u0131\u015fmalar kapsam\u0131nda, bu y\u0131l i\u00e7inde kurulan&nbsp;<strong><em>&#8216;Metan Gaz\u0131 Depolama Balonlar\u0131&#8217;&nbsp;<\/em><\/strong>sayesinde kesintisiz elektrik \u00fcretimi sa\u011fland\u0131. B\u00fcy\u00fck\u015fehir, 43 milyon 867 bin 924 metrek\u00fcp gaz\u0131n atmosfere sal\u0131nmas\u0131n\u0131 \u00f6nleyerek, 100 bin hanenin ayd\u0131nlatma ihtiyac\u0131na e\u015fde\u011fer d\u00fczeyde elektrik enerjisi \u00fcretti.<\/p>\n\n\n\n<p>Yine 2024 y\u0131l\u0131nda; 3 milyon 282 bin 434 kilogram t\u0131bbi at\u0131k bertaraf edilirken, 1 milyon 271 bin 150 metrek\u00fcp hafriyat topra\u011f\u0131, in\u015faat ve y\u0131k\u0131nt\u0131 at\u0131\u011f\u0131n\u0131n geri kazan\u0131m \u00f6ncelikli olacak \u015fekilde g\u00fcvenli ve d\u00fczenli \u015fekilde depolanmas\u0131 sa\u011fland\u0131. Bertaraf edilen in\u015faat ve y\u0131k\u0131nt\u0131 at\u0131\u011f\u0131 miktar\u0131 ise 23 bin 945 metrek\u00fcp oldu. \u00c7evre ve halk sa\u011fl\u0131\u011f\u0131n\u0131 korumak amac\u0131yla yasal sorumluluklar \u00e7er\u00e7evesinde, ka\u00e7ak hafriyat ile ilgili 11 bin 436 denetim yap\u0131ld\u0131. Entegre \u00c7evre Bilgi Sistemi (E\u00c7BS) kapsam\u0131nda ise 100 adet bina ve yerle\u015fkeye&nbsp;<strong><em>&#8216;S\u0131f\u0131r At\u0131k Belgesi&#8217;<\/em><\/strong>&nbsp;kazand\u0131r\u0131ld\u0131 ve birimlerde olu\u015fan 95 bin 347 kilogram d\u00f6n\u00fc\u015ft\u00fcr\u00fclebilir at\u0131\u011f\u0131n geri kazan\u0131m\u0131 sa\u011fland\u0131. 2024 y\u0131l\u0131nda ilklere imza atan ekipler; organik at\u0131klardan kompost \u00fcretimine de ba\u015flayarak, toplam 380 ton organik at\u0131\u011f\u0131 kullanarak 180 metrek\u00fcp kompost \u00fcretimi ger\u00e7ekle\u015ftirdi.<\/p>\n\n\n\n<p>S\u0131f\u0131r At\u0131k Y\u00f6netimi M\u00fcd\u00fcrl\u00fc\u011f\u00fc ayr\u0131ca; 2024 y\u0131l\u0131nda Avrupa Birli\u011fi HORIZON program\u0131n\u0131n konsorsiyumu REMEDIES&#8217;in ikinci a\u00e7\u0131k \u00e7a\u011fr\u0131s\u0131na proje haz\u0131rlad\u0131 ve&nbsp;<strong><em>&#8216;Plastiksiz Mersin Sahilleri i\u00e7in Birle\u015fiyoruz&#8217;&nbsp;<\/em><\/strong>projesi ile hibe almaya hak kazand\u0131. Denizlerdeki mikroplastiklerin \u00f6nlenmesine dair fark\u0131ndal\u0131k yaratacak proje kapsam\u0131nda; karasal kaynakl\u0131 plastik at\u0131klar\u0131n deniz ortam\u0131na ula\u015fmadan toplanmas\u0131, geri d\u00f6n\u00fc\u015ft\u00fcr\u00fclmesi, yeniden kullan\u0131lmas\u0131 ve at\u0131k azalt\u0131m\u0131 konusunda yerinde uygulamalar yap\u0131lmaya ba\u015fland\u0131.<\/p>\n\n\n\n<p><strong>Mercan 100. Y\u0131l \u0130klim ve \u00c7evre Bilim Merkezi&#8217;nde on binlerce \u00e7ocuk a\u011f\u0131rland\u0131<\/strong><\/p>\n\n\n\n<p>\u0130klim ve \u00c7evre Bilim Merkezi \u015eube M\u00fcd\u00fcrl\u00fc\u011f\u00fc&#8217;n\u00fcn faaliyetleri kapsam\u0131nda \u00e7ocuklara \u00e7evre bilincini a\u015f\u0131lamak i\u00e7in faaliyetlerine ba\u015flayan&nbsp;<strong><em>&#8216;Mercan 100. Y\u0131l \u0130klim ve \u00c7evre Bilim Merkezi&#8217;<\/em><\/strong>, 2024 y\u0131l\u0131nda 51 deney d\u00fczene\u011fini daha b\u00fcnyesine ekleyerek; 119 interaktif d\u00fczenek, planetaryum ve g\u00f6zlem evi alanlar\u0131 ile kentin 13 il\u00e7esinin yan\u0131 s\u0131ra 34 farkl\u0131 ilden ve bir\u00e7ok \u00fclkeden 111 bin 500 ki\u015fiyi misafir etti. Mercan i\u00e7inde a\u00e7\u0131lan at\u00f6lyeler ile 1758 \u00f6\u011frenciye; Robotik Kodlama At\u00f6lyesi, Minik Mucitler At\u00f6lyesi, \u0130klim ve \u00c7evre At\u00f6lyesi, Deniz Canl\u0131lar\u0131 At\u00f6lyesi, Astronomi ve Uzay Bilimleri At\u00f6lyesi ile Fen Bilimleri At\u00f6lyesi&#8217;nde e\u011fitimler verildi. Ayn\u0131 zamanda bir\u00e7ok T\u00dcB\u0130TAK projesine payda\u015f olan merkez, son olarak 2024 y\u0131l\u0131 \u00c7ukurova Kalk\u0131nma Ajans\u0131 teknik destek program\u0131 kapsam\u0131nda, 100. Y\u0131l \u0130klim ve \u00c7evre Bilim Merkezi&#8217;nin \u0130klim E\u011fitimi Giri\u015fimlerinin ve \u0130\u015fbirliklerinin G\u00fc\u00e7lendirilmesi hibe program\u0131n\u0131 kazand\u0131.<\/p>\n\n\n\n<p><strong>Bir dizi \u00e7evre raporu ile Mersin i\u00e7in \u00f6nlemler al\u0131nmaya ba\u015fland\u0131<\/strong><\/p>\n\n\n\n<p>\u0130klim De\u011fi\u015fikli\u011fi ve Yenilenebilir Enerji \u015eube M\u00fcd\u00fcrl\u00fc\u011f\u00fc b\u00fcnyesinde 2024 y\u0131l\u0131nda \u00e7al\u0131\u015fmalar\u0131 tamamlanarak yay\u0131mlanan&nbsp;<strong><em>&#8216;Mersin S\u00fcrd\u00fcr\u00fclebilir Enerji ve \u0130klim Eylem Plan\u0131 (SECAP)&#8217;<\/em><\/strong>&nbsp;ile yerel y\u00f6netimlerin s\u00fcrd\u00fcr\u00fclebilir enerji kullan\u0131m\u0131 ve iklim de\u011fi\u015fikli\u011fiyle m\u00fccadelede somut ad\u0131mlar at\u0131lmas\u0131n\u0131 sa\u011flamay\u0131 ama\u00e7layan, sera gaz\u0131 azalt\u0131m senaryolar\u0131n\u0131 ve uyum \u00f6nlemleri analizlerini i\u00e7eren planlamalar yap\u0131ld\u0131. SECAP&#8217;ta sera gaz\u0131 emisyonlar\u0131na sebep olan ilk 3 faaliyetin 3 y\u0131ll\u0131k ortalamaya g\u00f6re s\u0131ras\u0131yla; y\u00fczde 45&#8217;inin konut ve hizmet binalar\u0131ndan, y\u00fczde 24 ula\u015f\u0131m ve y\u00fczde 22 end\u00fcstriyel s\u00fcre\u00e7ler ve \u00fcr\u00fcnlerden kaynakland\u0131\u011f\u0131 tespit edildi. 2024 y\u0131l\u0131 i\u00e7erisinde kentin sera gaz\u0131 emisyonlar\u0131n\u0131 izlemek ve azaltma hedeflerinin takibi i\u00e7in 2023 y\u0131l\u0131 faaliyetlerini de dahil ederek, Mersin ilini kapsayan yeni bir&nbsp;<strong><em>&#8216;Mersin Sera Gaz\u0131 Emisyon Envanteri Raporu&#8217;<\/em><\/strong>&nbsp;(2019-2023) haz\u0131rland\u0131. Rapora g\u00f6re; 2023 y\u0131l\u0131nda Mersin ili i\u00e7in ki\u015fi ba\u015f\u0131na d\u00fc\u015fen emisyon miktar\u0131 5,38 kg CO2e\/ki\u015fi olarak belirlendi.<\/p>\n\n\n\n<p>Mersin ili i\u00e7in potansiyel iklim risklerini ve bunlar\u0131n sekt\u00f6rler \u00fczerindeki potansiyel etkilerini de\u011ferlendirmek \u00fczere risk matrislerini i\u00e7eren, belirlenen risk etmenlerine g\u00f6re gerekli \u00f6nlemlerin al\u0131nmas\u0131na y\u00f6nelik \u00f6neriler sunan&nbsp;<strong><em>&#8216;Mersin \u0130klim De\u011fi\u015fikli\u011fi Risk ve K\u0131r\u0131lganl\u0131k Analizi Raporu&#8217;<\/em><\/strong>&nbsp;2024 y\u0131l\u0131 i\u00e7erisinde haz\u0131rland\u0131. \u0130klim riskleri, a\u015f\u0131r\u0131 s\u0131cak dalgalar ve \u0131s\u0131 stresi olarak belirlendi.&nbsp;<strong><em>&#8216;CDP- ICLEI Birle\u015fik Raporlama Sistemi&#8217;<\/em><\/strong>ne 2024 y\u0131l\u0131nda da veri giri\u015fi yapan ekipler, kentin sera gaz\u0131 emisyonlar\u0131ndaki \u00e7al\u0131\u015fmalar\u0131 d\u00fczenli olarak raporlad\u0131.<\/p>\n\n\n\n<p><strong><em>&#8216;\u0130klim De\u011fi\u015fikli\u011fi Karbon Y\u00f6netimi ve \u0130klim Strateji Raporu&#8217;<\/em><\/strong>&nbsp;kent i\u00e7in iklim de\u011fi\u015fikli\u011fi noktas\u0131nda uzun d\u00f6nemli veri seti \u00e7\u0131kart\u0131larak, mevcut gidi\u015fat\u0131 ileride kar\u015f\u0131la\u015facak durumlar\u0131 tespit etmek ve somut \u00e7\u00f6z\u00fcmler \u00fcretmek amac\u0131yla 2024&#8217;te tamamland\u0131. Kentte bisikletin yayg\u0131n ula\u015f\u0131m arac\u0131 haline gelmesi ve bisikletli turizm i\u00e7in Ulusal ve Uluslararas\u0131 Bisiklet A\u011flar\u0131na kat\u0131l\u0131m fizibilite \u00e7al\u0131\u015fmalar\u0131na ba\u015fland\u0131. B\u00fcy\u00fck\u015fehir,&nbsp;<strong><em>&#8216;CLIMAAX Projesi&#8217;<\/em><\/strong>&nbsp;ile ise; \u00e7oklu iklim risklerini ele alarak kentsel, k\u0131y\u0131 ve k\u0131rsal alanlarda dayan\u0131kl\u0131l\u0131k olu\u015fturmaya odakland\u0131.<\/p>\n\n\n\n<p>T\u00fcm bu \u00e7al\u0131\u015fmalar\u0131n yan\u0131 s\u0131ra Karde\u015f \u015eehir ve AB projeleri ile d\u00fcnyan\u0131n farkl\u0131 kentlerinde uygulanan projeleri Mersin&#8217;e uyumlamak ve kentte uygulanan projeleri de d\u00fcnyaya tan\u0131tmak i\u00e7in de \u00e7al\u0131\u015fmalar h\u0131z kesmeden devam ediyor.<\/p>\n\n\n\n<p><strong>Alp: &#8220;At\u0131klar\u0131 ekonomiye kazand\u0131r\u0131yor ve k\u00fcresel \u0131s\u0131nman\u0131n \u00f6n\u00fcne ge\u00e7iyoruz&#8221;<\/strong><\/p>\n\n\n\n<p>Mersin i\u00e7in yapt\u0131klar\u0131 projelerden bahseden \u0130klim De\u011fi\u015fikli\u011fi ve S\u0131f\u0131r At\u0131k Dairesi Ba\u015fkan\u0131 Arda Alp,&nbsp;<strong>&#8220;Kentimizin at\u0131k y\u00f6netimini yap\u0131p, \u00e7evrenin korunmas\u0131n\u0131 sa\u011flayarak daha ye\u015fil bir Mersin&#8217;i yaratmak i\u00e7in \u00e7al\u0131\u015f\u0131yoruz. At\u0131klar\u0131m\u0131z\u0131 d\u00fczenli depolama sahalar\u0131m\u0131zda y\u00f6neterek, vah\u015fi depolaman\u0131n yaratt\u0131\u011f\u0131 kirlili\u011fin \u00f6n\u00fcne ge\u00e7iyoruz&#8221;&nbsp;<\/strong>dedi. \u0130klim krizi etkilerine kar\u015f\u0131 at\u0131klar\u0131n b\u00fcy\u00fck bir \u00e7o\u011funlu\u011funu bertaraf ettiklerini ve bu sayede de enerji elde ettiklerini kaydeden Alp,&nbsp;<strong>&#8220;Mersin genelinde 3 adet d\u00fczenli depolama saham\u0131z bulunmakta. Evsel nitelikli \u00e7\u00f6plerimizi buralarda bertaraf ederek, olu\u015fan metan gaz\u0131ndan jenerat\u00f6rler vas\u0131tas\u0131yla elektrik \u00fcretiyoruz. Bu sayede do\u011faya sal\u0131nacak olan metan gaz\u0131n\u0131 \u00f6nleyerek, k\u00fcresel \u0131s\u0131nman\u0131n da \u00f6n\u00fcne ge\u00e7mi\u015f oluyoruz. 2024 y\u0131l\u0131 i\u00e7erisinde 100 bin hanenin ayd\u0131nlatma enerjisini kar\u015f\u0131lamaya e\u015f de\u011fer g\u00fc\u00e7te elektrik \u00fcretimi ger\u00e7ekle\u015ftirdik&#8221;<\/strong>&nbsp;s\u00f6zlerine yer verdi. Alp, evsel nitelikli at\u0131klar\u0131n da tesiste ayr\u0131\u015ft\u0131r\u0131ld\u0131\u011f\u0131n\u0131 ve geri d\u00f6n\u00fc\u015ft\u00fcr\u00fclebilir olanlar\u0131n geri kazan\u0131m tesislerine g\u00f6nderildi\u011fini ifade etti.<\/p>\n\n\n\n<p><strong>&#8220;Gelece\u011fimizi daha bilin\u00e7li bir nesil yaratarak iyile\u015ftirmeyi hedefliyoruz&#8221;<\/strong><\/p>\n\n\n\n<p>At\u0131k bertaraf edilmesinin yan\u0131 s\u0131ra, \u00e7ocuklara iyi bir gelecek sunabilmek i\u00e7in Mercan 100. Y\u0131l \u0130klim ve \u00c7evre Bilim Merkezi&#8217;nde \u00e7evre bilincinin a\u015f\u0131land\u0131\u011f\u0131n\u0131 kaydeden Alp,&nbsp;<strong>&#8220;Merkezimizde \u00f6\u011frencilerimizde \u00e7evre bilinci olu\u015fturuyor, iklim de\u011fi\u015fikli\u011finin etkileri ve bunlara kar\u015f\u0131 neler yapmalar\u0131 konusunda fark\u0131ndal\u0131k faaliyetleri ger\u00e7ekle\u015ftiriyoruz. Gelece\u011fimizi, daha bilin\u00e7li bir nesil yaratarak iyile\u015ftirmeyi hedefliyoruz&#8221;<\/strong>&nbsp;diyerek, Mercan&#8217;\u0131 2024 y\u0131l\u0131nda 112 bine yak\u0131n \u00e7ocu\u011fun ziyaret etti\u011fini vurgulad\u0131. Alp,&nbsp;<strong>&#8220;Randevu talebinde bulunan okullar\u0131n \u00f6\u011frencilerini otob\u00fcslerimizle Bilim Merkezimize getiriyor, burada fark\u0131ndal\u0131k faaliyetleri ile e\u011fitim etkinlikleri ger\u00e7ekle\u015ftiriyor ve otob\u00fcslerimizle geri b\u0131rak\u0131yoruz. Merkezimizde hafta sonlar\u0131 ise at\u00f6lye etkinlikleri ger\u00e7ekle\u015ftiriyoruz&#8221;<\/strong>&nbsp;dedi. Vatanda\u015flara da \u00e7a\u011fr\u0131 yapan Alp,&nbsp;<strong>&#8220;T\u00fcm vatanda\u015flar\u0131m\u0131z\u0131, iklim de\u011fi\u015fikli\u011fine uyum konusunda bilin\u00e7li bir nesil yeti\u015ftirmek amac\u0131yla fark\u0131ndal\u0131k olu\u015fturmak i\u00e7in Mercan 100. Y\u0131l \u0130klim, \u00c7evre ve Bilim Merkezimize bekliyoruz&#8221;&nbsp;<\/strong>s\u00f6zlerine yer verdi.<\/p>\n\n\n\n<p>Son olarak ad\u0131m att\u0131klar\u0131 projelere de de\u011finen Alp,&nbsp;<strong>&#8220;2024 y\u0131l\u0131nda yay\u0131nlad\u0131\u011f\u0131m\u0131z Mersin S\u00fcrd\u00fcr\u00fclebilir Enerji ve \u0130klim Eylem Plan\u0131 (SECAP) ile daha ya\u015fanabilir bir kent i\u00e7in, iklim de\u011fi\u015fikli\u011fi etkilerine kar\u015f\u0131 somut ad\u0131mlar at\u0131lmas\u0131n\u0131 ama\u00e7l\u0131yoruz&#8221;<\/strong>&nbsp;dedi.<\/p>\n","protected":false},"excerpt":{"rendered":"<p>D\u00fcnyan\u0131n en b\u00fcy\u00fck sorunlar\u0131ndan birisi olan&nbsp;&#8216;k\u00fcresel \u0131s\u0131nma&#8217;ya kar\u015f\u0131 2024 y\u0131l\u0131nda Mersin&#8217;de bir dizi \u00f6nlem alan Mersin B\u00fcy\u00fck\u015fehir Belediyesi \u0130klim De\u011fi\u015fikli\u011fi ve S\u0131f\u0131r At\u0131k Dairesi Ba\u015fkanl\u0131\u011f\u0131; kenti ye\u015fil yar\u0131nlara haz\u0131rlamak i\u00e7in \u00e7al\u0131\u015fmalar\u0131n\u0131 s\u00fcrd\u00fcr\u00fcyor. Daha ye\u015fil bir gelecek i\u00e7in \u00e7al\u0131\u015fmalar yapan ekipler; her t\u00fcrl\u00fc at\u0131\u011f\u0131n \u00e7evreye zarar vermeden en g\u00fcvenli \u015fekilde bertaraf edilmesinden, yenilenebilir enerjiye ge\u00e7i\u015fe ve [&hellip;]<\/p>\n","protected":false},"author":2,"featured_media":38478,"comment_status":"closed","ping_status":"closed","sticky":false,"template":"","format":"standard","meta":{"footnotes":""},"categories":[3,11],"tags":[],"class_list":["post-38477","post","type-post","status-publish","format-standard","has-post-thumbnail","hentry","category-manset","category-teknoloji"],"views":6,"_links":{"self":[{"href":"https:\/\/mersinkadingazetesi.com\/index.php?rest_route=\/wp\/v2\/posts\/38477"}],"collection":[{"href":"https:\/\/mersinkadingazetesi.com\/index.php?rest_route=\/wp\/v2\/posts"}],"about":[{"href":"https:\/\/mersinkadingazetesi.com\/index.php?rest_route=\/wp\/v2\/types\/post"}],"author":[{"embeddable":true,"href":"https:\/\/mersinkadingazetesi.com\/index.php?rest_route=\/wp\/v2\/users\/2"}],"replies":[{"embeddable":true,"href":"https:\/\/mersinkadingazetesi.com\/index.php?rest_route=%2Fwp%2Fv2%2Fcomments&post=38477"}],"version-history":[{"count":1,"href":"https:\/\/mersinkadingazetesi.com\/index.php?rest_route=\/wp\/v2\/posts\/38477\/revisions"}],"predecessor-version":[{"id":38479,"href":"https:\/\/mersinkadingazetesi.com\/index.php?rest_route=\/wp\/v2\/posts\/38477\/revisions\/38479"}],"wp:featuredmedia":[{"embeddable":true,"href":"https:\/\/mersinkadingazetesi.com\/index.php?rest_route=\/wp\/v2\/media\/38478"}],"wp:attachment":[{"href":"https:\/\/mersinkadingazetesi.com\/index.php?rest_route=%2Fwp%2Fv2%2Fmedia&parent=38477"}],"wp:term":[{"taxonomy":"category","embeddable":true,"href":"https:\/\/mersinkadingazetesi.com\/index.php?rest_route=%2Fwp%2Fv2%2Fcategories&post=38477"},{"taxonomy":"post_tag","embeddable":true,"href":"https:\/\/mersinkadingazetesi.com\/index.php?rest_route=%2Fwp%2Fv2%2Ftags&post=38477"}],"curies":[{"name":"wp","href":"https:\/\/api.w.org\/{rel}","templated":true}]}}