{"id":38480,"date":"2025-01-07T11:43:38","date_gmt":"2025-01-07T08:43:38","guid":{"rendered":"https:\/\/mersinkadingazetesi.com\/?p=38480"},"modified":"2025-01-07T11:43:38","modified_gmt":"2025-01-07T08:43:38","slug":"aratos-felsefe-okulu-ders-metinlerinin-5-kitabi-yayinlandi","status":"publish","type":"post","link":"https:\/\/mersinkadingazetesi.com\/?p=38480","title":{"rendered":"ARATOS FELSEFE OKULU DERS MET\u0130NLER\u0130&#8217;N\u0130N 5. K\u0130TABI YAYINLANDI"},"content":{"rendered":"\n<p>Tarsus&#8217;ta yay\u0131nlanan Aratos felsefe dergisi yeni bir felsefe kitab\u0131 daha yay\u0131nlad\u0131. Dergi b\u00fcnyesinde olu\u015fturulan Aratos Felsefe Okulu&#8217;nda \u00fcniversite hocalar\u0131n\u0131n \u00e7e\u015fitli konularda verdi\u011fi dersler kitapla\u015ft\u0131r\u0131ld\u0131.<\/p>\n\n\n\n<p>Edinilen bilgiye g\u00f6re, Aratos Felsefe Okulu Ders Metinleri&#8217;nin 5. Kitab\u0131 Aratos Yay\u0131nlar\u0131&#8217;ndan \u00e7\u0131kt\u0131. Ad\u0131n\u0131, Antik \u00c7a\u011f&#8217;da ya\u015fam\u0131\u015f \u015fair, matematik\u00e7i ve g\u00f6kbilimci (astronom) Tarsuslu filozof Aratos&#8217;tan alan dergi T\u00fcrkiye genelinde 28 felsefe okulu kurarken, bu okullarda verilen dersleri de kitap olarak yay\u0131nlad\u0131.<\/p>\n\n\n\n<p>Yap\u0131lan a\u00e7\u0131klamada, daha \u00f6nce 4 ayr\u0131 cilt olarak yay\u0131nlanan Aratos Felsefe Okulu ders notlar\u0131n\u0131n 5.&#8217;sin\u00fcn yay\u0131nlad\u0131\u011f\u0131 kitapta ba\u015fta felsefe olmak \u00fczere, arkeoloji, ekonomi, sa\u011fl\u0131k, edebiyat, g\u00fczel sanatlar ve sanat tarihi konular\u0131nda verilen derslerin metinleri yer belirtildi.<\/p>\n\n\n\n<p>Kitab\u0131 yay\u0131na haz\u0131rlayan gazeteci-yazar U\u011fur Pi\u015fmanl\u0131k, Aratos Felsefe Okulu&#8217;nda verilen dersleri kitapla\u015ft\u0131rarak kal\u0131c\u0131 hale getirdiklerini belirterek,&nbsp;<em>&#8220;<\/em><em>Antik \u00e7a\u011fda felsefe okullar\u0131 olan ve pek \u00e7ok filozofun yeti\u015fti\u011fi Tarsus&#8217;u yeniden felsefe okullar\u0131yla bulu\u015fturmak ve g\u00fcn\u00fcm\u00fcz insan\u0131yla bu kentte yeniden felsefe yapmakt\u0131 amac\u0131m\u0131z.<\/em><\/p>\n\n\n\n<p><em>Bu nedenle derginin kurulu\u015fundan sonraki ad\u0131mlar\u0131m\u0131zda yay\u0131nc\u0131l\u0131k ve Aratos Felsefe Okulu&#8217;nu kurmak vard\u0131. Aratos Yay\u0131nlar\u0131 i\u00e7erisinde bas\u0131m\u0131n\u0131 yapt\u0131\u011f\u0131m\u0131z bir dizi felsefe kitab\u0131 ile somutlad\u0131k ad\u0131mlar\u0131m\u0131z\u0131.<\/em><\/p>\n\n\n\n<p><em>Ayn\u0131 \u015fekilde 2011 y\u0131l\u0131nda ilk derse, Prof. Dr. Af\u015far Timu\u00e7in ile ba\u015flad\u0131\u011f\u0131m\u0131z Aratos Felsefe Okulu 14. y\u0131l\u0131na girdi. Farkl\u0131 mek\u00e2nlar\u0131 kullanarak ba\u015flad\u0131\u011f\u0131m\u0131z Aratos Felsefe Okulu dersleri, uzunca bir s\u00fcre Aratos K\u00fclt\u00fcr Sanatevi&#8217;nde devam etti<\/em>.<\/p>\n\n\n\n<p><em>Antik \u00c7a\u011f&#8217;da Tarsus&#8217;taki felsefe okullar\u0131ndan g\u00fcn\u00fcm\u00fcze yaz\u0131l\u0131 belge kalmam\u0131\u015ft\u0131r. Biz de felsefe okulumuzda verdi\u011fimiz dersleri hocalardan makale olarak topluyor ve kitap olarak yay\u0131nl\u0131yor ve kal\u0131c\u0131la\u015ft\u0131r\u0131yoruz.<\/em><\/p>\n\n\n\n<p><em>Tarsuslu filozof Aratos ad\u0131na ve bu ad\u0131 temsil eden dergimiz ad\u0131na kentimiz g\u00fczel geli\u015fmelere tan\u0131k oluyor ve olmaya da devam edecek.<\/em><\/p>\n\n\n\n<p><em>Aratos Felsefe Okulu&#8217;nun \u00e7ok de\u011ferli akademisyen ve Marksist ayd\u0131n\u0131n i\u00e7inde yer akademisyenlere te\u015fekk\u00fcr ediyoruz&#8221;&nbsp;<\/em>diye konu\u015ftu.<\/p>\n\n\n\n<p>Aratos Felsefe Okulu Ders Metinleri&#8217;nin 5. kitab\u0131nda yaz\u0131lar\u0131yla yer alan hocalar \u015funlar; Prof. Dr. Af\u015far Timu\u00e7in, Prof. Dr. Do\u011fan G\u00f6\u00e7men<strong>,&nbsp;<\/strong>Prof. Dr. \u00c7etin Veysal, Prof. Dr. Zehrag\u00fcl A\u015fk\u0131n, Do\u00e7. Dr. Mustafa G\u00fcnay,&nbsp;H\u00fcseyin Ad\u0131belli,&nbsp;U\u011fur Pi\u015fmanl\u0131k, Prof. Dr. \u0130brahim Orta\u015f, Prof. Dr. Ahmet \u00dcnal,&nbsp;Abdullah d\u00f6rtlemez,&nbsp;R\u00f6portaj: Ali \u00c7atal.<\/p>\n","protected":false},"excerpt":{"rendered":"<p>Tarsus&#8217;ta yay\u0131nlanan Aratos felsefe dergisi yeni bir felsefe kitab\u0131 daha yay\u0131nlad\u0131. Dergi b\u00fcnyesinde olu\u015fturulan Aratos Felsefe Okulu&#8217;nda \u00fcniversite hocalar\u0131n\u0131n \u00e7e\u015fitli konularda verdi\u011fi dersler kitapla\u015ft\u0131r\u0131ld\u0131. Edinilen bilgiye g\u00f6re, Aratos Felsefe Okulu Ders Metinleri&#8217;nin 5. Kitab\u0131 Aratos Yay\u0131nlar\u0131&#8217;ndan \u00e7\u0131kt\u0131. Ad\u0131n\u0131, Antik \u00c7a\u011f&#8217;da ya\u015fam\u0131\u015f \u015fair, matematik\u00e7i ve g\u00f6kbilimci (astronom) Tarsuslu filozof Aratos&#8217;tan alan dergi T\u00fcrkiye genelinde 28 felsefe [&hellip;]<\/p>\n","protected":false},"author":2,"featured_media":38481,"comment_status":"closed","ping_status":"closed","sticky":false,"template":"","format":"standard","meta":{"footnotes":""},"categories":[3],"tags":[],"class_list":["post-38480","post","type-post","status-publish","format-standard","has-post-thumbnail","hentry","category-manset"],"views":5,"_links":{"self":[{"href":"https:\/\/mersinkadingazetesi.com\/index.php?rest_route=\/wp\/v2\/posts\/38480"}],"collection":[{"href":"https:\/\/mersinkadingazetesi.com\/index.php?rest_route=\/wp\/v2\/posts"}],"about":[{"href":"https:\/\/mersinkadingazetesi.com\/index.php?rest_route=\/wp\/v2\/types\/post"}],"author":[{"embeddable":true,"href":"https:\/\/mersinkadingazetesi.com\/index.php?rest_route=\/wp\/v2\/users\/2"}],"replies":[{"embeddable":true,"href":"https:\/\/mersinkadingazetesi.com\/index.php?rest_route=%2Fwp%2Fv2%2Fcomments&post=38480"}],"version-history":[{"count":1,"href":"https:\/\/mersinkadingazetesi.com\/index.php?rest_route=\/wp\/v2\/posts\/38480\/revisions"}],"predecessor-version":[{"id":38482,"href":"https:\/\/mersinkadingazetesi.com\/index.php?rest_route=\/wp\/v2\/posts\/38480\/revisions\/38482"}],"wp:featuredmedia":[{"embeddable":true,"href":"https:\/\/mersinkadingazetesi.com\/index.php?rest_route=\/wp\/v2\/media\/38481"}],"wp:attachment":[{"href":"https:\/\/mersinkadingazetesi.com\/index.php?rest_route=%2Fwp%2Fv2%2Fmedia&parent=38480"}],"wp:term":[{"taxonomy":"category","embeddable":true,"href":"https:\/\/mersinkadingazetesi.com\/index.php?rest_route=%2Fwp%2Fv2%2Fcategories&post=38480"},{"taxonomy":"post_tag","embeddable":true,"href":"https:\/\/mersinkadingazetesi.com\/index.php?rest_route=%2Fwp%2Fv2%2Ftags&post=38480"}],"curies":[{"name":"wp","href":"https:\/\/api.w.org\/{rel}","templated":true}]}}