{"id":38499,"date":"2025-01-07T17:36:27","date_gmt":"2025-01-07T14:36:27","guid":{"rendered":"https:\/\/mersinkadingazetesi.com\/?p=38499"},"modified":"2025-01-07T17:36:28","modified_gmt":"2025-01-07T14:36:28","slug":"mezitli-atolyem-halkin-hizmetine-acildi","status":"publish","type":"post","link":"https:\/\/mersinkadingazetesi.com\/?p=38499","title":{"rendered":"MEZ\u0130TL\u0130 AT\u00d6LYEM HALKIN H\u0130ZMET\u0130NE A\u00c7ILDI"},"content":{"rendered":"\n<p>Mezitli Belediyesi taraf\u0131ndan hayata ge\u00e7irilen &#8220;\u00dc\u00e7 G\u00fcnde \u00dc\u00e7 A\u00e7\u0131l\u0131\u015f&#8221; projesi kapsam\u0131nda, ilk a\u00e7\u0131l\u0131\u015f olan Mezitli At\u00f6lyem d\u00fczenlenen t\u00f6renle halk\u0131n hizmetine sunuldu. Yeni nesil ve \u00e7ok ama\u00e7l\u0131 bir sosyal alan olarak halk\u0131n hizmetine sunulan Mezitli At\u00f6lyem, vatanda\u015flar\u0131n ki\u015fisel geli\u015fimine katk\u0131 sa\u011flayacak \u00fccretsiz bir\u00e7ok kurs, at\u00f6lye ve etkinli\u011fe ev sahipli\u011fi yapacak.<\/p>\n\n\n\n<p><strong>VATANDA\u015eLAR \u0130\u00c7\u0130N B\u0130R\u00c7OK AT\u00d6LYE VE KURS \u0130MK\u00c2NI SA\u011eLANACAK<\/strong><\/p>\n\n\n\n<p>Mezitli At\u00f6lyem b\u00fcnyesinde yoga, dekoratif sanatlar, anne-\u00e7ocuk at\u00f6lyeleri, \u0130ngilizce at\u00f6lyeleri, \u0130ngilizce konu\u015fma kul\u00fcpleri gibi bir\u00e7ok alanda kurs ve etkinlik d\u00fczenlenecek. Vatanda\u015flar, burada hem hobilerini geli\u015ftirme hem de sosyalle\u015fme imk\u00e2n\u0131 bulacak.<\/p>\n\n\n\n<p><strong>&#8220;RANTA DE\u011e\u0130L, HALKA H\u0130ZMET&#8221;<\/strong><\/p>\n\n\n\n<p>A\u00e7\u0131l\u0131\u015fta konu\u015fan Mezitli Belediye Ba\u015fkan\u0131 Ahmet Serkan Tuncer, Mezitli At\u00f6lyem&#8217;in \u00f6nemine vurgu yaparak, &#8220;Halk\u0131n olan\u0131 halka vermek bizim en b\u00fcy\u00fck g\u00f6revimizdir. \u0130lk geldi\u011fimiz g\u00fcn s\u00f6yledik, &#8216;Ranta de\u011fil halka a\u00e7aca\u011f\u0131z&#8217; dedik. G\u00f6n\u00fcll\u00fc evleri kapat\u0131l\u0131yor diye alg\u0131 yarat\u0131ld\u0131; ancak g\u00f6n\u00fcll\u00fc evlerimizi vatanda\u015flar\u0131m\u0131z\u0131n daha iyi \u015fekilde kullanabilece\u011fi alanlar haline getirdik, \u00fccretsiz olarak bir\u00e7ok kurs halk\u0131m\u0131z\u0131n kendini geli\u015ftirmesine olanak sa\u011flayacak. Bu kapsamda Mezitli At\u00f6lyem olarak a\u00e7\u0131l\u0131\u015flar\u0131n\u0131 tek tek ger\u00e7ekle\u015ftirece\u011fiz. \u015eehrimize ve \u00fclkemize hay\u0131rl\u0131 olmas\u0131n\u0131 diliyorum.&#8221; dedi.<\/p>\n\n\n\n<p>Ba\u015fkan Tuncer, projeye destek veren herkese te\u015fekk\u00fcr ederek, \u00f6n\u00fcm\u00fczdeki g\u00fcnlerde di\u011fer Mezitli At\u00f6lyem hizmet alanlar\u0131n\u0131n a\u00e7\u0131laca\u011f\u0131n\u0131 m\u00fcjdeledi.A\u00e7\u0131l\u0131\u015fa yo\u011fun ilgi g\u00f6steren vatanda\u015flar, Mezitli At\u00f6lyem&#8217;in sa\u011flad\u0131\u011f\u0131 olanaklardan memnuniyet duyduklar\u0131n\u0131 ifade etti.<\/p>\n","protected":false},"excerpt":{"rendered":"<p>Mezitli Belediyesi taraf\u0131ndan hayata ge\u00e7irilen &#8220;\u00dc\u00e7 G\u00fcnde \u00dc\u00e7 A\u00e7\u0131l\u0131\u015f&#8221; projesi kapsam\u0131nda, ilk a\u00e7\u0131l\u0131\u015f olan Mezitli At\u00f6lyem d\u00fczenlenen t\u00f6renle halk\u0131n hizmetine sunuldu. Yeni nesil ve \u00e7ok ama\u00e7l\u0131 bir sosyal alan olarak halk\u0131n hizmetine sunulan Mezitli At\u00f6lyem, vatanda\u015flar\u0131n ki\u015fisel geli\u015fimine katk\u0131 sa\u011flayacak \u00fccretsiz bir\u00e7ok kurs, at\u00f6lye ve etkinli\u011fe ev sahipli\u011fi yapacak. VATANDA\u015eLAR \u0130\u00c7\u0130N B\u0130R\u00c7OK AT\u00d6LYE VE KURS [&hellip;]<\/p>\n","protected":false},"author":2,"featured_media":38500,"comment_status":"closed","ping_status":"closed","sticky":false,"template":"","format":"standard","meta":{"footnotes":""},"categories":[3],"tags":[],"class_list":["post-38499","post","type-post","status-publish","format-standard","has-post-thumbnail","hentry","category-manset"],"views":8,"_links":{"self":[{"href":"https:\/\/mersinkadingazetesi.com\/index.php?rest_route=\/wp\/v2\/posts\/38499"}],"collection":[{"href":"https:\/\/mersinkadingazetesi.com\/index.php?rest_route=\/wp\/v2\/posts"}],"about":[{"href":"https:\/\/mersinkadingazetesi.com\/index.php?rest_route=\/wp\/v2\/types\/post"}],"author":[{"embeddable":true,"href":"https:\/\/mersinkadingazetesi.com\/index.php?rest_route=\/wp\/v2\/users\/2"}],"replies":[{"embeddable":true,"href":"https:\/\/mersinkadingazetesi.com\/index.php?rest_route=%2Fwp%2Fv2%2Fcomments&post=38499"}],"version-history":[{"count":1,"href":"https:\/\/mersinkadingazetesi.com\/index.php?rest_route=\/wp\/v2\/posts\/38499\/revisions"}],"predecessor-version":[{"id":38501,"href":"https:\/\/mersinkadingazetesi.com\/index.php?rest_route=\/wp\/v2\/posts\/38499\/revisions\/38501"}],"wp:featuredmedia":[{"embeddable":true,"href":"https:\/\/mersinkadingazetesi.com\/index.php?rest_route=\/wp\/v2\/media\/38500"}],"wp:attachment":[{"href":"https:\/\/mersinkadingazetesi.com\/index.php?rest_route=%2Fwp%2Fv2%2Fmedia&parent=38499"}],"wp:term":[{"taxonomy":"category","embeddable":true,"href":"https:\/\/mersinkadingazetesi.com\/index.php?rest_route=%2Fwp%2Fv2%2Fcategories&post=38499"},{"taxonomy":"post_tag","embeddable":true,"href":"https:\/\/mersinkadingazetesi.com\/index.php?rest_route=%2Fwp%2Fv2%2Ftags&post=38499"}],"curies":[{"name":"wp","href":"https:\/\/api.w.org\/{rel}","templated":true}]}}