{"id":38505,"date":"2025-01-08T12:00:53","date_gmt":"2025-01-08T09:00:53","guid":{"rendered":"https:\/\/mersinkadingazetesi.com\/?p=38505"},"modified":"2025-01-08T12:00:55","modified_gmt":"2025-01-08T09:00:55","slug":"baskan-boltac-su-an-barinagimizda-311-hayvanimiz-var","status":"publish","type":"post","link":"https:\/\/mersinkadingazetesi.com\/?p=38505","title":{"rendered":"BA\u015eKAN BOLTA\u00c7 \u201c\u015eU AN BARINA\u011eIMIZDA 311 HAYVANIMIZ VAR\u201d"},"content":{"rendered":"\n<p>Tarsus Belediyesi Ocak Ay\u0131 Ola\u011fan Meclis Toplant\u0131s\u0131 ger\u00e7ekle\u015ftirildi. Tarsus Belediye Ba\u015fkan\u0131 Ali Bolta\u00e7, toplant\u0131da kamuoyunun yak\u0131ndan takip etti\u011fi hayvan bar\u0131na\u011f\u0131yla ilgili ele\u015ftiriler, engelli bireyler i\u00e7in kurulan \u00f6zel birim ve g\u00fcndemdeki di\u011fer konulara de\u011findi. Hayvan bar\u0131na\u011f\u0131 ile ilgili yap\u0131lan ele\u015ftirilere haks\u0131z yere maruz kald\u0131\u011f\u0131n\u0131 ifade eden Ba\u015fkan Bolta\u00e7, \u201cBen Allah\u2019\u0131n yaratt\u0131\u011f\u0131 her canl\u0131n\u0131n belediye ba\u015fkan\u0131y\u0131m. Benim hayvan sevgimi kimse tart\u0131\u015famaz. \u015eu anda hayvanseverlerimizin ne ama\u00e7la yap\u0131ld\u0131\u011f\u0131n\u0131 anlamad\u0131\u011f\u0131m \u015fekilde sald\u0131r\u0131s\u0131na u\u011fruyorum. Biz g\u00f6reve geldikten sonra \u00f6l\u00fcm oranlar\u0131ndan tutun da bizim bar\u0131na\u011f\u0131m\u0131za giren her bir hayvan\u0131n A\u2019dan Z\u2019ye t\u00fcm tetkikleri yap\u0131l\u0131yor. \u015eu an bar\u0131na\u011f\u0131m\u0131z da 311 hayvan\u0131m\u0131z var.\u201d dedi.<\/p>\n\n\n\n<p>Tarsus Belediyesi Ocak Ay\u0131 Ola\u011fan Meclis Toplant\u0131s\u0131\u2019n\u0131n 1. Birle\u015fimi Tarsus Belediye Ba\u015fkan\u0131 Ali Bolta\u00e7 ba\u015fkanl\u0131\u011f\u0131nda ger\u00e7ekle\u015ftirildi. Belediye m\u00fcd\u00fcrl\u00fcklerinden ve komisyondan gelen evraklar g\u00f6r\u00fc\u015f\u00fclerek karara ba\u011fland\u0131.<\/p>\n\n\n\n<p>\u201cYEN\u0130 YIL, YEN\u0130 UMUTLAR VE HEDEFLERLE DOLU B\u0130R BA\u015eLANGI\u00c7TIR\u201d<\/p>\n\n\n\n<p>Tarsus Belediyesi olarak yeni y\u0131lda yeni projelere imza at\u0131laca\u011f\u0131n\u0131 ifade eden Ba\u015fkan Bolta\u00e7, \u201cYeni bir y\u0131l\u0131n ilk g\u00fcnlerinde, sizlerle bir arada olmaktan b\u00fcy\u00fck mutluluk duyuyorum. 2025 y\u0131l\u0131n\u0131n \u00fclkemiz ve g\u00fczel Tarsus\u2019umuz i\u00e7in sa\u011fl\u0131k, mutluluk ve ba\u015far\u0131larla dolu bir y\u0131l olmas\u0131n\u0131 temenni ediyorum. Yeni y\u0131l, yeni umutlar ve hedeflerle dolu bir ba\u015flang\u0131\u00e7t\u0131r. Bizler de Tarsus Belediyesi olarak, bu y\u0131l da \u015fehrimizi daha ileriye ta\u015f\u0131yacak projelere imza atma kararl\u0131l\u0131\u011f\u0131yla \u00e7al\u0131\u015fmalar\u0131m\u0131za devam edece\u011fiz.\u201d diye ifade etti.<\/p>\n\n\n\n<p>\u201cYILBA\u015eI PAZARI ETK\u0130NL\u0130\u011e\u0130M\u0130Z, KENT\u0130M\u0130ZE YAKI\u015eIR B\u0130R ATMOSFER OLU\u015eTURDU\u201d<\/p>\n\n\n\n<p>Y\u0131lba\u015f\u0131 Pazar\u0131 ile dolu dolu bir yeni y\u0131l etkinli\u011fine ev sahipli\u011fi yap\u0131ld\u0131\u011f\u0131n\u0131n vurgusunu yapan Ba\u015fkan Bolta\u00e7, \u201c2025 y\u0131l\u0131na girerken, hem\u015fehrilerimizle birlikte yeni y\u0131l co\u015fkusunu payla\u015fmak i\u00e7in \u015eehitler Tepesi Kapal\u0131 Semt Pazar\u0131\u2019nda d\u00fczenledi\u011fimiz &#8216;Y\u0131lba\u015f\u0131 Pazar\u0131&#8217; etkinli\u011fimiz, kentimize yak\u0131\u015f\u0131r bir atmosfer olu\u015fturdu. Renkli stantlar, m\u00fczik dinletileri ve konserlerle dolu bu \u00f6zel etkinlik, vatanda\u015flar\u0131m\u0131z\u0131n yeni y\u0131l\u0131 keyifle kar\u015f\u0131lamas\u0131n\u0131 sa\u011flad\u0131. Tarsus\u2019u yapaca\u011f\u0131m\u0131z etkinliklerle her daim 7\/24 ya\u015fayan bir kent haline getirece\u011fiz. Bu vesileyle, 2025 y\u0131l\u0131n\u0131n birlik, beraberlik ve dayan\u0131\u015fma i\u00e7inde ge\u00e7mesini temenni ediyor; Tarsus\u2019umuzu hep birlikte daha g\u00fc\u00e7l\u00fc, daha ya\u015fanabilir ve daha mutlu bir \u015fehir haline getirme hedefimizi bir kez daha yineliyorum.\u201d \u015feklinde konu\u015ftu.<\/p>\n\n\n\n<p>\u201cT\u00dcM GAZETEC\u0130LER\u0130M\u0130Z\u0130N 10 OCAK \u00c7ALI\u015eAN GAZETEC\u0130LER G\u00dcN\u00dc\u2019N\u00dc KUTLUYORUM\u201d<\/p>\n\n\n\n<p>10 Ocak \u00c7al\u0131\u015fan Gazeteciler G\u00fcn\u00fc\u2019n\u00fc kutlayan Tarsus Belediye Ba\u015fkan\u0131 Ali Bolta\u00e7 \u201cGazetecilik; do\u011frular\u0131n izinde, halk\u0131n sesi olma yolunda fedak\u00e2rca y\u00fcr\u00fct\u00fclen bir meslek, demokrasinin en g\u00fc\u00e7l\u00fc ta\u015flar\u0131ndan biridir. \u00c7al\u0131\u015fan gazeteciler, toplumun bilgiye eri\u015fim hakk\u0131n\u0131 savunarak \u015feffaf ve \u00f6zg\u00fcr bir gelece\u011fin in\u015fas\u0131nda \u00f6nemli bir rol \u00fcstlenirler. Emekleriyle gelece\u011fe \u0131\u015f\u0131k tutan, toplumun g\u00f6z\u00fc, kula\u011f\u0131 ve sesi olan t\u00fcm gazetecilerimizin 10 Ocak \u00c7al\u0131\u015fan Gazeteciler G\u00fcn\u00fc\u2019n\u00fc kutluyor; mesleklerini onurlu bir \u015fekilde s\u00fcrd\u00fcrebilmeleri i\u00e7in yerel y\u00f6netim olarak her zaman yanlar\u0131nda olaca\u011f\u0131m\u0131z\u0131 vurguluyorum.\u201d dedi.<\/p>\n\n\n\n<p>\u201cTARSUS BELED\u0130YES\u0130 B\u0130R ENGELL\u0130 B\u0130R\u0130M\u0130 KURDU\u201d<\/p>\n\n\n\n<p>7 -14 Ocak Beyaz Baston G\u00f6rme Engelliler Haftas\u0131 ile ilgili duyarl\u0131l\u0131\u011f\u0131n\u0131 payla\u015fan Ba\u015fkan Bolta\u00e7 \u201cBelki bug\u00fcn bir s\u0131k\u0131nt\u0131m\u0131z yok ama yar\u0131n olmayaca\u011f\u0131m\u0131z\u0131n da garantisi yok. Dolay\u0131s\u0131yla biz de bunu d\u00fc\u015f\u00fcnd\u00fc\u011f\u00fcm\u00fcz i\u00e7in dezavantajl\u0131 gruplar\u0131m\u0131za her zaman destek olaca\u011f\u0131z. Bildi\u011finiz \u00fczere birka\u00e7 meclis \u00f6nce herkesin de deste\u011fiyle Tarsus Belediyesi bir engelli birimi kurdu. Bu engelli birimini kurmam\u0131zdaki amac\u0131m\u0131z, dezavantajl\u0131 yurtta\u015flar\u0131m\u0131z Tarsus Belediyesi\u2019ne geldi\u011finde muhatap alaca\u011f\u0131 onlara derdini anlataca\u011f\u0131, \u00e7\u00f6z\u00fcmlere ula\u015faca\u011f\u0131 bir birim yaratmakt\u0131.\u201d diye belirtti.<\/p>\n\n\n\n<p>\u201cENGELL\u0130 VATANDA\u015eLARIMIZ S\u0130YASET \u00dcST\u00dcD\u00dcR\u201d<\/p>\n\n\n\n<p>Dezavantajl\u0131 bireylerin ya\u015famlar\u0131n\u0131 kolayla\u015ft\u0131rmak ve engelsiz ya\u015fam\u0131 sa\u011flama gayretinde buluna\u011f\u0131n\u0131 ifade eden Ba\u015fkan Bolta\u00e7, \u201cSevgili engelli yurtta\u015flar\u0131m\u0131z \u015funu hi\u00e7bir zaman unutmas\u0131n, ben hayat\u0131m boyunca onlar\u0131n bir karde\u015fi, bir evlad\u0131, bir a\u011fabeyi olaca\u011f\u0131m. Her zaman onlarla birlikte, hayat standartlar\u0131n\u0131 d\u00fczeltmek, ya\u015fam ko\u015fullar\u0131n\u0131 iyile\u015ftirmek i\u00e7in elimden geleni yapaca\u011f\u0131m. Bu i\u015fin \u00fcz\u00fclerek bazen siyasete \u00e7ekilmesini de do\u011fru bulmuyorum Engelli vatanda\u015flar\u0131m\u0131z siyaset \u00fcst\u00fcd\u00fcr. Tarsus halk\u0131na empati yapmas\u0131n\u0131 rica ediyorum. En az\u0131ndan 7 -14 Ocak Beyaz Baston G\u00f6rme Engelliler Haftas\u0131\u2019nda t\u00fcm kent olarak onlar\u0131 anlamaya \u00e7al\u0131\u015fal\u0131m. Ben ge\u00e7ti\u011fimiz g\u00fcnlerde bir etkinlikte g\u00f6rme engelli vatanda\u015flar\u0131m\u0131zla birlikte yeme\u011fin nas\u0131l zor yendi\u011fini deneyimledim. Hayat\u0131n ne kadar onlar i\u00e7in zor oldu\u011funu ve bizim onlar\u0131n hayat\u0131n\u0131 ne kadar kolayla\u015ft\u0131rmam\u0131z gerekti\u011finin unutulmamas\u0131 gerekir. Onlar bize, biz de onlara emanetiz, birbirimize sahip \u00e7\u0131kaca\u011f\u0131z ve bu kentte art\u0131k engelsiz bir ya\u015fam\u0131 bu be\u015f y\u0131ll\u0131k periyot i\u00e7erisinde sa\u011flamaya \u00e7al\u0131\u015faca\u011f\u0131z.\u201d dedi.<\/p>\n\n\n\n<p>\u201cBEN\u0130M HAYVAN SEVG\u0130M\u0130 K\u0130MSE TARTI\u015eAMAZ\u201d<\/p>\n\n\n\n<p>Sosyal medya \u00fczerinden bir tak\u0131m ele\u015ftirilere haks\u0131z yere maruz kald\u0131\u011f\u0131n\u0131n alt\u0131n\u0131 \u00e7izen Ba\u015fkan Bolta\u00e7, \u201cBen Allah\u2019\u0131n yaratt\u0131\u011f\u0131 her canl\u0131n\u0131n belediye ba\u015fkan\u0131y\u0131m. Benim hayvan sevgimi kimse tart\u0131\u015famaz. \u015eu anda hayvanseverlerimizin ne ama\u00e7la yap\u0131ld\u0131\u011f\u0131n\u0131 da anlamad\u0131\u011f\u0131m bir \u015fekilde sald\u0131r\u0131s\u0131na u\u011fruyorum. Ama \u015fu bir ger\u00e7ek ki, ne oldu\u011funu ve ne yap\u0131ld\u0131\u011f\u0131n\u0131 en iyi bilenlerden biriyim. Mersin\u2019de Yeni\u015fehir Belediyesi, Anamur Belediyesi ve Tarsus Belediyesi\u2019nin d\u0131\u015f\u0131nda veteriner hekimi olan meclis \u00fcyesi yok. Biz Veteriner Hekim Say\u0131n Murat Bey\u2019i bu meclise yazarken niye yazd\u0131k, bu alanda uzman bir hekim ve i\u015fin ehli. Kendisi i\u015fini g\u00fcc\u00fcn\u00fc b\u0131rak\u0131yor, hemen hemen her g\u00fcn bizim Hayvan Bar\u0131na\u011f\u0131m\u0131z\u0131n iyile\u015ftirilmesi i\u00e7in \u00e7aba sarf ediyor. \u015eu anda padoklar yap\u0131l\u0131yor, ameliyathanede bir miktar b\u00fcy\u00fcme ger\u00e7ekle\u015fecek. Orada yeni alan yarat\u0131lacak.\u201d \u015feklinde ifade etti.<\/p>\n\n\n\n<p>\u201c\u015eU AN BARINA\u011eIMIZDA 311 HAYVANIMIZ VAR\u201d<\/p>\n\n\n\n<p>Bar\u0131na\u011f\u0131n iyile\u015ftirilmesi konusunda her zaman uzman ki\u015filerde destek al\u0131nd\u0131\u011f\u0131n\u0131 kaydeden Ba\u015fkan Bolta\u00e7, \u201cT\u00fcm yap\u0131lan iyile\u015ftirilme \u00e7al\u0131\u015fmalar\u0131na ra\u011fmen hayvanseverlerimizi bir t\u00fcrl\u00fc mutlu edemiyoruz. Biz g\u00f6reve geldikten sonra \u00f6l\u00fcm oranlar\u0131ndan tutun da bizim bar\u0131na\u011f\u0131m\u0131za giren her bir hayvan\u0131n A\u2019dan Z\u2019ye b\u00fct\u00fcn tetkikleri yap\u0131l\u0131yor. Yanl\u0131\u015f anlamay\u0131n e\u011fer hata bilin\u00e7liyse derhal m\u00fcdahil olun. \u015eu an bar\u0131na\u011f\u0131m\u0131z da 311 hayvan\u0131m\u0131z var. Meclisten bunu s\u00f6ylerken de utan\u0131yorum, benim evlatlar\u0131m\u0131n bu hayvanlarla ne alakas\u0131 var, olmayan bir \u015fey varm\u0131\u015f gibi yarat\u0131l\u0131yor. Ge\u00e7en bir foto\u011fraf att\u0131lar, k\u00f6pek k\u00f6t\u00fc bir durumda, ne zaman \u00e7ekildi\u011fi belli de\u011fil, \u015fimdi k\u00f6pe\u011fe bak\u0131yorum ma\u015fallah 45 kilogram olmu\u015f turp gibi. Ben d\u0131\u015fardan veteriner hekimlerden de destek al\u0131yorum, ger\u00e7ekten bu i\u015fi g\u00f6n\u00fcll\u00fcl\u00fck esas\u0131 ile yapan arkada\u015flar\u0131m\u0131z var. Onlar\u0131n da fikirlerini al\u0131yorum, yani kimseyi yok saym\u0131yorum.\u201d ifadelerine yer verdi.<\/p>\n\n\n\n<p>\u201cALGI YARATMAK \u0130STEN\u0130YOR\u201d<\/p>\n\n\n\n<p>Konu\u015fmalar\u0131na devam eden Ba\u015fkan Bolta\u00e7, \u201cHayvanseverlere eskiden mama veriliyordu, art\u0131k vermiyoruz, \u00e7\u00fcnk\u00fc ihtiya\u00e7 varsa ilgili arkada\u015flara s\u00f6ylerler. Arkada\u015flar yerine b\u0131rakmaya gider. Yani birilerine mama verme gibi bir zorunlulu\u011fumuz yok. Ben Allah\u2019\u0131n verdi\u011fi can\u0131 alamam diyorum, sanki al\u0131yormu\u015fum gibi bir alg\u0131 yaratmak isteniyor. Olmayacak hakarete maruz kald\u0131m. Ben Tarsus Belediye Ba\u015fkan\u0131y\u0131m, e\u011fer ki ilk g\u00fcnden itibaren ben bu ilgili ki\u015filer hakk\u0131nda su\u00e7 duyurusunda bulunsam belki binlerce dava a\u00e7mam gerekirdi. Orada birisi birisini be\u011fenmiyor, \u015fikayet ederek hayvansevere foto\u011fraf at\u0131yor. Sonra o hayvanseverler de sanki b\u00f6yle bir \u015fey varm\u0131\u015f gibi bir alg\u0131ya kap\u0131l\u0131yor. Sevgili hayvanseverler, bu tutumunuzu do\u011fru bulmuyorum. Ama konu bu \u015fekilde devam ederse, oradaki personel arkada\u015flar\u0131m\u0131z bu konuda zarar g\u00f6recek.\u201d dedi.<\/p>\n\n\n\n<p>\u201cBU KENTTE H\u0130ZMET ETMEKTEN MUTLULUK DUYUYORUM\u201d<\/p>\n\n\n\n<p>Tarsuslu olmaktan gurur duydu\u011funu kaydeden Ba\u015fkan Bolta\u00e7, \u201cBen kentimde herkesin belediye ba\u015fkan\u0131y\u0131m. Tarsus bence T\u00fcrkiye\u2019ye \u00f6rnek bir kent olacakt\u0131r. Ben bu \u015fehirde ya\u015fayan herkese sayg\u0131 duyuyorum, h\u00fcrmet ediyorum fikirlerimiz farkl\u0131 olabilir. Kar\u015f\u0131l\u0131kl\u0131 her \u015fey ayn\u0131 d\u00fc\u015f\u00fcnece\u011fiz diye bir \u015fey yok. D\u00fc\u015f\u00fcn\u00fcn bir bah\u00e7ede sadece k\u0131rm\u0131z\u0131 laleler var, o zaman hi\u00e7bir \u015feyin zevki olmaz. Bence \u00e7e\u015fit \u00e7e\u015fit renkler olmas\u0131 laz\u0131m. Bizim Tarsus\u2019umuz da b\u00f6yle. Ben Tarsuslu olmaktan, bu kentin belediye ba\u015fkan\u0131 olmaktan, bu kentin bir evlad\u0131 olmaktan ve bu kente hizmet etmekten mutluluk duyuyorum.\u201d diye ifade etti.<\/p>\n\n\n\n<p>\u201cTARSUS DEN\u0130LD\u0130\u011e\u0130 ZAMAN B\u00dcT\u00dcN AKAN SULAR DURUR\u201d<\/p>\n\n\n\n<p>Tarsus i\u00e7in her zaman \u00e7al\u0131\u015fmaya devam edece\u011fini belirten Ba\u015fkan Bolta\u00e7, \u201cBenim i\u00e7in Tarsus denildi\u011fi zaman b\u00fct\u00fcn akan sular durur. Kentine hayran bir adam\u0131m. Hayat\u0131m\u0131n hi\u00e7bir evresinde kentimi b\u0131rak\u0131p ba\u015fka bir yerde ya\u015famay\u0131 da d\u00fc\u015f\u00fcnm\u00fc\u015f bir adam de\u011filim. \u00d6zellikle de Tarsus i\u00e7in gecemi g\u00fcnd\u00fcz\u00fcme katmaya, \u00e7al\u0131\u015fmaya devam edece\u011fim. Bu kentte de ya\u015fayan b\u00fct\u00fcn yurtta\u015flar\u0131m\u0131z \u015funu bilsin; siz bana g\u00f6n\u00fcl verdi\u011finiz m\u00fcddet\u00e7e, ben de bu koltukta oturdu\u011fum m\u00fcddet\u00e7e, herkesin belediye ba\u015fkan\u0131 olaca\u011f\u0131m. Kimsenin mezhebi, etnik kimli\u011fi ve k\u00f6keni benim i\u00e7in zerre kadar \u00f6nemli olmayacak. Benim i\u00e7in aslolan insan.\u201d dedi.<\/p>\n","protected":false},"excerpt":{"rendered":"<p>Tarsus Belediyesi Ocak Ay\u0131 Ola\u011fan Meclis Toplant\u0131s\u0131 ger\u00e7ekle\u015ftirildi. Tarsus Belediye Ba\u015fkan\u0131 Ali Bolta\u00e7, toplant\u0131da kamuoyunun yak\u0131ndan takip etti\u011fi hayvan bar\u0131na\u011f\u0131yla ilgili ele\u015ftiriler, engelli bireyler i\u00e7in kurulan \u00f6zel birim ve g\u00fcndemdeki di\u011fer konulara de\u011findi. Hayvan bar\u0131na\u011f\u0131 ile ilgili yap\u0131lan ele\u015ftirilere haks\u0131z yere maruz kald\u0131\u011f\u0131n\u0131 ifade eden Ba\u015fkan Bolta\u00e7, \u201cBen Allah\u2019\u0131n yaratt\u0131\u011f\u0131 her canl\u0131n\u0131n belediye ba\u015fkan\u0131y\u0131m. Benim [&hellip;]<\/p>\n","protected":false},"author":2,"featured_media":38506,"comment_status":"closed","ping_status":"closed","sticky":false,"template":"","format":"standard","meta":{"footnotes":""},"categories":[3,5],"tags":[],"class_list":["post-38505","post","type-post","status-publish","format-standard","has-post-thumbnail","hentry","category-manset","category-mersin"],"views":4,"_links":{"self":[{"href":"https:\/\/mersinkadingazetesi.com\/index.php?rest_route=\/wp\/v2\/posts\/38505"}],"collection":[{"href":"https:\/\/mersinkadingazetesi.com\/index.php?rest_route=\/wp\/v2\/posts"}],"about":[{"href":"https:\/\/mersinkadingazetesi.com\/index.php?rest_route=\/wp\/v2\/types\/post"}],"author":[{"embeddable":true,"href":"https:\/\/mersinkadingazetesi.com\/index.php?rest_route=\/wp\/v2\/users\/2"}],"replies":[{"embeddable":true,"href":"https:\/\/mersinkadingazetesi.com\/index.php?rest_route=%2Fwp%2Fv2%2Fcomments&post=38505"}],"version-history":[{"count":1,"href":"https:\/\/mersinkadingazetesi.com\/index.php?rest_route=\/wp\/v2\/posts\/38505\/revisions"}],"predecessor-version":[{"id":38507,"href":"https:\/\/mersinkadingazetesi.com\/index.php?rest_route=\/wp\/v2\/posts\/38505\/revisions\/38507"}],"wp:featuredmedia":[{"embeddable":true,"href":"https:\/\/mersinkadingazetesi.com\/index.php?rest_route=\/wp\/v2\/media\/38506"}],"wp:attachment":[{"href":"https:\/\/mersinkadingazetesi.com\/index.php?rest_route=%2Fwp%2Fv2%2Fmedia&parent=38505"}],"wp:term":[{"taxonomy":"category","embeddable":true,"href":"https:\/\/mersinkadingazetesi.com\/index.php?rest_route=%2Fwp%2Fv2%2Fcategories&post=38505"},{"taxonomy":"post_tag","embeddable":true,"href":"https:\/\/mersinkadingazetesi.com\/index.php?rest_route=%2Fwp%2Fv2%2Ftags&post=38505"}],"curies":[{"name":"wp","href":"https:\/\/api.w.org\/{rel}","templated":true}]}}