{"id":38508,"date":"2025-01-08T12:03:20","date_gmt":"2025-01-08T09:03:20","guid":{"rendered":"https:\/\/mersinkadingazetesi.com\/?p=38508"},"modified":"2025-01-08T12:03:20","modified_gmt":"2025-01-08T09:03:20","slug":"msk-bahcesehir-maci-hazirliklarini-surduruyor","status":"publish","type":"post","link":"https:\/\/mersinkadingazetesi.com\/?p=38508","title":{"rendered":"MSK, BAH\u00c7E\u015eEH\u0130R MA\u00c7I HAZIRLIKLARINI S\u00dcRD\u00dcR\u00dcYOR"},"content":{"rendered":"\n<p>Mersin Spor Kul\u00fcb\u00fc (MSK), bu hafta sonu oynayaca\u011f\u0131 \u00f6nemli kar\u015f\u0131la\u015fma \u00f6ncesinde haz\u0131rl\u0131klar\u0131n\u0131 t\u00fcm h\u0131z\u0131yla s\u00fcrd\u00fcr\u00fcyor. Tak\u0131m\u0131n motivasyonunun olduk\u00e7a y\u00fcksek oldu\u011fu g\u00f6zlemlenen antrenmanlarda; Ba\u015fantren\u00f6r Can Sevim idaresindeki teknik kadronun h\u00fccum ve savunma taktiklerine odaklanan oyuncular, Mersinli taraftarlardan ma\u00e7 s\u00fcresince tam destek beklediklerini s\u00f6ylediler.<\/p>\n\n\n\n<p>Kar\u015f\u0131la\u015fman\u0131n oynanaca\u011f\u0131 Servet Tazeg\u00fcl Spor Salonu&#8217;nda ger\u00e7ekle\u015ftirilen antrenmanda oyuncular\u0131n isabet y\u00fczdesini art\u0131rmaya y\u00f6nelik \u015fut \u00e7al\u0131\u015fmalar\u0131 ve h\u0131zl\u0131 h\u00fccum organizasyonlar\u0131 \u00fczerinde duruldu. Teknik ekip, Bah\u00e7e\u015fehir&#8217;in g\u00fc\u00e7l\u00fc y\u00f6nlerine kar\u015f\u0131 etkili savunma stratejileri geli\u015ftirmek i\u00e7in yo\u011fun bir \u00e7al\u0131\u015fma y\u00fcr\u00fct\u00fcyor. Tak\u0131m\u0131n, sahaya hem fiziksel hem de mental olarak haz\u0131r bir \u015fekilde \u00e7\u0131kmas\u0131 hedefleniyor.<\/p>\n\n\n\n<p><strong>Sevim: &#8220;T\u00fcrkiye Kupas\u0131na girme a\u00e7\u0131s\u0131ndan bu galibiyet \u00e7ok de\u011ferli&#8221;<\/strong><\/p>\n\n\n\n<p>MSK Ba\u015fantren\u00f6r\u00fc Can Sevim ma\u00e7\u0131n olduk\u00e7a kritik oldu\u011funu ve T\u00fcrkiye Kupas\u0131 i\u00e7in bir e\u015fik niteli\u011fi ta\u015f\u0131d\u0131\u011f\u0131n\u0131 ifade ederek<strong>, &#8220;Bizim a\u00e7\u0131m\u0131zdan \u00e7ok \u00f6nemli bir kar\u015f\u0131la\u015fma. \u00d6zellikle T\u00fcrkiye Kupas\u0131&#8217;na girme a\u00e7\u0131s\u0131ndan bu galibiyetin \u00e7ok de\u011ferli olabilece\u011fini d\u00fc\u015f\u00fcn\u00fcyoruz. O y\u00fczden \u00f6ncelikli hedefimiz tabi ilk yar\u0131y\u0131 T\u00fcrkiye kupas\u0131nda yer alarak tamamlamak sonras\u0131nda da play-off hedefimiz var. Bu a\u00e7\u0131dan evimizde oynayaca\u011f\u0131m\u0131z kar\u015f\u0131la\u015fmaya da \u00e7ok \u00f6nem veriyoruz&#8221;<\/strong>&nbsp;dedi.<\/p>\n\n\n\n<p>Sevim, taraftarlar\u0131n deste\u011finin \u00f6nemli oldu\u011funu ve oyuncular\u0131 motive etti\u011fini belirterek,&nbsp;<strong>&#8220;\u00c7ok g\u00fczel bir taraftar\u0131m\u0131z var. Bizi destekledikleri zaman ger\u00e7ekten itici g\u00fc\u00e7 oluyorlar. Sahada bizimle beraber o enerjiyi onlar\u0131n da vermesini istiyoruz. Her zaman bize enerjik, agresif bir \u015fekilde desteklesinler&#8221;<\/strong>&nbsp;ifadeleriyle taraftarlara da \u00e7a\u011fr\u0131da bulundu.<\/p>\n\n\n\n<p><strong>Akdamar: &#8220;\u00d6n\u00fcm\u00fczdeki ma\u00e7\u0131n \u00f6neminin fark\u0131nday\u0131z&#8221;<\/strong><\/p>\n\n\n\n<p>Tak\u0131mda forvet oyuncusu olarak yer alan Tevfik Akdamar,&nbsp;<strong>&#8220;\u0130lk hedefimiz olan T\u00fcrkiye Kupas\u0131 i\u00e7in \u00e7ok \u00f6nemli bir ma\u00e7a \u00e7\u0131kaca\u011f\u0131z. Evimizde kazanmak istiyoruz ve ma\u00e7\u0131n \u00f6neminin de fark\u0131nday\u0131z. Tofa\u015f ve Bursaspor galibiyetlerinden sonra \u00f6zg\u00fcvenimiz de yerinde. \u0130stediklerimizi sahaya yans\u0131tabilirsek kazanaca\u011f\u0131m\u0131z\u0131 d\u00fc\u015f\u00fcn\u00fcyorum. Antrenmanlar\u0131m\u0131z \u00e7ok keyifli ge\u00e7iyor. Ekip olarak \u00e7ok donan\u0131ml\u0131 bir ekibe sahibiz. Oyuncu grubu olarak da \u00e7ok \u00e7al\u0131\u015fkan bir oyuncu grubumuz var. Bunlardan dolay\u0131 da antrenmanlar\u0131m\u0131z \u00e7ok e\u011flenceli ama bir o kadar da verimli ge\u00e7iyor&#8221;<\/strong>&nbsp;dedi.<\/p>\n\n\n\n<p><strong>\u00d6zm\u0131zrak: &#8220;Ligimizin en de\u011ferli kadrolar\u0131ndan biriyle oynayaca\u011f\u0131z&#8221;<\/strong><\/p>\n\n\n\n<p>Sahada gard oyuncusu olarak yer alan Kartal \u00d6zm\u0131zrak, ma\u00e7\u0131n zorlu ge\u00e7ece\u011finin bilincinde olduklar\u0131n\u0131n alt\u0131n\u0131 \u00e7izerek,&nbsp;<strong>&#8220;Ligimizin en de\u011ferli kadrolar\u0131ndan biriyle oynayaca\u011f\u0131z. \u0130yi bir gidi\u015fat\u0131m\u0131z var. T\u00fcrkiye Kupas\u0131&#8217;na kat\u0131lmak istiyoruz. Ma\u00e7\u0131n da zorlu ge\u00e7ece\u011finin fark\u0131nday\u0131z, ona g\u00f6re de \u00e7al\u0131\u015fmalar\u0131m\u0131z\u0131 s\u00fcrd\u00fcr\u00fcyoruz. Taraftar\u0131m\u0131z\u0131n deste\u011fiyle evdeki iyi serimizi s\u00fcrd\u00fcrmek istiyoruz.&nbsp;&nbsp;T\u00fcrkiye Kupas\u0131&#8217;na kat\u0131lmak a\u00e7\u0131s\u0131ndan \u00e7ok \u00f6nemli bir ma\u00e7 ve hepimiz bunun bilincindeyiz. \u0130lk y\u0131l\u0131m\u0131zda da T\u00fcrkiye Kupas\u0131&#8217;na kat\u0131labilirsek bizim i\u00e7in \u00e7ok g\u00fczel bir ba\u015far\u0131 olacakt\u0131r&#8221;<\/strong>&nbsp;ifadelerini kulland\u0131.<\/p>\n\n\n\n<p>Carettalar, Bah\u00e7e\u015fehir Koleji ile kar\u015f\u0131la\u015faca\u011f\u0131 zorlu m\u00fccadele 12 Ocak Pazar g\u00fcn\u00fc saat 13:00&#8217;da Servet Tazeg\u00fcl Spor Salonu&#8217;nda oynanacak.<\/p>\n","protected":false},"excerpt":{"rendered":"<p>Mersin Spor Kul\u00fcb\u00fc (MSK), bu hafta sonu oynayaca\u011f\u0131 \u00f6nemli kar\u015f\u0131la\u015fma \u00f6ncesinde haz\u0131rl\u0131klar\u0131n\u0131 t\u00fcm h\u0131z\u0131yla s\u00fcrd\u00fcr\u00fcyor. Tak\u0131m\u0131n motivasyonunun olduk\u00e7a y\u00fcksek oldu\u011fu g\u00f6zlemlenen antrenmanlarda; Ba\u015fantren\u00f6r Can Sevim idaresindeki teknik kadronun h\u00fccum ve savunma taktiklerine odaklanan oyuncular, Mersinli taraftarlardan ma\u00e7 s\u00fcresince tam destek beklediklerini s\u00f6ylediler. Kar\u015f\u0131la\u015fman\u0131n oynanaca\u011f\u0131 Servet Tazeg\u00fcl Spor Salonu&#8217;nda ger\u00e7ekle\u015ftirilen antrenmanda oyuncular\u0131n isabet y\u00fczdesini art\u0131rmaya y\u00f6nelik [&hellip;]<\/p>\n","protected":false},"author":2,"featured_media":38509,"comment_status":"closed","ping_status":"closed","sticky":false,"template":"","format":"standard","meta":{"footnotes":""},"categories":[3,10],"tags":[],"class_list":["post-38508","post","type-post","status-publish","format-standard","has-post-thumbnail","hentry","category-manset","category-spor"],"views":9,"_links":{"self":[{"href":"https:\/\/mersinkadingazetesi.com\/index.php?rest_route=\/wp\/v2\/posts\/38508"}],"collection":[{"href":"https:\/\/mersinkadingazetesi.com\/index.php?rest_route=\/wp\/v2\/posts"}],"about":[{"href":"https:\/\/mersinkadingazetesi.com\/index.php?rest_route=\/wp\/v2\/types\/post"}],"author":[{"embeddable":true,"href":"https:\/\/mersinkadingazetesi.com\/index.php?rest_route=\/wp\/v2\/users\/2"}],"replies":[{"embeddable":true,"href":"https:\/\/mersinkadingazetesi.com\/index.php?rest_route=%2Fwp%2Fv2%2Fcomments&post=38508"}],"version-history":[{"count":1,"href":"https:\/\/mersinkadingazetesi.com\/index.php?rest_route=\/wp\/v2\/posts\/38508\/revisions"}],"predecessor-version":[{"id":38510,"href":"https:\/\/mersinkadingazetesi.com\/index.php?rest_route=\/wp\/v2\/posts\/38508\/revisions\/38510"}],"wp:featuredmedia":[{"embeddable":true,"href":"https:\/\/mersinkadingazetesi.com\/index.php?rest_route=\/wp\/v2\/media\/38509"}],"wp:attachment":[{"href":"https:\/\/mersinkadingazetesi.com\/index.php?rest_route=%2Fwp%2Fv2%2Fmedia&parent=38508"}],"wp:term":[{"taxonomy":"category","embeddable":true,"href":"https:\/\/mersinkadingazetesi.com\/index.php?rest_route=%2Fwp%2Fv2%2Fcategories&post=38508"},{"taxonomy":"post_tag","embeddable":true,"href":"https:\/\/mersinkadingazetesi.com\/index.php?rest_route=%2Fwp%2Fv2%2Ftags&post=38508"}],"curies":[{"name":"wp","href":"https:\/\/api.w.org\/{rel}","templated":true}]}}