{"id":38511,"date":"2025-01-08T12:04:34","date_gmt":"2025-01-08T09:04:34","guid":{"rendered":"https:\/\/mersinkadingazetesi.com\/?p=38511"},"modified":"2025-01-08T12:04:34","modified_gmt":"2025-01-08T09:04:34","slug":"acildigi-gunden-itibaren-cukurova-uluslararasi-havalimani-2-milyon-8-bin-448-yolcu-agirladi","status":"publish","type":"post","link":"https:\/\/mersinkadingazetesi.com\/?p=38511","title":{"rendered":"&#8220;A\u00c7ILDI\u011eI G\u00dcNDEN \u0130T\u0130BAREN \u00c7UKUROVA ULUSLARARASI HAVAL\u0130MANI 2 M\u0130LYON 8 B\u0130N 448 YOLCU A\u011eIRLADI&#8221;"},"content":{"rendered":"\n<p><strong>Ula\u015ft\u0131rma ve Altyap\u0131 Bakan\u0131 Abdulkadir Uralo\u011flu, \u00c7ukurova Uluslararas\u0131 Havaliman\u0131&#8217;n\u0131n a\u00e7\u0131ld\u0131\u011f\u0131 g\u00fcnden itibaren 2 milyon 8 bin 448 yolcuya hizmet verdi\u011fini kaydetti. U\u00e7ak trafi\u011fi hakk\u0131nda da bilgi veren Bakan Uralo\u011flu, &#8220;Bu d\u00f6nemde toplam 13 bin 698 u\u00e7ak havaliman\u0131m\u0131za ini\u015f kalk\u0131\u015f yapt\u0131.&#8221; dedi.<\/strong><\/p>\n\n\n\n<p>Ula\u015ft\u0131rma ve Altyap\u0131 Bakan\u0131 Abdulkadir Uralo\u011flu, T\u00fcrkiye&#8217;nin g\u00f6ky\u00fcz\u00fcne a\u00e7\u0131lan 58. kap\u0131s\u0131 \u00c7ukurova Uluslararas\u0131 Havaliman\u0131&#8217;n\u0131n yolcu ve u\u00e7ak trafi\u011fini de\u011ferlendirdi. Bakan Uralo\u011flu, yaz\u0131l\u0131 a\u00e7\u0131klamas\u0131nda havaliman\u0131n\u0131 Cumhurba\u015fkan\u0131 Recep Tayyip Erdo\u011fan&#8217;\u0131n te\u015frifleriyle 10 A\u011fustos tarihinde hizmete ald\u0131klar\u0131n\u0131 an\u0131msatt\u0131. Uralo\u011flu, &#8220;Havaliman\u0131m\u0131z a\u00e7\u0131ld\u0131\u011f\u0131 g\u00fcnden beri 2 milyonun \u00fczerinde yolcumuzu a\u011f\u0131rlad\u0131.&#8221; ifadelerini kulland\u0131.<\/p>\n\n\n\n<p><strong>2 Milyon 8 Bin 448 Yolcu Trafi\u011fi<\/strong><\/p>\n\n\n\n<p>Bakan Uralo\u011flu, a\u00e7\u0131l\u0131\u015f\u0131ndan bug\u00fcne \u00c7ukurova Uluslararas\u0131 Havaliman\u0131&#8217;n\u0131n i\u00e7 hatlarda 1 milyon 546 bin 408, d\u0131\u015f hatlarda ise 462 bin 40 olmak \u00fczere toplam 2 milyon 8 bin 448 yolcuyu a\u011f\u0131rlad\u0131\u011f\u0131n\u0131 bildirdi. Uralo\u011flu, u\u00e7ak trafi\u011fi hakk\u0131nda da bilgi vererek &#8220;\u0130\u00e7 hatlarda 10 bin 272, d\u0131\u015f hatlarda ise 3 bin 426 olmak \u00fczere toplam 13 bin 698 u\u00e7ak havaliman\u0131m\u0131za ini\u015f kalk\u0131\u015f yapt\u0131.&#8221; a\u00e7\u0131klamas\u0131nda bulundu.<\/p>\n\n\n\n<p>Bakan Uralo\u011flu, havaliman\u0131n\u0131n y\u0131ll\u0131k 9 milyon yolcu kapasitesi, 110 bin metrekare terminal alan\u0131 oldu\u011funu belirterek &#8220;3 bin 500 metre uzunlu\u011fa ve 60 metre geni\u015fli\u011fine sahip ana pistine en geni\u015f g\u00f6vdeli u\u00e7aklar dahi ini\u015f-kalk\u0131\u015f ger\u00e7ekle\u015ftirebiliyor. Ba\u015fta Mersin ve Adana ile Osmaniye ve Ni\u011fde&#8217;ye de olan yak\u0131nl\u0131\u011f\u0131yla bu \u015fehirlerde ya\u015fayan 5 milyonun \u00fcst\u00fcndeki vatanda\u015f\u0131m\u0131za hizmet eden havaliman\u0131m\u0131z, T\u00fcrkiye&#8217;nin Ortado\u011fu \u00fclkelerine a\u00e7\u0131lan en \u00f6nemli kap\u0131lar\u0131ndan da biri.&#8221; dedi.<\/p>\n\n\n\n<p>\u00c7ukurova Uluslararas\u0131 Havaliman\u0131&#8217;n\u0131n b\u00f6lgesel olmas\u0131 niteli\u011fiyle de havac\u0131l\u0131k alan\u0131ndaki en \u00f6nemli altyap\u0131 yat\u0131r\u0131mlar\u0131ndan biri oldu\u011funu belirten Uralo\u011flu, &#8220;\u00c7ukurova B\u00f6lgesinin geli\u015fimine b\u00fcy\u00fck katk\u0131 sa\u011flayacak ve b\u00f6lgesel kalk\u0131nman\u0131n lokomotifi olacak.&#8221; a\u00e7\u0131klamas\u0131nda bulundu.<\/p>\n","protected":false},"excerpt":{"rendered":"<p>Ula\u015ft\u0131rma ve Altyap\u0131 Bakan\u0131 Abdulkadir Uralo\u011flu, \u00c7ukurova Uluslararas\u0131 Havaliman\u0131&#8217;n\u0131n a\u00e7\u0131ld\u0131\u011f\u0131 g\u00fcnden itibaren 2 milyon 8 bin 448 yolcuya hizmet verdi\u011fini kaydetti. U\u00e7ak trafi\u011fi hakk\u0131nda da bilgi veren Bakan Uralo\u011flu, &#8220;Bu d\u00f6nemde toplam 13 bin 698 u\u00e7ak havaliman\u0131m\u0131za ini\u015f kalk\u0131\u015f yapt\u0131.&#8221; dedi. Ula\u015ft\u0131rma ve Altyap\u0131 Bakan\u0131 Abdulkadir Uralo\u011flu, T\u00fcrkiye&#8217;nin g\u00f6ky\u00fcz\u00fcne a\u00e7\u0131lan 58. kap\u0131s\u0131 \u00c7ukurova Uluslararas\u0131 Havaliman\u0131&#8217;n\u0131n [&hellip;]<\/p>\n","protected":false},"author":2,"featured_media":38512,"comment_status":"closed","ping_status":"closed","sticky":false,"template":"","format":"standard","meta":{"footnotes":""},"categories":[34,2,3],"tags":[],"class_list":["post-38511","post","type-post","status-publish","format-standard","has-post-thumbnail","hentry","category-flas-haber","category-gundem","category-manset"],"views":6,"_links":{"self":[{"href":"https:\/\/mersinkadingazetesi.com\/index.php?rest_route=\/wp\/v2\/posts\/38511"}],"collection":[{"href":"https:\/\/mersinkadingazetesi.com\/index.php?rest_route=\/wp\/v2\/posts"}],"about":[{"href":"https:\/\/mersinkadingazetesi.com\/index.php?rest_route=\/wp\/v2\/types\/post"}],"author":[{"embeddable":true,"href":"https:\/\/mersinkadingazetesi.com\/index.php?rest_route=\/wp\/v2\/users\/2"}],"replies":[{"embeddable":true,"href":"https:\/\/mersinkadingazetesi.com\/index.php?rest_route=%2Fwp%2Fv2%2Fcomments&post=38511"}],"version-history":[{"count":1,"href":"https:\/\/mersinkadingazetesi.com\/index.php?rest_route=\/wp\/v2\/posts\/38511\/revisions"}],"predecessor-version":[{"id":38513,"href":"https:\/\/mersinkadingazetesi.com\/index.php?rest_route=\/wp\/v2\/posts\/38511\/revisions\/38513"}],"wp:featuredmedia":[{"embeddable":true,"href":"https:\/\/mersinkadingazetesi.com\/index.php?rest_route=\/wp\/v2\/media\/38512"}],"wp:attachment":[{"href":"https:\/\/mersinkadingazetesi.com\/index.php?rest_route=%2Fwp%2Fv2%2Fmedia&parent=38511"}],"wp:term":[{"taxonomy":"category","embeddable":true,"href":"https:\/\/mersinkadingazetesi.com\/index.php?rest_route=%2Fwp%2Fv2%2Fcategories&post=38511"},{"taxonomy":"post_tag","embeddable":true,"href":"https:\/\/mersinkadingazetesi.com\/index.php?rest_route=%2Fwp%2Fv2%2Ftags&post=38511"}],"curies":[{"name":"wp","href":"https:\/\/api.w.org\/{rel}","templated":true}]}}