{"id":38514,"date":"2025-01-08T12:06:42","date_gmt":"2025-01-08T09:06:42","guid":{"rendered":"https:\/\/mersinkadingazetesi.com\/?p=38514"},"modified":"2025-01-08T12:06:43","modified_gmt":"2025-01-08T09:06:43","slug":"mersin-akp-iktidarinin-haksiz-uygulamalarinin-baskenti-haline-geldi","status":"publish","type":"post","link":"https:\/\/mersinkadingazetesi.com\/?p=38514","title":{"rendered":"&#8220;Mersin, AKP \u0130ktidar\u0131n\u0131n Haks\u0131z Uygulamalar\u0131n\u0131n Ba\u015fkenti Haline Geldi&#8221;"},"content":{"rendered":"\n<p>CHP Mersin Milletvekili G\u00fclcan K\u0131\u015f, Mersin&#8217;in merkezi h\u00fck\u00fcmet taraf\u0131ndan y\u0131llard\u0131r ihmal edildi\u011fini belirterek ele\u015ftirilerde bulundu. G\u00fclcan K\u0131\u015f, Cumhurba\u015fkanl\u0131\u011f\u0131 H\u00fck\u00fcmet Sistemi&#8217;nin dayatt\u0131\u011f\u0131 merkeziyet\u00e7i y\u00f6netim anlay\u0131\u015f\u0131n\u0131n Mersin&#8217;deki sorunlar\u0131 derinle\u015ftirdi\u011fini vurgulad\u0131.<\/p>\n\n\n\n<p><strong>&#8220;Mersin Halk\u0131 Cezaland\u0131r\u0131l\u0131yor&#8221;<\/strong><\/p>\n\n\n\n<p>G\u00fclcan K\u0131\u015f, Mersin&#8217;in T\u00fcrkiye&#8217;nin en \u00e7ok vergi veren illerinden biri olmas\u0131na ra\u011fmen hak etti\u011fi yat\u0131r\u0131mlar\u0131 alamad\u0131\u011f\u0131n\u0131 ifade etti. &#8220;Vergide ilk 6&#8217;da, ekonomiye katk\u0131da ilk 10&#8217;da yer alan bu kadim \u015fehir, iktidar\u0131n cezaland\u0131rma politikalar\u0131na kurban ediliyor. Bu durum kabul edilemez,&#8221; diyen CHP&#8217;li G\u00fclcan K\u0131\u015f, Mersin&#8217;in ya\u015fad\u0131\u011f\u0131 sorunlar\u0131 tek tek s\u0131ralad\u0131.<\/p>\n\n\n\n<p><strong>Bitmeyen Projeler ve Ula\u015f\u0131m Sorunlar\u0131<\/strong><\/p>\n\n\n\n<p>G\u00fclcan K\u0131\u015f, \u00c7e\u015fmeli-Ta\u015fucu Otoyolu&#8217;nun on y\u0131ld\u0131r tamamlanamad\u0131\u011f\u0131n\u0131 hat\u0131rlatarak, &#8220;42 kilometrelik bir yolun tamamlanamamas\u0131, Mersin&#8217;in nas\u0131l ihmal edildi\u011finin en somut g\u00f6stergesidir. Bu yol halk aras\u0131nda &#8216;\u00e7ile yolu&#8217; olarak an\u0131l\u0131yor,&#8221; dedi. Ayr\u0131ca D-400 Karayolu ve Akbelen Katl\u0131 Kav\u015fa\u011f\u0131 projelerinin de y\u0131llard\u0131r tamamlanmad\u0131\u011f\u0131n\u0131 vurgulad\u0131.<\/p>\n\n\n\n<p><strong>Pamukluk Baraj\u0131 ve Tar\u0131msal Kriz<\/strong><\/p>\n\n\n\n<p>Mersin&#8217;in tar\u0131mda stratejik \u00f6neme sahip oldu\u011funu s\u00f6yleyen G\u00fclcan K\u0131\u015f, Pamukluk Baraj\u0131&#8217;n\u0131n tamamlanmamas\u0131n\u0131 ele\u015ftirdi. &#8220;2010&#8217;da ba\u015flayan bu proje, h\u00e2l\u00e2 yar\u0131m durumda. DS\u0130&#8217;nin ayr\u0131lan b\u00fct\u00e7eleri yetersiz. Bu durum, Mersin&#8217;e kar\u015f\u0131 bir ihmal politikas\u0131n\u0131n g\u00f6stergesidir,&#8221; diye konu\u015ftu.<\/p>\n\n\n\n<p>CHP Mersin Milletvekili G\u00fclcan K\u0131\u015f ayr\u0131ca, \u00e7ift\u00e7ilerin artan girdi maliyetleri ve d\u00fc\u015f\u00fck \u00fcr\u00fcn fiyatlar\u0131 nedeniyle topraktan kopar\u0131ld\u0131\u011f\u0131n\u0131 belirtti. &#8220;Mersin tar\u0131m\u0131nda \u00e7al\u0131\u015fan \u00fcreticilerimiz kaderine terk edilmi\u015f durumda. Tar\u0131m politikalar\u0131 derh\u00e2l revize edilmelidir,&#8221; dedi.<\/p>\n\n\n\n<p><strong>Turizm Potansiyeli Heba Ediliyor<\/strong><\/p>\n\n\n\n<p>Mersin&#8217;in turizm potansiyelinin yeterince de\u011ferlendirilemedi\u011fine dikkat \u00e7eken G\u00fclcan K\u0131\u015f, &#8220;Silifke&#8217;den Tarsus&#8217;a kadar olan k\u00fclt\u00fcrel zenginlikler yat\u0131r\u0131m beklerken, \u00e7evreye zarar veren bal\u0131k \u00e7iftlikleri ve yat liman\u0131 projeleri h\u0131zla hayata ge\u00e7iriliyor. Bu durum Mersin&#8217;in turizm gelece\u011fine zarar veriyor,&#8221; ifadelerini kulland\u0131.<\/p>\n\n\n\n<p><strong>Ana Konteyner Liman\u0131 Projesi S\u00fcr\u00fcncemede<\/strong><\/p>\n\n\n\n<p>G\u00fclcan K\u0131\u015f, Mersin Ana Konteyner Liman\u0131 projesinin AKP&#8217;nin plans\u0131zl\u0131\u011f\u0131 ve vizyonsuzlu\u011fu nedeniyle tamamlanmad\u0131\u011f\u0131n\u0131 belirtti. &#8220;Bu proje Mersin&#8217;in kalk\u0131nmas\u0131 i\u00e7in kritik \u00f6neme sahiptir. Liman\u0131n ba\u015fka bir ile kayd\u0131r\u0131lmas\u0131, Mersin&#8217;e ihanettir,&#8221; diyerek h\u00fck\u00fcmeti ele\u015ftirdi.<\/p>\n\n\n\n<p><strong>S\u0131\u011f\u0131nmac\u0131 Sorunu ve Sosyal D\u00fczensizlik<\/strong><\/p>\n\n\n\n<p>Mersin&#8217;de Kas\u0131m 2024 itibar\u0131yla 188.109 Suriyeli s\u0131\u011f\u0131nmac\u0131n\u0131n bulundu\u011funu belirten CHP Mersin Milletvekili G\u00fclcan K\u0131\u015f, bu yo\u011fun g\u00f6\u00e7\u00fcn \u015fehrin kaynaklar\u0131n\u0131 t\u00fcketti\u011fini, sosyal uyumu bozdu\u011funu ve kamu d\u00fczenini tehdit eder h\u00e2le geldi\u011fini s\u00f6yledi. &#8220;H\u00fck\u00fcmetin g\u00f6\u00e7 politikas\u0131 derh\u00e2l g\u00f6zden ge\u00e7irilmelidir,&#8221; diyen G\u00fclcan K\u0131\u015f, Suriye&#8217;de Esad y\u00f6netiminin d\u00fc\u015fmesine ra\u011fmen Mersin&#8217;de g\u00f6zle g\u00f6r\u00fcl\u00fcr bir geri d\u00f6n\u00fc\u015f olmad\u0131\u011f\u0131n\u0131 vurgulad\u0131. &#8220;Bu durum, kontrols\u00fcz g\u00f6\u00e7 politikas\u0131n\u0131n sonu\u00e7lar\u0131n\u0131n daha da a\u011f\u0131rla\u015faca\u011f\u0131n\u0131 g\u00f6stermektedir,&#8221; ifadelerini&nbsp;kulland\u0131.<\/p>\n\n\n\n<p><strong>&#8220;Mersin Halk\u0131 Ad\u0131na Yetkililere Sesleniyorum!&#8221;<\/strong><\/p>\n\n\n\n<p>Mersin halk\u0131 ad\u0131na h\u00fck\u00fcmete seslenen G\u00fclcan K\u0131\u015f, &#8220;Mersin sadece bitmeyen projelerin de\u011fil, merkezi y\u00f6netimin haks\u0131z uygulamalar\u0131n\u0131n da ba\u015fkentidir. Halk\u0131m\u0131z\u0131n vergisiyle ba\u015fka illere yat\u0131r\u0131m yap\u0131l\u0131yor. Mersin hak etti\u011fi yat\u0131r\u0131mlar\u0131 alana kadar bu m\u00fccadeleyi s\u00fcrd\u00fcrece\u011fiz,&#8221; dedi.<\/p>\n","protected":false},"excerpt":{"rendered":"<p>CHP Mersin Milletvekili G\u00fclcan K\u0131\u015f, Mersin&#8217;in merkezi h\u00fck\u00fcmet taraf\u0131ndan y\u0131llard\u0131r ihmal edildi\u011fini belirterek ele\u015ftirilerde bulundu. G\u00fclcan K\u0131\u015f, Cumhurba\u015fkanl\u0131\u011f\u0131 H\u00fck\u00fcmet Sistemi&#8217;nin dayatt\u0131\u011f\u0131 merkeziyet\u00e7i y\u00f6netim anlay\u0131\u015f\u0131n\u0131n Mersin&#8217;deki sorunlar\u0131 derinle\u015ftirdi\u011fini vurgulad\u0131. &#8220;Mersin Halk\u0131 Cezaland\u0131r\u0131l\u0131yor&#8221; G\u00fclcan K\u0131\u015f, Mersin&#8217;in T\u00fcrkiye&#8217;nin en \u00e7ok vergi veren illerinden biri olmas\u0131na ra\u011fmen hak etti\u011fi yat\u0131r\u0131mlar\u0131 alamad\u0131\u011f\u0131n\u0131 ifade etti. &#8220;Vergide ilk 6&#8217;da, ekonomiye katk\u0131da ilk [&hellip;]<\/p>\n","protected":false},"author":2,"featured_media":38283,"comment_status":"closed","ping_status":"closed","sticky":false,"template":"","format":"standard","meta":{"footnotes":""},"categories":[8,34,2,3],"tags":[],"class_list":["post-38514","post","type-post","status-publish","format-standard","has-post-thumbnail","hentry","category-ekonomi","category-flas-haber","category-gundem","category-manset"],"views":4,"_links":{"self":[{"href":"https:\/\/mersinkadingazetesi.com\/index.php?rest_route=\/wp\/v2\/posts\/38514"}],"collection":[{"href":"https:\/\/mersinkadingazetesi.com\/index.php?rest_route=\/wp\/v2\/posts"}],"about":[{"href":"https:\/\/mersinkadingazetesi.com\/index.php?rest_route=\/wp\/v2\/types\/post"}],"author":[{"embeddable":true,"href":"https:\/\/mersinkadingazetesi.com\/index.php?rest_route=\/wp\/v2\/users\/2"}],"replies":[{"embeddable":true,"href":"https:\/\/mersinkadingazetesi.com\/index.php?rest_route=%2Fwp%2Fv2%2Fcomments&post=38514"}],"version-history":[{"count":1,"href":"https:\/\/mersinkadingazetesi.com\/index.php?rest_route=\/wp\/v2\/posts\/38514\/revisions"}],"predecessor-version":[{"id":38515,"href":"https:\/\/mersinkadingazetesi.com\/index.php?rest_route=\/wp\/v2\/posts\/38514\/revisions\/38515"}],"wp:featuredmedia":[{"embeddable":true,"href":"https:\/\/mersinkadingazetesi.com\/index.php?rest_route=\/wp\/v2\/media\/38283"}],"wp:attachment":[{"href":"https:\/\/mersinkadingazetesi.com\/index.php?rest_route=%2Fwp%2Fv2%2Fmedia&parent=38514"}],"wp:term":[{"taxonomy":"category","embeddable":true,"href":"https:\/\/mersinkadingazetesi.com\/index.php?rest_route=%2Fwp%2Fv2%2Fcategories&post=38514"},{"taxonomy":"post_tag","embeddable":true,"href":"https:\/\/mersinkadingazetesi.com\/index.php?rest_route=%2Fwp%2Fv2%2Ftags&post=38514"}],"curies":[{"name":"wp","href":"https:\/\/api.w.org\/{rel}","templated":true}]}}