{"id":38516,"date":"2025-01-08T12:08:35","date_gmt":"2025-01-08T09:08:35","guid":{"rendered":"https:\/\/mersinkadingazetesi.com\/?p=38516"},"modified":"2025-01-08T12:08:35","modified_gmt":"2025-01-08T09:08:35","slug":"2024-yili-mali-konularin-degerlendirme-toplantisi-gerceklestirildi","status":"publish","type":"post","link":"https:\/\/mersinkadingazetesi.com\/?p=38516","title":{"rendered":"2024 Y\u0131l\u0131 Mali Konular\u0131n De\u011ferlendirme Toplant\u0131s\u0131 Ger\u00e7ekle\u015ftirildi"},"content":{"rendered":"\n<p>Mersin Orman B\u00f6lge M\u00fcd\u00fcrl\u00fc\u011f\u00fcm\u00fcz\u00fcn 2024 y\u0131l\u0131 D\u00f6ner Sermaye B\u00fct\u00e7esi Bilan\u00e7osunun \u00e7\u0131kar\u0131lmas\u0131 i\u00e7in Erdemli Orman \u0130\u015fletme M\u00fcd\u00fcrl\u00fc\u011f\u00fc&#8217;nde toplant\u0131 ger\u00e7ekle\u015ftirildi.<\/p>\n\n\n\n<p>B\u00f6lge M\u00fcd\u00fcr\u00fc Rifat Ata\u015f ve Mali \u0130\u015fler \u015eube M\u00fcd\u00fcr\u00fc Zafer Kenan \u00d6zer ba\u015fkanl\u0131\u011f\u0131nda ger\u00e7ekle\u015ftirilen toplant\u0131ya, D\u00f6ner Sermaye Sayman\u0131 K\u00e2mil \u00d6zbilgez ve 9 Orman \u0130\u015fletme M\u00fcd\u00fcrl\u00fc\u011f\u00fcm\u00fcz\u00fcn Saymanlar\u0131 kat\u0131l\u0131m sa\u011flad\u0131.<\/p>\n\n\n\n<p>Ata\u015f, 2024 y\u0131l\u0131nda yapm\u0131\u015f olduklar\u0131 \u00e7al\u0131\u015fmalardan dolay\u0131 personele te\u015fekk\u00fcr ederek, 2025 y\u0131l\u0131 i\u00e7in de ba\u015far\u0131 dileklerini iletti.<\/p>\n","protected":false},"excerpt":{"rendered":"<p>Mersin Orman B\u00f6lge M\u00fcd\u00fcrl\u00fc\u011f\u00fcm\u00fcz\u00fcn 2024 y\u0131l\u0131 D\u00f6ner Sermaye B\u00fct\u00e7esi Bilan\u00e7osunun \u00e7\u0131kar\u0131lmas\u0131 i\u00e7in Erdemli Orman \u0130\u015fletme M\u00fcd\u00fcrl\u00fc\u011f\u00fc&#8217;nde toplant\u0131 ger\u00e7ekle\u015ftirildi. B\u00f6lge M\u00fcd\u00fcr\u00fc Rifat Ata\u015f ve Mali \u0130\u015fler \u015eube M\u00fcd\u00fcr\u00fc Zafer Kenan \u00d6zer ba\u015fkanl\u0131\u011f\u0131nda ger\u00e7ekle\u015ftirilen toplant\u0131ya, D\u00f6ner Sermaye Sayman\u0131 K\u00e2mil \u00d6zbilgez ve 9 Orman \u0130\u015fletme M\u00fcd\u00fcrl\u00fc\u011f\u00fcm\u00fcz\u00fcn Saymanlar\u0131 kat\u0131l\u0131m sa\u011flad\u0131. Ata\u015f, 2024 y\u0131l\u0131nda yapm\u0131\u015f olduklar\u0131 \u00e7al\u0131\u015fmalardan dolay\u0131 personele te\u015fekk\u00fcr [&hellip;]<\/p>\n","protected":false},"author":2,"featured_media":38517,"comment_status":"closed","ping_status":"closed","sticky":false,"template":"","format":"standard","meta":{"footnotes":""},"categories":[3],"tags":[],"class_list":["post-38516","post","type-post","status-publish","format-standard","has-post-thumbnail","hentry","category-manset"],"views":3,"_links":{"self":[{"href":"https:\/\/mersinkadingazetesi.com\/index.php?rest_route=\/wp\/v2\/posts\/38516"}],"collection":[{"href":"https:\/\/mersinkadingazetesi.com\/index.php?rest_route=\/wp\/v2\/posts"}],"about":[{"href":"https:\/\/mersinkadingazetesi.com\/index.php?rest_route=\/wp\/v2\/types\/post"}],"author":[{"embeddable":true,"href":"https:\/\/mersinkadingazetesi.com\/index.php?rest_route=\/wp\/v2\/users\/2"}],"replies":[{"embeddable":true,"href":"https:\/\/mersinkadingazetesi.com\/index.php?rest_route=%2Fwp%2Fv2%2Fcomments&post=38516"}],"version-history":[{"count":1,"href":"https:\/\/mersinkadingazetesi.com\/index.php?rest_route=\/wp\/v2\/posts\/38516\/revisions"}],"predecessor-version":[{"id":38518,"href":"https:\/\/mersinkadingazetesi.com\/index.php?rest_route=\/wp\/v2\/posts\/38516\/revisions\/38518"}],"wp:featuredmedia":[{"embeddable":true,"href":"https:\/\/mersinkadingazetesi.com\/index.php?rest_route=\/wp\/v2\/media\/38517"}],"wp:attachment":[{"href":"https:\/\/mersinkadingazetesi.com\/index.php?rest_route=%2Fwp%2Fv2%2Fmedia&parent=38516"}],"wp:term":[{"taxonomy":"category","embeddable":true,"href":"https:\/\/mersinkadingazetesi.com\/index.php?rest_route=%2Fwp%2Fv2%2Fcategories&post=38516"},{"taxonomy":"post_tag","embeddable":true,"href":"https:\/\/mersinkadingazetesi.com\/index.php?rest_route=%2Fwp%2Fv2%2Ftags&post=38516"}],"curies":[{"name":"wp","href":"https:\/\/api.w.org\/{rel}","templated":true}]}}