{"id":38528,"date":"2025-01-08T14:20:04","date_gmt":"2025-01-08T11:20:04","guid":{"rendered":"https:\/\/mersinkadingazetesi.com\/?p=38528"},"modified":"2025-01-08T14:20:04","modified_gmt":"2025-01-08T11:20:04","slug":"deva-partili-ekmen-ile-ak-parti-milletvekilleri-arasinda-ayip-tartismasi-emeklilere-ve-asgari-ucretliye-yapilan-ayip","status":"publish","type":"post","link":"https:\/\/mersinkadingazetesi.com\/?p=38528","title":{"rendered":"DEVA Partili Ekmen ile AK Parti milletvekilleri aras\u0131nda ay\u0131p tart\u0131\u015fmas\u0131: Emeklilere ve asgari \u00fccretliye yap\u0131lan ay\u0131p!\u00a0"},"content":{"rendered":"\n<figure class=\"wp-block-table\"><table class=\"has-fixed-layout\"><tbody><tr><td><strong>DEVA Partisi Genel Ba\u015fkan Yard\u0131mc\u0131s\u0131 Mehmet Emin Ekmen, TBMM Genel Kurulunda asgari \u00fccretlinin ve emeklinin sorunlar\u0131 \u00fczerine konu\u015ftu.<\/strong><strong>&nbsp;<\/strong><strong>AK Parti milletvekillerine emeklinin ve asgari \u00fccretlinin sofras\u0131na en son ne zaman oturdunuz diye soran Ekmen, emeklinin art\u0131k sa\u011fl\u0131kl\u0131 bir ya\u015fam\u0131n gere\u011fi olan beslenmeyi dahi yapamad\u0131\u011f\u0131n\u0131 s<\/strong><strong>\u00f6<\/strong><strong>ylemesinin ard\u0131ndan AK Parti s\u0131ralar\u0131nda&nbsp;<\/strong><strong>\u201c<\/strong><strong>ay<\/strong><strong>\u0131p oluyor\u201d s<\/strong><strong>\u00f6<\/strong><strong>zlerine yan\u0131t vererek,&nbsp;<\/strong><strong>\u201c<\/strong><strong>Evet, ay\u0131p oluyor ama bu ay\u0131p benim s<\/strong><strong>\u00f6<\/strong><strong>zlerimde de\u011fil. Bu ay\u0131p emeklili\u011fe yap\u0131lan ay\u0131p, bu ay\u0131<\/strong><strong>p asgari&nbsp;<\/strong><strong>\u00fccretliye yap\u0131lan ay\u0131p. Emekli<\/strong><strong>\u2019<\/strong><strong>nin, A<\/strong><strong>sgari&nbsp;<\/strong><strong>\u00dccretli\u2019nin g<\/strong><strong>\u00f6<\/strong><strong>zlerinin i\u00e7ine bakarak konu\u015facak, sofralar\u0131na konuk olarak \u00e7orbalar\u0131n\u0131 payla\u015facak bir mecaliniz varsa buyurunuz!\u201d dedi.&nbsp;<\/strong><strong>&nbsp;<\/strong><strong>&nbsp;<\/strong>&nbsp;DEVA Partisi Genel Ba\u015fkan Yard\u0131mc\u0131s\u0131 ve Mersin Milletvekili Mehmet Emin Ekmen, asgari \u00fccretliye ve emekliye yap\u0131lan g\u00fcl\u00fcn\u00e7 zamla ilgili TBMM Genel Kurulu\u2019nda konu\u015ftu. CHP grubunun ara\u015ft\u0131rma&nbsp;\u00f6nergesi \u00fczerine s\u00f6z alan Ekmen, AK Parti milletvekillerine en son ne zaman bir emeklinin ve asgari \u00fccretlinin masas\u0131na oturdunuz diye sordu.&nbsp;&nbsp;<strong>ASGAR<\/strong><strong>\u0130 \u00dcCRETL\u0130 VE EMEKL\u0130N\u0130<\/strong><strong>N SES<\/strong><strong>\u0130N\u0130 DUYMAYA MECAL\u0130N\u0130Z YOK!<\/strong>Asgari&nbsp;\u00fccretlinin ve emeklinin ya\u015fad\u0131\u011f\u0131 ge\u00e7im sorununu duyulmas\u0131 gerekti\u011fi konusunda ele\u015ftirilerde bulunan Ekmen,&nbsp;\u201cAsgari&nbsp;\u00fccretlinin veya emeklinin ekonomik durumunun konu\u015fuldu\u011fu bir oturumda iktidar partisi s\u0131ralar\u0131n\u0131n daha dolu olmas\u0131n\u0131, hi\u00e7 olmazsa vatanda\u015ftan buraya yans\u0131yan \u015fik\u00e2yetlerin, sitemlerin daha kula\u011f\u0131 a\u00e7\u0131k bir \u015fekilde dinlenmesini beklerdik. Uzunca bir s\u00fcredir ekonomi politikalar\u0131n\u0131 sadece finans ve makro politikalar\u0131 d\u00fczenlemek oldu\u011funu var say\u0131yorsunuz. &nbsp;D\u00fcnya Bankas\u0131 ya da IMF T\u00fcrkiye&#8217;ye bir program dayatacak olsa asgari \u00fccretliye, emekliye, en alt gelir grubuna daha merhametli ve \u015fefkatli yakla\u015f\u0131rd\u0131. &nbsp;Hem rakamsal olarak hem de oransal olarak cumhuriyet tarihinin en y\u00fcksek faiz b\u00fct\u00e7esine karar verilmi\u015fken emeklinin ve asgari \u00fccretlinin de\u011fil taleplerinin kar\u015f\u0131lanmas\u0131, seslerinin bile duyulmas\u0131na mecaliniz yok\u201d ifadelerini kulland\u0131.&nbsp;<strong>BU YIL EMEKL\u0130 \u0130\u00c7\u0130N YOKLUK, SEFALET YILI OLACAK!<\/strong>AK Parti milletvekillerine emeklinin sofras\u0131na en son ne oturdunuz diye soran Ekmen, \u015f\u00f6yle devam etti;&nbsp;\u201cBir asgari \u00fccretlinin ald\u0131\u011f\u0131 maa\u015fla nas\u0131l ge\u00e7indi\u011fini,&nbsp;\u00e7olu\u011funun \u00e7ocu\u011funun en temel g\u0131da ihtiyac\u0131n\u0131, minimum giysi ihtiyac\u0131n\u0131, okula gidiyorsa servis \u00fccretini, i\u015fe gidiyorsa yine dolmu\u015f-otob\u00fcs \u00fccretini nas\u0131l kar\u015f\u0131lad\u0131\u011f\u0131n\u0131 en son ne zaman dinlediniz bilmiyorum ama emeklinin de asgari \u00fccretlinin de derdini size anlatacak kadar dahi bir mecali kalmam\u0131\u015f durumda. B\u00fct\u00e7eyi faize, faizciye, tefeciye, o \u00e7ok sevdi\u011finiz ifadeyle Londra tefecilerine g\u00f6re d\u00fczenleyip T\u00fcrkiye Cumhuriyeti vatanda\u015flar\u0131n\u0131 yok sayd\u0131n\u0131z. Bu b\u00fct\u00e7ede ve daha d\u00fcn a\u00e7\u0131klanan emekliye zam oranlar\u0131 ile bu y\u0131l bir kez daha emekli i\u00e7in yokluk, sefalet ve a\u00e7l\u0131k y\u0131l\u0131 olarak kayda ge\u00e7ecektir.\u201d&nbsp;<strong>\u201c<\/strong><strong>BU AYIP ASGAR\u0130 \u00dcCRETL\u0130YE YAPILAN AYIP\u201d<\/strong>T\u00fcrkiye Emekliler Derne\u011fi Ba\u015fkan\u0131 Kaz\u0131m Erg\u00fcn\u2019\u00fcn&nbsp;\u201cemeklinin sabretmeye niyeti olsa da b\u00f6yle bir \u015fey s\u00f6z konusu de\u011fil ama bu kadar vakti ve&nbsp;\u00f6mr\u00fc de yok. Emekli herh\u00e2lde ancak&nbsp;\u00f6ld\u00fckten sonra zamm\u0131 g\u00f6recek\u201d ifadelerini hat\u0131rlatan Ekmen, emeklinin art\u0131k sa\u011fl\u0131kl\u0131 bir ya\u015fam\u0131n gere\u011fi olan beslenmeyi dahi kar\u015f\u0131layamad\u0131\u011f\u0131n\u0131 s\u00f6ylemesinin ard\u0131ndan AK Parti s\u0131ralar\u0131nda&nbsp;\u201cay\u0131p oluyor\u201d s\u00f6zlerine yan\u0131t vererek,&nbsp;\u201cEvet, ay\u0131p oluyor ama bu ay\u0131p benim s\u00f6zlerimde de\u011fil. Bu ay\u0131p emeklili\u011fe yap\u0131lan ay\u0131p, bu ay\u0131p asgari&nbsp;\u00fccretliye yap\u0131lan ay\u0131p. Bizim bug\u00fcn emekli i\u00e7in, asgari&nbsp;\u00fccretli i\u00e7in e\u011fer g\u00f6zlerinin i\u00e7ine bakarak konu\u015facak, e\u011fer sofralar\u0131na konuk olarak \u00e7orbalar\u0131n\u0131 payla\u015facak bir mecaliniz varsa buyurunuz, emekliyle, asgari \u00fccretliyle bulu\u015funuz, de\u011filse burada s\u00f6ylenenlere kulaklar\u0131n\u0131z\u0131 t\u0131kamay\u0131n\u0131z diyorum\u201d de\u011ferlendirmesinde bulundu.<\/td><\/tr><\/tbody><\/table><\/figure>\n","protected":false},"excerpt":{"rendered":"<p>DEVA Partisi Genel Ba\u015fkan Yard\u0131mc\u0131s\u0131 Mehmet Emin Ekmen, TBMM Genel Kurulunda asgari \u00fccretlinin ve emeklinin sorunlar\u0131 \u00fczerine konu\u015ftu.&nbsp;AK Parti milletvekillerine emeklinin ve asgari \u00fccretlinin sofras\u0131na en son ne zaman oturdunuz diye soran Ekmen, emeklinin art\u0131k sa\u011fl\u0131kl\u0131 bir ya\u015fam\u0131n gere\u011fi olan beslenmeyi dahi yapamad\u0131\u011f\u0131n\u0131 s\u00f6ylemesinin ard\u0131ndan AK Parti s\u0131ralar\u0131nda&nbsp;\u201cay\u0131p oluyor\u201d s\u00f6zlerine yan\u0131t vererek,&nbsp;\u201cEvet, ay\u0131p oluyor ama [&hellip;]<\/p>\n","protected":false},"author":2,"featured_media":38529,"comment_status":"closed","ping_status":"closed","sticky":false,"template":"","format":"standard","meta":{"footnotes":""},"categories":[3],"tags":[],"class_list":["post-38528","post","type-post","status-publish","format-standard","has-post-thumbnail","hentry","category-manset"],"views":3,"_links":{"self":[{"href":"https:\/\/mersinkadingazetesi.com\/index.php?rest_route=\/wp\/v2\/posts\/38528"}],"collection":[{"href":"https:\/\/mersinkadingazetesi.com\/index.php?rest_route=\/wp\/v2\/posts"}],"about":[{"href":"https:\/\/mersinkadingazetesi.com\/index.php?rest_route=\/wp\/v2\/types\/post"}],"author":[{"embeddable":true,"href":"https:\/\/mersinkadingazetesi.com\/index.php?rest_route=\/wp\/v2\/users\/2"}],"replies":[{"embeddable":true,"href":"https:\/\/mersinkadingazetesi.com\/index.php?rest_route=%2Fwp%2Fv2%2Fcomments&post=38528"}],"version-history":[{"count":1,"href":"https:\/\/mersinkadingazetesi.com\/index.php?rest_route=\/wp\/v2\/posts\/38528\/revisions"}],"predecessor-version":[{"id":38530,"href":"https:\/\/mersinkadingazetesi.com\/index.php?rest_route=\/wp\/v2\/posts\/38528\/revisions\/38530"}],"wp:featuredmedia":[{"embeddable":true,"href":"https:\/\/mersinkadingazetesi.com\/index.php?rest_route=\/wp\/v2\/media\/38529"}],"wp:attachment":[{"href":"https:\/\/mersinkadingazetesi.com\/index.php?rest_route=%2Fwp%2Fv2%2Fmedia&parent=38528"}],"wp:term":[{"taxonomy":"category","embeddable":true,"href":"https:\/\/mersinkadingazetesi.com\/index.php?rest_route=%2Fwp%2Fv2%2Fcategories&post=38528"},{"taxonomy":"post_tag","embeddable":true,"href":"https:\/\/mersinkadingazetesi.com\/index.php?rest_route=%2Fwp%2Fv2%2Ftags&post=38528"}],"curies":[{"name":"wp","href":"https:\/\/api.w.org\/{rel}","templated":true}]}}