{"id":38531,"date":"2025-01-08T17:29:23","date_gmt":"2025-01-08T14:29:23","guid":{"rendered":"https:\/\/mersinkadingazetesi.com\/?p=38531"},"modified":"2025-01-08T17:29:24","modified_gmt":"2025-01-08T14:29:24","slug":"mezitli-belediyesi-reformer-pilates-studyosu-acildi","status":"publish","type":"post","link":"https:\/\/mersinkadingazetesi.com\/?p=38531","title":{"rendered":"MEZ\u0130TL\u0130 BELED\u0130YES\u0130 REFORMER P\u0130LATES ST\u00dcDYOSU A\u00c7ILDI"},"content":{"rendered":"\n<p>Mezitli Belediyesi&#8221;\u00dc\u00e7 G\u00fcnde \u00dc\u00e7 A\u00e7\u0131l\u0131\u015f Projesi&#8221; kapsam\u0131nda, ikinci a\u00e7\u0131l\u0131\u015f\u0131n\u0131 vatanda\u015flar\u0131 sa\u011fl\u0131kl\u0131 ya\u015fama te\u015fvik etmek amac\u0131yla ba\u015flatt\u0131\u011f\u0131 Reformer Pilates St\u00fcdyosuile ger\u00e7ekle\u015ftirdi. Mehmet Altun\u00f6ren Gen\u00e7lik Merkezi&#8217;nde a\u00e7\u0131l\u0131\u015f\u0131 yap\u0131lan st\u00fcdyo, vatanda\u015flar\u0131n daha sa\u011fl\u0131kl\u0131 bir ya\u015fam s\u00fcrmelerini desteklemek amac\u0131yla profesyonel e\u011fitmenler e\u015fli\u011finde reformer pilates seanslar\u0131 sunacak.<\/p>\n\n\n\n<p>A\u00e7\u0131l\u0131\u015f t\u00f6renine Mezitli Belediye Ba\u015fkan\u0131 Ahmet Serkan Tuncer&#8217;in yan\u0131 s\u0131ra \u00e7ok say\u0131da muhtar, kursiyer ve vatanda\u015f kat\u0131l\u0131m sa\u011flad\u0131. Ba\u015fkan Tuncer, yapt\u0131\u011f\u0131 konu\u015fmada, &#8220;Halk\u0131m\u0131z\u0131n sa\u011fl\u0131kl\u0131 bir ya\u015fam s\u00fcrmesi i\u00e7in belediye olarak pek \u00e7ok projeyi hayata ge\u00e7iriyoruz. Bu st\u00fcdyo ile vatanda\u015flar\u0131m\u0131za uygun fiyatlarla profesyonel pilates hizmeti sunarak, sa\u011fl\u0131kl\u0131 bir ya\u015fam yolunda \u00f6nemli bir ad\u0131m daha at\u0131yoruz. Belediyemiz, vatanda\u015flar\u0131m\u0131z\u0131n spor yapmalar\u0131n\u0131 desteklemeye devam edecek ve her kesimden insana ula\u015fmak i\u00e7in \u00e7al\u0131\u015fmalar\u0131n\u0131 s\u00fcrd\u00fcrecektir&#8221; dedi.<\/p>\n\n\n\n<p><strong>SA\u011eLIKLI YA\u015eAMA TE\u015eV\u0130K ED\u0130L\u0130YOR<\/strong><\/p>\n\n\n\n<p>Reformer pilates seanslar\u0131na kat\u0131lmak isteyen vatanda\u015flar, uygun fiyatlarla bu hizmetten yararlanabilecek. Vatanda\u015flar dersleri Mehmet Altun\u00f6ren Gen\u00e7lik Merkezi&#8217;nde al\u0131rken,Kay\u0131t i\u015flemleri ve yedek ba\u015fvurular i\u00e7in Mezitli Belediyesi K\u00fclt\u00fcr Merkezi&#8217;ne ba\u015fvurulabilecek. Mezitli Belediyesi, sa\u011fl\u0131kl\u0131 ya\u015fam\u0131 desteklemek ve sporun herkes i\u00e7in eri\u015filebilir olmas\u0131n\u0131 sa\u011flamak amac\u0131yla projelerini s\u00fcrd\u00fcrmeye devam ediyor.<\/p>\n","protected":false},"excerpt":{"rendered":"<p>Mezitli Belediyesi&#8221;\u00dc\u00e7 G\u00fcnde \u00dc\u00e7 A\u00e7\u0131l\u0131\u015f Projesi&#8221; kapsam\u0131nda, ikinci a\u00e7\u0131l\u0131\u015f\u0131n\u0131 vatanda\u015flar\u0131 sa\u011fl\u0131kl\u0131 ya\u015fama te\u015fvik etmek amac\u0131yla ba\u015flatt\u0131\u011f\u0131 Reformer Pilates St\u00fcdyosuile ger\u00e7ekle\u015ftirdi. Mehmet Altun\u00f6ren Gen\u00e7lik Merkezi&#8217;nde a\u00e7\u0131l\u0131\u015f\u0131 yap\u0131lan st\u00fcdyo, vatanda\u015flar\u0131n daha sa\u011fl\u0131kl\u0131 bir ya\u015fam s\u00fcrmelerini desteklemek amac\u0131yla profesyonel e\u011fitmenler e\u015fli\u011finde reformer pilates seanslar\u0131 sunacak. A\u00e7\u0131l\u0131\u015f t\u00f6renine Mezitli Belediye Ba\u015fkan\u0131 Ahmet Serkan Tuncer&#8217;in yan\u0131 s\u0131ra \u00e7ok say\u0131da muhtar, [&hellip;]<\/p>\n","protected":false},"author":2,"featured_media":38532,"comment_status":"closed","ping_status":"closed","sticky":false,"template":"","format":"standard","meta":{"footnotes":""},"categories":[3,10],"tags":[],"class_list":["post-38531","post","type-post","status-publish","format-standard","has-post-thumbnail","hentry","category-manset","category-spor"],"views":10,"_links":{"self":[{"href":"https:\/\/mersinkadingazetesi.com\/index.php?rest_route=\/wp\/v2\/posts\/38531"}],"collection":[{"href":"https:\/\/mersinkadingazetesi.com\/index.php?rest_route=\/wp\/v2\/posts"}],"about":[{"href":"https:\/\/mersinkadingazetesi.com\/index.php?rest_route=\/wp\/v2\/types\/post"}],"author":[{"embeddable":true,"href":"https:\/\/mersinkadingazetesi.com\/index.php?rest_route=\/wp\/v2\/users\/2"}],"replies":[{"embeddable":true,"href":"https:\/\/mersinkadingazetesi.com\/index.php?rest_route=%2Fwp%2Fv2%2Fcomments&post=38531"}],"version-history":[{"count":1,"href":"https:\/\/mersinkadingazetesi.com\/index.php?rest_route=\/wp\/v2\/posts\/38531\/revisions"}],"predecessor-version":[{"id":38533,"href":"https:\/\/mersinkadingazetesi.com\/index.php?rest_route=\/wp\/v2\/posts\/38531\/revisions\/38533"}],"wp:featuredmedia":[{"embeddable":true,"href":"https:\/\/mersinkadingazetesi.com\/index.php?rest_route=\/wp\/v2\/media\/38532"}],"wp:attachment":[{"href":"https:\/\/mersinkadingazetesi.com\/index.php?rest_route=%2Fwp%2Fv2%2Fmedia&parent=38531"}],"wp:term":[{"taxonomy":"category","embeddable":true,"href":"https:\/\/mersinkadingazetesi.com\/index.php?rest_route=%2Fwp%2Fv2%2Fcategories&post=38531"},{"taxonomy":"post_tag","embeddable":true,"href":"https:\/\/mersinkadingazetesi.com\/index.php?rest_route=%2Fwp%2Fv2%2Ftags&post=38531"}],"curies":[{"name":"wp","href":"https:\/\/api.w.org\/{rel}","templated":true}]}}