{"id":38545,"date":"2025-01-09T13:30:43","date_gmt":"2025-01-09T10:30:43","guid":{"rendered":"https:\/\/mersinkadingazetesi.com\/?p=38545"},"modified":"2025-01-09T13:30:43","modified_gmt":"2025-01-09T10:30:43","slug":"erkilinctan-10-ocak-calisan-gazeteciler-gunu-mesaji","status":"publish","type":"post","link":"https:\/\/mersinkadingazetesi.com\/?p=38545","title":{"rendered":"Erk\u0131l\u0131n\u00e7&#8217;tan 10 Ocak \u00c7al\u0131\u015fan Gazeteciler G\u00fcn\u00fc mesaj\u0131"},"content":{"rendered":"\n<p><strong>Bas\u0131n \u0130lan Kurumu Genel M\u00fcd\u00fcr\u00fc Cavit Erk\u0131l\u0131n\u00e7, yay\u0131mlad\u0131\u011f\u0131 mesajla bas\u0131n \u00e7al\u0131\u015fanlar\u0131n\u0131n 10 Ocak \u00c7al\u0131\u015fan Gazeteciler G\u00fcn\u00fc&#8217;n\u00fc kutlad\u0131.<\/strong><\/p>\n\n\n\n<p>Bas\u0131n \u0130lan Kurumu Genel M\u00fcd\u00fcr\u00fc Cavit Erk\u0131l\u0131n\u00e7, sa\u011fl\u0131kl\u0131 bir demokratik sistemin vazge\u00e7ilmez unsuru olan bas\u0131n\u0131n kamuoyunun do\u011fru bilgilendirilmesinde, toplumun ilerlemesinde ve medeniyetin in\u015fas\u0131nda hayati g\u00f6rev \u00fcstlendi\u011fini kaydetti.<\/p>\n\n\n\n<p>&#8220;Evrensel meslek ilkelerine sadakatle ba\u011fl\u0131, hukuki de\u011ferler temelinde ki\u015filik haklar\u0131na sayg\u0131y\u0131 \u00f6nceleyen gazetecilerimiz; mesle\u011fin sayg\u0131nl\u0131\u011f\u0131n\u0131 art\u0131rmakta, medyaya duyulan g\u00fcveni g\u00fc\u00e7lendirmekte ve demokrasimizin geli\u015fimine katk\u0131 sunmaktad\u0131r&#8221; diyen Erk\u0131l\u0131n\u00e7, son derece k\u0131ymetli olan bu anlay\u0131\u015f\u0131n gelece\u011fin gazetecilerinin yolunu ayd\u0131nlat\u0131p onlara rehberlik etti\u011fini belirtti.<\/p>\n\n\n\n<p>Kutlama mesaj\u0131nda teknolojik geli\u015fmelerin medyaya olan etkilerini de\u011ferlendiren Genel M\u00fcd\u00fcr Erk\u0131l\u0131n\u00e7, &#8220;Son 20 y\u0131lda ileti\u015fim teknolojilerinde ya\u015fanan geli\u015fmeler sonucunda medyan\u0131n haber kaynaklar\u0131na eri\u015fimi, i\u00e7erik \u00fcretimi ve kitlelere aktar\u0131m\u0131 kolayla\u015f\u0131rken; mecralar\u0131n \u00e7e\u015fitlenmesi ve fiziki s\u0131n\u0131rlar\u0131n ortadan kalkmas\u0131yla bilginin yay\u0131l\u0131m\u0131 h\u0131zlanm\u0131\u015f, mesajlar\u0131n etki g\u00fcc\u00fc artm\u0131\u015f, olumlu veya olumsuz her t\u00fcrl\u00fc yans\u0131ma k\u0131sa s\u00fcrede al\u0131nabilir hale gelmi\u015ftir. Bu durum, ulusal ve uluslararas\u0131 \u00f6l\u00e7ekte stratejik \u00f6nemi her ge\u00e7en g\u00fcn artan bas\u0131n\u0131n, karar vericilere n\u00fcfuz edebilme kabiliyetini ne yaz\u0131k ki mesleki s\u0131n\u0131rlar\u0131n\u0131 a\u015facak \u015fekilde kullan\u0131labilmesinin de \u00f6n\u00fcn\u00fc a\u00e7m\u0131\u015ft\u0131r&#8221; ifadelerini kulland\u0131.<\/p>\n\n\n\n<p>\u00dclkemizin g\u00f6n\u00fcl co\u011frafyas\u0131n\u0131n fiziki hudutlar\u0131n \u00e7ok \u00f6tesinde oldu\u011funun yeniden hissedildi\u011fi bir d\u00f6nemde, mill\u00ee g\u00fcvenlik a\u00e7\u0131s\u0131ndan gazetecilerin durdu\u011fu konumun ve g\u00f6zetecekleri hassas dengenin son derece \u00f6nemli oldu\u011funu vurgulayan Erk\u0131l\u0131n\u00e7, &#8220;Medya ara\u00e7lar\u0131 vas\u0131tas\u0131yla \u00fclkemize, milletimize ve de\u011ferlerimize y\u00f6nelik dezenformasyon ve manip\u00fclasyon ba\u015fta olmak \u00fczere maksad\u0131 belli t\u00fcm giri\u015fimlere kar\u015f\u0131 m\u00fccadelede, b\u00f6lgemizde ve d\u00fcnyada ya\u015fananlara duyarl\u0131, \u00fcstlendi\u011fi sorumlulu\u011fun bilincindeki gazetecilere her zamankinden daha fazla ihtiyac\u0131m\u0131z bulunmaktad\u0131r&#8221; dedi.<\/p>\n\n\n\n<p>Bas\u0131n \u0130lan Kurumu&#8217;nun her konuda T\u00fcrk bas\u0131n\u0131n\u0131n yan\u0131nda oldu\u011funun alt\u0131n\u0131 \u00e7izen Erk\u0131l\u0131n\u00e7, mesaj\u0131n\u0131 \u015fu s\u00f6zlerle tamamlad\u0131:<\/p>\n\n\n\n<p>&#8220;Bas\u0131n \u0130lan Kurumu olarak payda\u015f kurumlar\u0131m\u0131zla i\u015f birli\u011fi i\u00e7inde T\u00fcrk bas\u0131n\u0131n\u0131n yetkinliklerinin geli\u015ftirilmesi ve iktisadi y\u00f6nden g\u00fc\u00e7lendirilmesine y\u00f6nelik her t\u00fcrl\u00fc ad\u0131m\u0131 atmaya; bas\u0131n \u00e7al\u0131\u015fanlar\u0131n\u0131n hak aray\u0131\u015f\u0131nda yanlar\u0131nda durmaya devam edece\u011fiz. Sosyal sorumluluklar\u0131m\u0131z\u0131n bilincinde; resm\u00ee ilan ve reklamlar\u0131n objektif kriterler g\u00f6zetilerek tarafs\u0131z \u015fekilde da\u011f\u0131t\u0131lmas\u0131na dair kararl\u0131l\u0131\u011f\u0131m\u0131z\u0131 koruyaca\u011f\u0131z. Bu duygu ve d\u00fc\u015f\u00fcncelerle gece g\u00fcnd\u00fcz demeden g\u00f6revlerini fedak\u00e2rca yerine getiren, hakikatin pe\u015finde ko\u015fan gazetecilerin 10 Ocak \u00c7al\u0131\u015fan Gazeteciler G\u00fcn\u00fcn\u00fc kutluyorum.&#8221;<\/p>\n","protected":false},"excerpt":{"rendered":"<p>Bas\u0131n \u0130lan Kurumu Genel M\u00fcd\u00fcr\u00fc Cavit Erk\u0131l\u0131n\u00e7, yay\u0131mlad\u0131\u011f\u0131 mesajla bas\u0131n \u00e7al\u0131\u015fanlar\u0131n\u0131n 10 Ocak \u00c7al\u0131\u015fan Gazeteciler G\u00fcn\u00fc&#8217;n\u00fc kutlad\u0131. Bas\u0131n \u0130lan Kurumu Genel M\u00fcd\u00fcr\u00fc Cavit Erk\u0131l\u0131n\u00e7, sa\u011fl\u0131kl\u0131 bir demokratik sistemin vazge\u00e7ilmez unsuru olan bas\u0131n\u0131n kamuoyunun do\u011fru bilgilendirilmesinde, toplumun ilerlemesinde ve medeniyetin in\u015fas\u0131nda hayati g\u00f6rev \u00fcstlendi\u011fini kaydetti. &#8220;Evrensel meslek ilkelerine sadakatle ba\u011fl\u0131, hukuki de\u011ferler temelinde ki\u015filik haklar\u0131na sayg\u0131y\u0131 [&hellip;]<\/p>\n","protected":false},"author":2,"featured_media":38546,"comment_status":"closed","ping_status":"closed","sticky":false,"template":"","format":"standard","meta":{"footnotes":""},"categories":[3],"tags":[],"class_list":["post-38545","post","type-post","status-publish","format-standard","has-post-thumbnail","hentry","category-manset"],"views":5,"_links":{"self":[{"href":"https:\/\/mersinkadingazetesi.com\/index.php?rest_route=\/wp\/v2\/posts\/38545"}],"collection":[{"href":"https:\/\/mersinkadingazetesi.com\/index.php?rest_route=\/wp\/v2\/posts"}],"about":[{"href":"https:\/\/mersinkadingazetesi.com\/index.php?rest_route=\/wp\/v2\/types\/post"}],"author":[{"embeddable":true,"href":"https:\/\/mersinkadingazetesi.com\/index.php?rest_route=\/wp\/v2\/users\/2"}],"replies":[{"embeddable":true,"href":"https:\/\/mersinkadingazetesi.com\/index.php?rest_route=%2Fwp%2Fv2%2Fcomments&post=38545"}],"version-history":[{"count":1,"href":"https:\/\/mersinkadingazetesi.com\/index.php?rest_route=\/wp\/v2\/posts\/38545\/revisions"}],"predecessor-version":[{"id":38547,"href":"https:\/\/mersinkadingazetesi.com\/index.php?rest_route=\/wp\/v2\/posts\/38545\/revisions\/38547"}],"wp:featuredmedia":[{"embeddable":true,"href":"https:\/\/mersinkadingazetesi.com\/index.php?rest_route=\/wp\/v2\/media\/38546"}],"wp:attachment":[{"href":"https:\/\/mersinkadingazetesi.com\/index.php?rest_route=%2Fwp%2Fv2%2Fmedia&parent=38545"}],"wp:term":[{"taxonomy":"category","embeddable":true,"href":"https:\/\/mersinkadingazetesi.com\/index.php?rest_route=%2Fwp%2Fv2%2Fcategories&post=38545"},{"taxonomy":"post_tag","embeddable":true,"href":"https:\/\/mersinkadingazetesi.com\/index.php?rest_route=%2Fwp%2Fv2%2Ftags&post=38545"}],"curies":[{"name":"wp","href":"https:\/\/api.w.org\/{rel}","templated":true}]}}