{"id":38548,"date":"2025-01-09T13:34:15","date_gmt":"2025-01-09T10:34:15","guid":{"rendered":"https:\/\/mersinkadingazetesi.com\/?p=38548"},"modified":"2025-01-09T13:34:16","modified_gmt":"2025-01-09T10:34:16","slug":"dayanisma-icin-spor-projesi","status":"publish","type":"post","link":"https:\/\/mersinkadingazetesi.com\/?p=38548","title":{"rendered":"\u201cDayan\u0131\u015fma \u0130\u00e7in Spor Projesi\u201d"},"content":{"rendered":"\n<p>Gen\u00e7lik ve Spor Bakanl\u0131\u011f\u0131\u2019n\u0131n \u00f6nc\u00fcl\u00fc\u011f\u00fcnde y\u00fcr\u00fct\u00fclen ve Olympic Refuge Foundation (ORF) taraf\u0131ndan desteklenen \u201cDayan\u0131\u015fma \u0130\u00e7in Spor Projesi\u201d kapsam\u0131nda d\u00f6nem i\u00e7i etkinli\u011fi d\u00fczenlendi.<\/p>\n\n\n\n<p>Proje \u00e7er\u00e7evesinde ger\u00e7ekle\u015ftirilen D\u00f6nem \u0130\u00e7i Etkinlik ve Malzeme Da\u011f\u0131t\u0131m T\u00f6reni, T\u00fcrkiye Milli Olimpiyat Komitesi\u2019nin Oli Sportif Fark\u0131ndal\u0131k Etkinli\u011fi ile birle\u015ftirilerek anlaml\u0131 bir bulu\u015fmaya d\u00f6n\u00fc\u015ft\u00fc.<\/p>\n\n\n\n<p>Etkinlikte, sporun dayan\u0131\u015fma, birlik ve e\u015fitlik ilkelerine olan katk\u0131s\u0131na vurgu yap\u0131ld\u0131. Proje kapsam\u0131nda farkl\u0131 ya\u015f gruplar\u0131ndan gen\u00e7ler ve \u00e7ocuklar bir araya gelirken, sporun iyile\u015ftirici ve birle\u015ftirici g\u00fcc\u00fc bir kez daha ortaya konuldu.<\/p>\n\n\n\n<p>Malzeme Da\u011f\u0131t\u0131m T\u00f6reni\u2019nde gen\u00e7lere spor ekipmanlar\u0131 ve malzemeleri hediye edilirken, T\u00fcrkiye Milli Olimpiyat Komitesi\u2019nin d\u00fczenledi\u011fi Oli Sportif Fark\u0131ndal\u0131k Etkinli\u011fi, spor k\u00fclt\u00fcr\u00fcn\u00fc yayg\u0131nla\u015ft\u0131rmay\u0131 ve sa\u011fl\u0131kl\u0131 bir ya\u015fam\u0131n \u00f6nemine dikkat \u00e7ekti.<\/p>\n\n\n\n<p>Mersin Gen\u00e7lik ve Spor \u0130l M\u00fcd\u00fcr\u00fc G\u00f6ksun \u00d6z programda yapt\u0131\u011f\u0131 konu\u015fmas\u0131nda, bu t\u00fcr projelerin sosyal uyumu g\u00fc\u00e7lendirdi\u011fini ve gen\u00e7lerin spora kat\u0131l\u0131m\u0131n\u0131 te\u015fvik etti\u011fini belirterek \u015funlar\u0131 s\u00f6yledi; &#8220;Bug\u00fcn burada, Gen\u00e7lik ve Spor Bakanl\u0131\u011f\u0131m\u0131z\u0131n \u00f6nc\u00fcl\u00fc\u011f\u00fcnde y\u00fcr\u00fct\u00fclen ve Olympic Refuge Foundation (ORF) taraf\u0131ndan desteklenen \u201cDayan\u0131\u015fma \u0130\u00e7in Spor Projesi\u201d \u00e7er\u00e7evesinde d\u00fczenlenen D\u00f6nem \u0130\u00e7i Etkinlik, Malzeme Da\u011f\u0131t\u0131m T\u00f6reni ve T\u00fcrkiye Milli Olimpiyat Komitesi\u2019nin Oli Sportif Fark\u0131ndal\u0131k Etkinli\u011fi vesilesiyle bir araya gelmi\u015f bulunuyoruz.<\/p>\n\n\n\n<p>Bu anlaml\u0131 projede, sporun birle\u015ftirici g\u00fcc\u00fcnden faydalanarak ge\u00e7ici korunma alt\u0131ndaki gen\u00e7lerimiz ile ev sahibi topluluklar\u0131m\u0131z aras\u0131nda sosyal uyumu g\u00fc\u00e7lendirmeyi ama\u00e7l\u0131yoruz. 2019 y\u0131l\u0131nda &#8220;Spor ile Sosyal Uyum&#8221; ismiyle hayata ge\u00e7en ve 2022 y\u0131l\u0131nda kapsam\u0131 geni\u015fletilerek \u201cDayan\u0131\u015fma \u0130\u00e7in Spor\u201d ad\u0131n\u0131 alan bu projede, gen\u00e7lerimizin sporla hem fiziksel hem de sosyal geli\u015fimlerini desteklemeye devam ediyoruz.<\/p>\n\n\n\n<p>Projemiz, \u00fclkemizin d\u00f6rt bir yan\u0131ndaki Mersin ile birlikte 7 ilimizde ba\u015far\u0131yla uygulanmaktad\u0131r. 7-18 ya\u015f aral\u0131\u011f\u0131ndaki yakla\u015f\u0131k 300 \u00f6\u011frenci, taekwondo, y\u00fczme, basketbol, futbol gibi toplam 10 farkl\u0131 spor bran\u015f\u0131nda e\u011fitim alarak hem spor yapma hem de sosyal becerilerini geli\u015ftirme imk\u00e2n\u0131 buluyor. \u00c7ocuklar\u0131m\u0131z, de\u011ferli antren\u00f6rlerimizin rehberli\u011finde disiplin, tak\u0131m ruhu ve \u00f6z g\u00fcven kazan\u0131rken, ayn\u0131 zamanda sosyal uyumlar\u0131n\u0131 peki\u015ftiriyor.<\/p>\n\n\n\n<p>Projenin en \u00f6nemli unsurlar\u0131ndan biri de yaln\u0131zca spor e\u011fitimi ile s\u0131n\u0131rl\u0131 kalmamas\u0131, ayn\u0131 zamanda \u00e7ocuklar\u0131m\u0131z\u0131 \u00e7ok y\u00f6nl\u00fc olarak desteklemesidir.<\/p>\n\n\n\n<p>Bu kapsamda d\u00fczenlenen spor festivalleri, etkinlikler ve fark\u0131ndal\u0131k e\u011fitimleri ile gen\u00e7lerimiz; sa\u011fl\u0131kl\u0131 beslenme, hijyen, \u00e7ocuk haklar\u0131, toplumsal cinsiyet e\u015fitli\u011fi ve teknoloji ba\u011f\u0131ml\u0131l\u0131\u011f\u0131 gibi konularda bilin\u00e7lenmektedir. B\u00f6ylelikle, sporun ruhuyla birle\u015ftirilen bu de\u011ferli e\u011fitimler, gen\u00e7lerimizin hayat\u0131na dokunan \u00f6nemli bir katk\u0131 sunmaktad\u0131r. Bug\u00fcne kadar 11 farkl\u0131 milletten 3291 \u00f6\u011frenci bu projeden faydalanarak sporun ve dayan\u0131\u015fman\u0131n g\u00fczelliklerini deneyimlemi\u015ftir.<\/p>\n\n\n\n<p>Spor, yaln\u0131zca fiziksel bir aktivite de\u011fil, ayn\u0131 zamanda bireylerin ve toplumlar\u0131n kayna\u015fmas\u0131n\u0131 sa\u011flayan, dostluk, karde\u015flik ve dayan\u0131\u015fmay\u0131 peki\u015ftiren evrensel bir dildir. Bu do\u011frultuda, Dayan\u0131\u015fma \u0130\u00e7in Spor Projesi, gen\u00e7lerimize sporun birle\u015ftirici g\u00fcc\u00fcn\u00fc hissettirirken, onlar\u0131n kendilerini ifade etmelerine, yeteneklerini ke\u015ffetmelerine ve hayatlar\u0131na de\u011fer katmalar\u0131na imk\u00e2n tan\u0131maktad\u0131r.<\/p>\n\n\n\n<p>Bu projede eme\u011fi ge\u00e7en herkese, antren\u00f6rlerimize, ailelerimize ve projenin uygulanmas\u0131nda desteklerini esirgemeyen t\u00fcm payda\u015flar\u0131m\u0131za y\u00fcrekten te\u015fekk\u00fcr ediyorum. Olympic Refuge Foundation\u2019a ve T\u00fcrkiye Milli Olimpiyat Komitesi\u2019ne ayr\u0131ca \u015f\u00fckranlar\u0131m\u0131 sunuyorum. Siz de\u011ferli misafirlerimizin, bu anlaml\u0131 projeye verdi\u011finiz destek de gen\u00e7lerimize ilham olmaktad\u0131r.<\/p>\n\n\n\n<p>Unutmayal\u0131m ki, her bir gencimizin umudu, hayalleri ve potansiyeli vard\u0131r. Bizler, onlara f\u0131rsat tan\u0131d\u0131\u011f\u0131m\u0131zda inan\u0131yorum ki, bu gen\u00e7ler yar\u0131nlar\u0131m\u0131z\u0131 daha g\u00fczel yar\u0131nlara ta\u015f\u0131yacaklard\u0131r.<br>Bu vesileyle, projenin t\u00fcm kat\u0131l\u0131mc\u0131lar\u0131na ba\u015far\u0131lar diliyor, hay\u0131rlara vesile olmas\u0131n\u0131 temenni ediyorum.&#8221; dedi.<\/p>\n","protected":false},"excerpt":{"rendered":"<p>Gen\u00e7lik ve Spor Bakanl\u0131\u011f\u0131\u2019n\u0131n \u00f6nc\u00fcl\u00fc\u011f\u00fcnde y\u00fcr\u00fct\u00fclen ve Olympic Refuge Foundation (ORF) taraf\u0131ndan desteklenen \u201cDayan\u0131\u015fma \u0130\u00e7in Spor Projesi\u201d kapsam\u0131nda d\u00f6nem i\u00e7i etkinli\u011fi d\u00fczenlendi. Proje \u00e7er\u00e7evesinde ger\u00e7ekle\u015ftirilen D\u00f6nem \u0130\u00e7i Etkinlik ve Malzeme Da\u011f\u0131t\u0131m T\u00f6reni, T\u00fcrkiye Milli Olimpiyat Komitesi\u2019nin Oli Sportif Fark\u0131ndal\u0131k Etkinli\u011fi ile birle\u015ftirilerek anlaml\u0131 bir bulu\u015fmaya d\u00f6n\u00fc\u015ft\u00fc. Etkinlikte, sporun dayan\u0131\u015fma, birlik ve e\u015fitlik ilkelerine olan katk\u0131s\u0131na [&hellip;]<\/p>\n","protected":false},"author":2,"featured_media":38549,"comment_status":"closed","ping_status":"closed","sticky":false,"template":"","format":"standard","meta":{"footnotes":""},"categories":[3,10],"tags":[],"class_list":["post-38548","post","type-post","status-publish","format-standard","has-post-thumbnail","hentry","category-manset","category-spor"],"views":10,"_links":{"self":[{"href":"https:\/\/mersinkadingazetesi.com\/index.php?rest_route=\/wp\/v2\/posts\/38548"}],"collection":[{"href":"https:\/\/mersinkadingazetesi.com\/index.php?rest_route=\/wp\/v2\/posts"}],"about":[{"href":"https:\/\/mersinkadingazetesi.com\/index.php?rest_route=\/wp\/v2\/types\/post"}],"author":[{"embeddable":true,"href":"https:\/\/mersinkadingazetesi.com\/index.php?rest_route=\/wp\/v2\/users\/2"}],"replies":[{"embeddable":true,"href":"https:\/\/mersinkadingazetesi.com\/index.php?rest_route=%2Fwp%2Fv2%2Fcomments&post=38548"}],"version-history":[{"count":1,"href":"https:\/\/mersinkadingazetesi.com\/index.php?rest_route=\/wp\/v2\/posts\/38548\/revisions"}],"predecessor-version":[{"id":38550,"href":"https:\/\/mersinkadingazetesi.com\/index.php?rest_route=\/wp\/v2\/posts\/38548\/revisions\/38550"}],"wp:featuredmedia":[{"embeddable":true,"href":"https:\/\/mersinkadingazetesi.com\/index.php?rest_route=\/wp\/v2\/media\/38549"}],"wp:attachment":[{"href":"https:\/\/mersinkadingazetesi.com\/index.php?rest_route=%2Fwp%2Fv2%2Fmedia&parent=38548"}],"wp:term":[{"taxonomy":"category","embeddable":true,"href":"https:\/\/mersinkadingazetesi.com\/index.php?rest_route=%2Fwp%2Fv2%2Fcategories&post=38548"},{"taxonomy":"post_tag","embeddable":true,"href":"https:\/\/mersinkadingazetesi.com\/index.php?rest_route=%2Fwp%2Fv2%2Ftags&post=38548"}],"curies":[{"name":"wp","href":"https:\/\/api.w.org\/{rel}","templated":true}]}}