{"id":38555,"date":"2025-01-09T15:29:55","date_gmt":"2025-01-09T12:29:55","guid":{"rendered":"https:\/\/mersinkadingazetesi.com\/?p=38555"},"modified":"2025-01-09T15:29:56","modified_gmt":"2025-01-09T12:29:56","slug":"chp-akdeniz-ilce-baskani-semih-palamut-10-ocak-calisan-gazeteciler-gununu-kutladi","status":"publish","type":"post","link":"https:\/\/mersinkadingazetesi.com\/?p=38555","title":{"rendered":"CHP AKDEN\u0130Z \u0130L\u00c7E BA\u015eKANI SEM\u0130H PALAMUT, 10 OCAK \u00c7ALI\u015eAN GAZETEC\u0130LER G\u00dcN\u00dcN\u00dc KUTLADI"},"content":{"rendered":"\n<p>Cumhuriyet Halk Partisi Akdeniz \u0130l\u00e7e Ba\u015fkan\u0131 Semih Palamut, 10 Ocak \u00c7al\u0131\u015fan Gazeteciler G\u00fcn\u00fc dolay\u0131s\u0131yla bir mesaj yay\u0131mlayarak, gazetecilerin demokrasideki hayati rol\u00fcne vurgu yapt\u0131.<\/p>\n\n\n\n<p>Palamut, &#8220;Gazetecilik, sadece bilgi aktarmak de\u011fil, ayn\u0131 zamanda toplumsal adaletin sa\u011flanmas\u0131nda ve bireylerin haklar\u0131n\u0131 savunmada kritik bir g\u00f6rev \u00fcstlenmektedir. Gazeteciler, toplumun ger\u00e7eklerini ayd\u0131nlatan, sesimizi duyuran cesur bireylerdir&#8221; dedi.<\/p>\n\n\n\n<p>HABER\u0130N G\u00dcC\u00dcNE \u0130NANIYORUZ<\/p>\n\n\n\n<p>Ba\u015fkan Palamut, gazetecilerin yapt\u0131\u011f\u0131 i\u015fin de\u011ferine dikkat \u00e7ekerek, &#8220;Haber, sadece bir bilgi par\u00e7as\u0131 de\u011fil, toplumsal de\u011fi\u015fimin tetikleyicisidir. Gazeteciler, adaletin sa\u011flanmas\u0131 ve kamuoyunun bilin\u00e7lenmesi i\u00e7in \u00e7aba g\u00f6stererek, demokrasimizin temel direklerinden birini olu\u015fturuyorlar&#8221; ifadelerini kulland\u0131.<\/p>\n\n\n\n<p>BA\u011eIMSIZ BASIN, G\u00dc\u00c7L\u00dc TOPLUM<\/p>\n\n\n\n<p>Mesaj\u0131nda, ba\u011f\u0131ms\u0131z ve tarafs\u0131z bir bas\u0131n\u0131n \u00f6nemini vurgulayan Palamut, &#8220;\u00d6zg\u00fcr bas\u0131n, d\u00fc\u015f\u00fcncelerin serbest\u00e7e ifade edildi\u011fi bir ortamda var olabilir. Gazetecilerin, d\u00fc\u015f\u00fcnd\u00fcklerini \u00f6zg\u00fcrce payla\u015fabilmesi, demokratik bir toplum i\u00e7in elzemdir&#8221; dedi.<\/p>\n\n\n\n<p>Bu \u00f6zg\u00fcrl\u00fc\u011f\u00fcn korunmas\u0131n\u0131n, toplumsal bar\u0131\u015f\u0131 sa\u011flayaca\u011f\u0131n\u0131 ifade etti.<\/p>\n\n\n\n<p>GAZETEC\u0130LER\u0130N YANINDAYIZ<\/p>\n\n\n\n<p>Semih Palamut, gazetecilerin kar\u015f\u0131la\u015ft\u0131\u011f\u0131 zorluklara da de\u011finerek, &#8220;Zor zamanlardan ge\u00e7en bas\u0131n mensuplar\u0131m\u0131z, g\u00f6revlerini yerine getirirken b\u00fcy\u00fck s\u0131k\u0131nt\u0131larla kar\u015f\u0131la\u015fabilmektedir. Bizler, gazetecilerin haklar\u0131n\u0131 ve \u00e7al\u0131\u015fma ko\u015fullar\u0131n\u0131 iyile\u015ftirmek i\u00e7in her zaman destek olaca\u011f\u0131m\u0131z\u0131 belirtmek isterim&#8221; \u015feklinde konu\u015ftu.<\/p>\n\n\n\n<p>B\u0130R ARADA DAHA G\u00dc\u00c7L\u00dcY\u00dcZ<\/p>\n\n\n\n<p>Son olarak, Palamut, &#8220;T\u00fcm gazetecilerin 10 Ocak \u00c7al\u0131\u015fan Gazeteciler G\u00fcn\u00fc&#8217;n\u00fc kutluyor, onlar\u0131n \u00f6zverili \u00e7al\u0131\u015fmalar\u0131n\u0131n toplumda yaratt\u0131\u011f\u0131 etkiyi takdirle kar\u015f\u0131l\u0131yorum. Birlikte, daha \u00f6zg\u00fcr, daha adil bir toplum in\u015fa etmek i\u00e7in m\u00fccadelemizi s\u00fcrd\u00fcrece\u011fiz&#8221; diyerek mesaj\u0131n\u0131 sonland\u0131rd\u0131.<\/p>\n","protected":false},"excerpt":{"rendered":"<p>Cumhuriyet Halk Partisi Akdeniz \u0130l\u00e7e Ba\u015fkan\u0131 Semih Palamut, 10 Ocak \u00c7al\u0131\u015fan Gazeteciler G\u00fcn\u00fc dolay\u0131s\u0131yla bir mesaj yay\u0131mlayarak, gazetecilerin demokrasideki hayati rol\u00fcne vurgu yapt\u0131. Palamut, &#8220;Gazetecilik, sadece bilgi aktarmak de\u011fil, ayn\u0131 zamanda toplumsal adaletin sa\u011flanmas\u0131nda ve bireylerin haklar\u0131n\u0131 savunmada kritik bir g\u00f6rev \u00fcstlenmektedir. Gazeteciler, toplumun ger\u00e7eklerini ayd\u0131nlatan, sesimizi duyuran cesur bireylerdir&#8221; dedi. HABER\u0130N G\u00dcC\u00dcNE \u0130NANIYORUZ Ba\u015fkan [&hellip;]<\/p>\n","protected":false},"author":2,"featured_media":38556,"comment_status":"closed","ping_status":"closed","sticky":false,"template":"","format":"standard","meta":{"footnotes":""},"categories":[3],"tags":[],"class_list":["post-38555","post","type-post","status-publish","format-standard","has-post-thumbnail","hentry","category-manset"],"views":6,"_links":{"self":[{"href":"https:\/\/mersinkadingazetesi.com\/index.php?rest_route=\/wp\/v2\/posts\/38555"}],"collection":[{"href":"https:\/\/mersinkadingazetesi.com\/index.php?rest_route=\/wp\/v2\/posts"}],"about":[{"href":"https:\/\/mersinkadingazetesi.com\/index.php?rest_route=\/wp\/v2\/types\/post"}],"author":[{"embeddable":true,"href":"https:\/\/mersinkadingazetesi.com\/index.php?rest_route=\/wp\/v2\/users\/2"}],"replies":[{"embeddable":true,"href":"https:\/\/mersinkadingazetesi.com\/index.php?rest_route=%2Fwp%2Fv2%2Fcomments&post=38555"}],"version-history":[{"count":1,"href":"https:\/\/mersinkadingazetesi.com\/index.php?rest_route=\/wp\/v2\/posts\/38555\/revisions"}],"predecessor-version":[{"id":38557,"href":"https:\/\/mersinkadingazetesi.com\/index.php?rest_route=\/wp\/v2\/posts\/38555\/revisions\/38557"}],"wp:featuredmedia":[{"embeddable":true,"href":"https:\/\/mersinkadingazetesi.com\/index.php?rest_route=\/wp\/v2\/media\/38556"}],"wp:attachment":[{"href":"https:\/\/mersinkadingazetesi.com\/index.php?rest_route=%2Fwp%2Fv2%2Fmedia&parent=38555"}],"wp:term":[{"taxonomy":"category","embeddable":true,"href":"https:\/\/mersinkadingazetesi.com\/index.php?rest_route=%2Fwp%2Fv2%2Fcategories&post=38555"},{"taxonomy":"post_tag","embeddable":true,"href":"https:\/\/mersinkadingazetesi.com\/index.php?rest_route=%2Fwp%2Fv2%2Ftags&post=38555"}],"curies":[{"name":"wp","href":"https:\/\/api.w.org\/{rel}","templated":true}]}}