{"id":38560,"date":"2025-01-09T15:33:05","date_gmt":"2025-01-09T12:33:05","guid":{"rendered":"https:\/\/mersinkadingazetesi.com\/?p=38560"},"modified":"2025-01-09T15:33:06","modified_gmt":"2025-01-09T12:33:06","slug":"cocuklar-icin-bir-araya-geldiler","status":"publish","type":"post","link":"https:\/\/mersinkadingazetesi.com\/?p=38560","title":{"rendered":"\u00c7OCUKLAR \u0130\u00c7\u0130N B\u0130R ARAYA GELD\u0130LER"},"content":{"rendered":"\n<p>Mersin Aile ve Sosyal Hizmetler \u0130l M\u00fcd\u00fcrl\u00fc\u011f\u00fc taraf\u0131ndan d\u00fczenlenen 5395 Say\u0131l\u0131 \u00c7ocuk Koruma Kanunu Koruyucu ve Destekleyici Tedbirler 2025 y\u0131l\u0131 1. Alt Komisyon Toplant\u0131s\u0131nda \u00e7ocuk haklar\u0131 masaya yat\u0131r\u0131ld\u0131.<\/p>\n\n\n\n<p>Mersin Aile ve Sosyal Hizmetler \u0130l M\u00fcd\u00fcrl\u00fc\u011f\u00fc hizmet binas\u0131nda d\u00fczenlenen toplant\u0131ya Mersin Barosu \u00c7ocuk Haklar\u0131 Merkezi Genel Sekreteri Av. Bilge Efe ve y\u00fcr\u00fctme kurulu \u00fcyesi Av. \u0130layda Besra Topal ile \u00e7ocuk alan\u0131nda faaliyet g\u00f6steren payda\u015f kamu kurum ve kurulu\u015f temsilcileri kat\u0131ld\u0131.<\/p>\n\n\n\n<p>Toplant\u0131da \u00e7ocuk haklar\u0131n\u0131n ve refah\u0131n\u0131n korunmas\u0131, geli\u015ftirilmesi ve bu bilincin toplumda yayg\u0131nla\u015ft\u0131r\u0131lmas\u0131 i\u00e7in yap\u0131lacak \u00e7al\u0131\u015fmalar ile kurumlararas\u0131 i\u015f birli\u011finin art\u0131r\u0131lmas\u0131 konular\u0131 ele al\u0131narak, 2025 y\u0131l\u0131nda kurumlar\u0131n i\u015f birli\u011finde yap\u0131lacak \u00e7al\u0131\u015fmalar\u0131n yol haritas\u0131 belirlendi.&nbsp;<\/p>\n","protected":false},"excerpt":{"rendered":"<p>Mersin Aile ve Sosyal Hizmetler \u0130l M\u00fcd\u00fcrl\u00fc\u011f\u00fc taraf\u0131ndan d\u00fczenlenen 5395 Say\u0131l\u0131 \u00c7ocuk Koruma Kanunu Koruyucu ve Destekleyici Tedbirler 2025 y\u0131l\u0131 1. Alt Komisyon Toplant\u0131s\u0131nda \u00e7ocuk haklar\u0131 masaya yat\u0131r\u0131ld\u0131. Mersin Aile ve Sosyal Hizmetler \u0130l M\u00fcd\u00fcrl\u00fc\u011f\u00fc hizmet binas\u0131nda d\u00fczenlenen toplant\u0131ya Mersin Barosu \u00c7ocuk Haklar\u0131 Merkezi Genel Sekreteri Av. Bilge Efe ve y\u00fcr\u00fctme kurulu \u00fcyesi Av. \u0130layda [&hellip;]<\/p>\n","protected":false},"author":2,"featured_media":38561,"comment_status":"closed","ping_status":"closed","sticky":false,"template":"","format":"standard","meta":{"footnotes":""},"categories":[3],"tags":[],"class_list":["post-38560","post","type-post","status-publish","format-standard","has-post-thumbnail","hentry","category-manset"],"views":6,"_links":{"self":[{"href":"https:\/\/mersinkadingazetesi.com\/index.php?rest_route=\/wp\/v2\/posts\/38560"}],"collection":[{"href":"https:\/\/mersinkadingazetesi.com\/index.php?rest_route=\/wp\/v2\/posts"}],"about":[{"href":"https:\/\/mersinkadingazetesi.com\/index.php?rest_route=\/wp\/v2\/types\/post"}],"author":[{"embeddable":true,"href":"https:\/\/mersinkadingazetesi.com\/index.php?rest_route=\/wp\/v2\/users\/2"}],"replies":[{"embeddable":true,"href":"https:\/\/mersinkadingazetesi.com\/index.php?rest_route=%2Fwp%2Fv2%2Fcomments&post=38560"}],"version-history":[{"count":1,"href":"https:\/\/mersinkadingazetesi.com\/index.php?rest_route=\/wp\/v2\/posts\/38560\/revisions"}],"predecessor-version":[{"id":38562,"href":"https:\/\/mersinkadingazetesi.com\/index.php?rest_route=\/wp\/v2\/posts\/38560\/revisions\/38562"}],"wp:featuredmedia":[{"embeddable":true,"href":"https:\/\/mersinkadingazetesi.com\/index.php?rest_route=\/wp\/v2\/media\/38561"}],"wp:attachment":[{"href":"https:\/\/mersinkadingazetesi.com\/index.php?rest_route=%2Fwp%2Fv2%2Fmedia&parent=38560"}],"wp:term":[{"taxonomy":"category","embeddable":true,"href":"https:\/\/mersinkadingazetesi.com\/index.php?rest_route=%2Fwp%2Fv2%2Fcategories&post=38560"},{"taxonomy":"post_tag","embeddable":true,"href":"https:\/\/mersinkadingazetesi.com\/index.php?rest_route=%2Fwp%2Fv2%2Ftags&post=38560"}],"curies":[{"name":"wp","href":"https:\/\/api.w.org\/{rel}","templated":true}]}}