{"id":38566,"date":"2025-01-09T15:37:38","date_gmt":"2025-01-09T12:37:38","guid":{"rendered":"https:\/\/mersinkadingazetesi.com\/?p=38566"},"modified":"2025-01-09T15:37:39","modified_gmt":"2025-01-09T12:37:39","slug":"temizlik-kampanyasinin-bu-gunku-adresi-cay-mahallesi","status":"publish","type":"post","link":"https:\/\/mersinkadingazetesi.com\/?p=38566","title":{"rendered":"TEM\u0130ZL\u0130K KAMPANYASININ BU G\u00dcNK\u00dc ADRES\u0130 \u201c\u00c7AY MAHALLES\u0130\u201d"},"content":{"rendered":"\n<p>\u00c7ay Mahallesinin; cadde, sokak, park ve ye\u015fil alanlar\u0131nda ger\u00e7ekle\u015fen geleneksel temizlik kampanyas\u0131na kat\u0131lan Akdeniz Belediyesi E\u015f Ba\u015fkanlar\u0131 Nuriye Arslan ve Ho\u015fyar Sar\u0131y\u0131ld\u0131z, temiz ve sa\u011fl\u0131kl\u0131 bir kent, do\u011fa ve ya\u015fam i\u00e7in vatanda\u015flar\u0131 duyarl\u0131 olmaya davet etti.<\/p>\n\n\n\n<p>Akdeniz Belediyesi&#8217;nin; \u201cAkdeniz\u2019i Seviyorum Kirletmiyorum\/ El Ele Mahallemi Temizliyorum\u201d ad\u0131yla ba\u015flatt\u0131\u011f\u0131 kampanya \u00e7er\u00e7evesinde, DEM Parti Akdeniz \u0130l\u00e7e E\u015f Ba\u015fkanlar\u0131, Ba\u015fkan yard\u0131mc\u0131lar\u0131, Meclis \u00fcyeleri, muhtarlar, \u00c7evre Koruma, Park Bah\u00e7eler, K\u00fclt\u00fcr Sosyal \u0130\u015fler M\u00fcd\u00fcrl\u00fc\u011f\u00fc ekipleri ile vatanda\u015flar\u0131n kat\u0131l\u0131m\u0131yla bu kez \u00c7ay Mahallesi\u2019nin cadde ve sokaklar\u0131 temizlendi.<\/p>\n\n\n\n<p>Ahmet Kaya Park\u0131\u2019ndan ba\u015flayan etkinlikte, belediye personeli ile birlikte ellerine po\u015fet alan Akdeniz Belediyesi E\u015f Ba\u015fkanlar\u0131 Nuriye Arslan ile Ho\u015fyar Sar\u0131y\u0131ld\u0131z, yerlere at\u0131lm\u0131\u015f \u00e7\u00f6p ve at\u0131klar\u0131 toplad\u0131. Kar\u015f\u0131la\u015ft\u0131klar\u0131 vatanda\u015flarla s\u0131cak ve samimi bir ortamda sohbet eden ve taleplerini dinleyen E\u015f Ba\u015fkanlar, \u00e7evreye duyarl\u0131 olunmas\u0131, sokaklar\u0131n kirletilmemesi \u00e7a\u011fr\u0131s\u0131 da yapt\u0131.<\/p>\n\n\n\n<p>Sar\u0131y\u0131ld\u0131z; \u201cT\u00fcm mahallelerimize hak etti\u011fi hizmetleri sunaca\u011f\u0131z\u201d<\/p>\n\n\n\n<p>Etkinli\u011fe ili\u015fkin k\u0131sa bir de\u011ferlendirme yapan E\u015f Ba\u015fkan Sar\u0131y\u0131ld\u0131z; \u201cBelediye y\u00f6netimimiz, emek\u00e7i arkada\u015flar\u0131m\u0131z, parti y\u00f6neticilerimiz ve muhtarlar\u0131m\u0131z ile birlikte bug\u00fcn \u00c7ay Mahallesi\u2019ne geldik. Art\u0131k geleneksel hale getirdi\u011fimiz temizlik etkinli\u011fimiz sayesinde hem sokaklar\u0131m\u0131zda durum nedir, ne t\u00fcr eksikler var, tespit etmek istedik. Hem de mahalleliye bir selam vermek istedik. Belediyemizin imk\u00e2nlar\u0131 d\u00e2hilinde kentimize, mahallelerimize, hi\u00e7bir ay\u0131r\u0131m yapmadan t\u00fcm vatanda\u015flar\u0131m\u0131za hak ettikleri hizmet ve projeleri sa\u011flamak i\u00e7in var g\u00fcc\u00fcm\u00fczle \u00e7al\u0131\u015fmaya devam edece\u011fiz\u201d \u015feklinde konu\u015ftu.<\/p>\n\n\n\n<p>Arslan; \u201cEtkinli\u011fimiz geleneksel hale geldi\u201d<\/p>\n\n\n\n<p>Birka\u00e7 ay \u00f6nce ba\u015flat\u0131lan temizlik kampanyas\u0131 kapsam\u0131nda bug\u00fcn de \u00c7ay Mahallesi\u2019ne konuk olduklar\u0131n\u0131 dile getiren E\u015f Ba\u015fkan Arslan ise; \u201cProjemiz art\u0131k geleneksel hale geldi. Dolay\u0131s\u0131yla bundan sonra b\u00fct\u00fcn mahallelerimizde bu kampanyam\u0131z\u0131 s\u00fcrd\u00fcrece\u011fiz. Projemizin amac\u0131 \u00e7evreye, do\u011faya kar\u015f\u0131 fark\u0131ndal\u0131k yaratmak, daha temiz ve ekolojik bir \u00e7evreye ula\u015fabilmek&#8230; \u00c7\u00fcnk\u00fc sa\u011fl\u0131kl\u0131 ya\u015faman\u0131n ilk ko\u015fulunun, her y\u00f6n\u00fcyle temiz bir do\u011fada ya\u015famak gerekti\u011fi bir ger\u00e7ektir\u201d dedi.<\/p>\n\n\n\n<p>\u201cAkdeniz\u2019i Seviyorum Kirletmiyorum&nbsp; \/ El Ele Mahallemi Temizliyorum\u201d kampanyas\u0131n\u0131n bir sonraki dura\u011f\u0131, 23 Ocak 2025 Per\u015fembe g\u00fcn\u00fc Adnan Menderes Mahallesi Muhtarl\u0131k binas\u0131 \u00f6n\u00fcnden ba\u015flayacak.<\/p>\n","protected":false},"excerpt":{"rendered":"<p>\u00c7ay Mahallesinin; cadde, sokak, park ve ye\u015fil alanlar\u0131nda ger\u00e7ekle\u015fen geleneksel temizlik kampanyas\u0131na kat\u0131lan Akdeniz Belediyesi E\u015f Ba\u015fkanlar\u0131 Nuriye Arslan ve Ho\u015fyar Sar\u0131y\u0131ld\u0131z, temiz ve sa\u011fl\u0131kl\u0131 bir kent, do\u011fa ve ya\u015fam i\u00e7in vatanda\u015flar\u0131 duyarl\u0131 olmaya davet etti. Akdeniz Belediyesi&#8217;nin; \u201cAkdeniz\u2019i Seviyorum Kirletmiyorum\/ El Ele Mahallemi Temizliyorum\u201d ad\u0131yla ba\u015flatt\u0131\u011f\u0131 kampanya \u00e7er\u00e7evesinde, DEM Parti Akdeniz \u0130l\u00e7e E\u015f Ba\u015fkanlar\u0131, [&hellip;]<\/p>\n","protected":false},"author":2,"featured_media":38567,"comment_status":"closed","ping_status":"closed","sticky":false,"template":"","format":"standard","meta":{"footnotes":""},"categories":[3],"tags":[],"class_list":["post-38566","post","type-post","status-publish","format-standard","has-post-thumbnail","hentry","category-manset"],"views":13,"_links":{"self":[{"href":"https:\/\/mersinkadingazetesi.com\/index.php?rest_route=\/wp\/v2\/posts\/38566"}],"collection":[{"href":"https:\/\/mersinkadingazetesi.com\/index.php?rest_route=\/wp\/v2\/posts"}],"about":[{"href":"https:\/\/mersinkadingazetesi.com\/index.php?rest_route=\/wp\/v2\/types\/post"}],"author":[{"embeddable":true,"href":"https:\/\/mersinkadingazetesi.com\/index.php?rest_route=\/wp\/v2\/users\/2"}],"replies":[{"embeddable":true,"href":"https:\/\/mersinkadingazetesi.com\/index.php?rest_route=%2Fwp%2Fv2%2Fcomments&post=38566"}],"version-history":[{"count":1,"href":"https:\/\/mersinkadingazetesi.com\/index.php?rest_route=\/wp\/v2\/posts\/38566\/revisions"}],"predecessor-version":[{"id":38568,"href":"https:\/\/mersinkadingazetesi.com\/index.php?rest_route=\/wp\/v2\/posts\/38566\/revisions\/38568"}],"wp:featuredmedia":[{"embeddable":true,"href":"https:\/\/mersinkadingazetesi.com\/index.php?rest_route=\/wp\/v2\/media\/38567"}],"wp:attachment":[{"href":"https:\/\/mersinkadingazetesi.com\/index.php?rest_route=%2Fwp%2Fv2%2Fmedia&parent=38566"}],"wp:term":[{"taxonomy":"category","embeddable":true,"href":"https:\/\/mersinkadingazetesi.com\/index.php?rest_route=%2Fwp%2Fv2%2Fcategories&post=38566"},{"taxonomy":"post_tag","embeddable":true,"href":"https:\/\/mersinkadingazetesi.com\/index.php?rest_route=%2Fwp%2Fv2%2Ftags&post=38566"}],"curies":[{"name":"wp","href":"https:\/\/api.w.org\/{rel}","templated":true}]}}