{"id":38569,"date":"2025-01-09T16:48:49","date_gmt":"2025-01-09T13:48:49","guid":{"rendered":"https:\/\/mersinkadingazetesi.com\/?p=38569"},"modified":"2025-01-09T16:48:50","modified_gmt":"2025-01-09T13:48:50","slug":"milletvekili-uysal-gazeteci-kaleminin-gucunu-hicbir-degisim-etkileyemez","status":"publish","type":"post","link":"https:\/\/mersinkadingazetesi.com\/?p=38569","title":{"rendered":"M\u0130LLETVEK\u0130L\u0130 UYSAL: GAZETEC\u0130 KALEM\u0130N\u0130N G\u00dcC\u00dcN\u00dc H\u0130\u00c7B\u0130R DE\u011e\u0130\u015e\u0130M ETK\u0130LEYEMEZ"},"content":{"rendered":"\n<p>Milliyet\u00e7i Hareket Partisi Mersin Milletvekili ve MYK \u00dcyesi Dr. Levent Uysal 10 Ocak \u00c7al\u0131\u015fan Gazeteciler G\u00fcn\u00fcn\u00fc kutlad\u0131.<\/p>\n\n\n\n<p>Milletvekili Uysal yay\u0131mlad\u0131\u011f\u0131 kutlama mesaj\u0131nda \u015fu ifadelere yer verdi;<\/p>\n\n\n\n<p><strong>\u201cToplumumuzun haber almas\u0131n\u0131 sa\u011flayan de\u011ferli gazetecilerimiz gecesini g\u00fcnd\u00fcz\u00fcne katarak \u00e7al\u0131\u015f\u0131yor; fedak\u00e2rca emek harc\u0131yor. Kimi zaman risk alt\u0131nda kimi zaman da vatanda\u015flar\u0131m\u0131z\u0131n mutlu anlar\u0131nda al\u0131n teri d\u00f6k\u00fcyor. Kamuoyunu ayd\u0131nlatmak ve bilgilendirmek ad\u0131na b\u00fcy\u00fck \u00f6neme sahip olan gazetecilik mesle\u011fi bir o kadar da \u015feffafl\u0131k gerektiren bir meslek grubu. De\u011fi\u015fen d\u00fcnyada ve ilerleyen teknoloji \u00e7a\u011f\u0131nda bas\u0131n sekt\u00f6r\u00fc de ayn\u0131 h\u0131zla geli\u015fiyor. Gazeteci kaleminin g\u00fcc\u00fcn\u00fc, hi\u00e7bir de\u011fi\u015fimin etkileyemeyece\u011fi a\u015fik\u00e2r oldu\u011fu gibi m\u00fcdahale etmekte do\u011fru de\u011fildir. Gazeteci ger\u00e7ek olan\u0131 yazmal\u0131 g\u00f6revini lay\u0131k\u0131yla yerine getirmelidir. Bununla birlikte T\u00fcrkiye Cumhuriyeti Devleti\u2019nin yarar\u0131na yap\u0131lan i\u015fleri de yine objektif olma ilkesini \u00f6nceleyerek halka sunmal\u0131d\u0131r. Bu vesileyle ebediyete irtihal etmi\u015f vatan\u0131n\u0131 milletini seven t\u00fcm merhum gazetecilerimizi rahmetle yad ediyor; g\u00f6revine devam eden bas\u0131n mensuplar\u0131m\u0131z\u0131n 10 Ocak \u00c7al\u0131\u015fan Gazeteciler G\u00fcn\u00fcn\u00fc kutluyorum.\u201d<\/strong><\/p>\n","protected":false},"excerpt":{"rendered":"<p>Milliyet\u00e7i Hareket Partisi Mersin Milletvekili ve MYK \u00dcyesi Dr. Levent Uysal 10 Ocak \u00c7al\u0131\u015fan Gazeteciler G\u00fcn\u00fcn\u00fc kutlad\u0131. Milletvekili Uysal yay\u0131mlad\u0131\u011f\u0131 kutlama mesaj\u0131nda \u015fu ifadelere yer verdi; \u201cToplumumuzun haber almas\u0131n\u0131 sa\u011flayan de\u011ferli gazetecilerimiz gecesini g\u00fcnd\u00fcz\u00fcne katarak \u00e7al\u0131\u015f\u0131yor; fedak\u00e2rca emek harc\u0131yor. Kimi zaman risk alt\u0131nda kimi zaman da vatanda\u015flar\u0131m\u0131z\u0131n mutlu anlar\u0131nda al\u0131n teri d\u00f6k\u00fcyor. Kamuoyunu ayd\u0131nlatmak ve [&hellip;]<\/p>\n","protected":false},"author":2,"featured_media":38570,"comment_status":"closed","ping_status":"closed","sticky":false,"template":"","format":"standard","meta":{"footnotes":""},"categories":[3],"tags":[],"class_list":["post-38569","post","type-post","status-publish","format-standard","has-post-thumbnail","hentry","category-manset"],"views":6,"_links":{"self":[{"href":"https:\/\/mersinkadingazetesi.com\/index.php?rest_route=\/wp\/v2\/posts\/38569"}],"collection":[{"href":"https:\/\/mersinkadingazetesi.com\/index.php?rest_route=\/wp\/v2\/posts"}],"about":[{"href":"https:\/\/mersinkadingazetesi.com\/index.php?rest_route=\/wp\/v2\/types\/post"}],"author":[{"embeddable":true,"href":"https:\/\/mersinkadingazetesi.com\/index.php?rest_route=\/wp\/v2\/users\/2"}],"replies":[{"embeddable":true,"href":"https:\/\/mersinkadingazetesi.com\/index.php?rest_route=%2Fwp%2Fv2%2Fcomments&post=38569"}],"version-history":[{"count":1,"href":"https:\/\/mersinkadingazetesi.com\/index.php?rest_route=\/wp\/v2\/posts\/38569\/revisions"}],"predecessor-version":[{"id":38571,"href":"https:\/\/mersinkadingazetesi.com\/index.php?rest_route=\/wp\/v2\/posts\/38569\/revisions\/38571"}],"wp:featuredmedia":[{"embeddable":true,"href":"https:\/\/mersinkadingazetesi.com\/index.php?rest_route=\/wp\/v2\/media\/38570"}],"wp:attachment":[{"href":"https:\/\/mersinkadingazetesi.com\/index.php?rest_route=%2Fwp%2Fv2%2Fmedia&parent=38569"}],"wp:term":[{"taxonomy":"category","embeddable":true,"href":"https:\/\/mersinkadingazetesi.com\/index.php?rest_route=%2Fwp%2Fv2%2Fcategories&post=38569"},{"taxonomy":"post_tag","embeddable":true,"href":"https:\/\/mersinkadingazetesi.com\/index.php?rest_route=%2Fwp%2Fv2%2Ftags&post=38569"}],"curies":[{"name":"wp","href":"https:\/\/api.w.org\/{rel}","templated":true}]}}