{"id":38572,"date":"2025-01-09T16:50:25","date_gmt":"2025-01-09T13:50:25","guid":{"rendered":"https:\/\/mersinkadingazetesi.com\/?p=38572"},"modified":"2025-01-09T16:50:26","modified_gmt":"2025-01-09T13:50:26","slug":"lider-koleji-16-kampusu-mersinde","status":"publish","type":"post","link":"https:\/\/mersinkadingazetesi.com\/?p=38572","title":{"rendered":"Lider Koleji 16. Kamp\u00fcs\u00fc Mersin&#8217;de"},"content":{"rendered":"\n<p>\u0130stanbul Lider Koleji\u2019nin e\u011fitimde \u00f6nc\u00fc vizyonunu Mersin\u2019e ta\u015f\u0131yan Toroslar Kamp\u00fcs\u00fc, Divan Otel\u2019de d\u00fczenlenen prestijli bir bas\u0131n lansman\u0131yla tan\u0131t\u0131ld\u0131.<\/p>\n\n\n\n<p>Gelece\u011fin e\u011fitim anlay\u0131\u015f\u0131n\u0131 b\u00f6lgeye ta\u015f\u0131yan bu etkinlik, Mersin e\u011fitim d\u00fcnyas\u0131nda b\u00fcy\u00fck yank\u0131 uyand\u0131rd\u0131.<\/p>\n\n\n\n<p>Kat\u0131l\u0131mc\u0131lar ve A\u00e7\u0131l\u0131\u015f Konu\u015fmalar\u0131<\/p>\n\n\n\n<p>Lansmana, \u0130stanbul Lider Koleji Y\u00f6netim Kurulu Ba\u015fkan\u0131 Sel\u00e7uk Dereci, Y\u00f6netim Kurulu Ba\u015fkan Yard\u0131mc\u0131s\u0131 Levent K\u00fc\u00e7\u00fckku\u015f\u00e7u, Y\u00f6netim Kurulu \u00dcyesi Hale Ayd\u0131n, Genel M\u00fcd\u00fcr Fatih Karada\u011fl\u0131, Akademik Direkt\u00f6rler,<\/p>\n\n\n\n<p>Mersin Toroslar Kamp\u00fcs\u00fc Kurucusu Mehmet Basut, Mersin Toroslar Kamp\u00fcs\u00fc Y\u00f6netim Kurulu \u00dcyesi Fahrettin Basut ve Kurum M\u00fcd\u00fcrleri kat\u0131ld\u0131.<\/p>\n\n\n\n<p>Sel\u00e7uk Dereci: \u201cMersin\u2019e E\u011fitimde Yeni Bir Soluk Getiriyoruz\u201d<\/p>\n\n\n\n<p>\u0130stanbul Lider Koleji Y\u00f6netim Kurulu Ba\u015fkan\u0131 Sel\u00e7uk Dereci, a\u00e7\u0131l\u0131\u015f konu\u015fmas\u0131nda, T\u00fcrkiye\u2019nin e\u011fitimde lider markas\u0131 olarak Mersin\u2019e gelmekten b\u00fcy\u00fck mutluluk duyduklar\u0131n\u0131 ifade etti. Dereci, \u0130stanbul Lider Koleji\u2019nin \u00e7a\u011fda\u015f e\u011fitim anlay\u0131\u015f\u0131n\u0131 Mersin Toroslar Kamp\u00fcs\u00fc\u2019yle bulu\u015fturacaklar\u0131n\u0131 belirterek, \u201cG\u00fc\u00e7l\u00fc e\u011fitim modelimizle \u00f6\u011frencilerimize akademik, sosyal ve ki\u015fisel geli\u015fim a\u00e7\u0131s\u0131ndan fark yaratan bir e\u011fitim sunaca\u011f\u0131z\u201d dedi.<\/p>\n\n\n\n<p>Levent K\u00fc\u00e7\u00fckku\u015f\u00e7u: \u201cE\u011fitimde Y\u00fcksek Standartlar\u201d<\/p>\n\n\n\n<p>Y\u00f6netim Kurulu Ba\u015fkan Yard\u0131mc\u0131s\u0131 Levent K\u00fc\u00e7\u00fckku\u015f\u00e7u ise konu\u015fmas\u0131nda \u0130stanbul Lider Koleji\u2019nin sadece bir e\u011fitim kurumu de\u011fil, ayn\u0131 zamanda bir vizyon oldu\u011funu vurgulad\u0131. K\u00fc\u00e7\u00fckku\u015f\u00e7u, \u201cToroslar Kamp\u00fcs\u00fcm\u00fczle, \u00f6\u011frencilerimizi yaln\u0131zca bug\u00fcne de\u011fil, gelece\u011fin ihtiya\u00e7lar\u0131na da haz\u0131rl\u0131yoruz. Akademik m\u00fcfredat\u0131m\u0131z, uluslararas\u0131 ge\u00e7erlili\u011fi olan i\u015fbirliklerimiz ve yenilik\u00e7i rehberlik modelimizle b\u00f6lgedeki e\u011fitim standartlar\u0131n\u0131 y\u00fckseltece\u011fiz\u201d dedi.<\/p>\n\n\n\n<p>Fatih Karada\u011fl\u0131: \u201cT\u00fcrkiye\u2019de Bir\u00e7ok \u0130lke \u0130mza At\u0131yoruz\u201d<\/p>\n\n\n\n<p>\u0130stanbul Lider Koleji Genel M\u00fcd\u00fcr\u00fc Fatih Karada\u011fl\u0131, konu\u015fmas\u0131nda Kolej\u2019in yenilik\u00e7i e\u011fitim modellerine de\u011finerek, \u201c\u0130stanbul Lider Koleji olarak, yurt d\u0131\u015f\u0131nda s\u0131navs\u0131z bir \u015fekilde T\u00fcrkiye ve denkli\u011fi olan \u00fcniversitelerle i\u015fbirlikleri yap\u0131yoruz. PISA m\u00fcfredat\u0131na uygun kitaplar\u0131m\u0131z, \u00f6zg\u00fcn \u0130ngilizce programlar\u0131m\u0131z ve gelece\u011fin mesleklerine y\u00f6nelik rehberlik modelimizle fark yarat\u0131yoruz. Bu g\u00fc\u00e7l\u00fc e\u011fitim modeli, Toroslar Kamp\u00fcs\u00fcm\u00fczle Mersin\u2019e ta\u015f\u0131n\u0131yor\u201d dedi.<\/p>\n\n\n\n<p>Mehmet Basut: \u201cToroslar Kamp\u00fcs\u00fc Mersin \u0130\u00e7in Bir D\u00f6n\u00fcm Noktas\u0131\u201d<\/p>\n\n\n\n<p>Toroslar Kamp\u00fcs\u00fc Kurucusu Mehmet Basut ise, \u0130stanbul Lider Koleji \u00e7at\u0131s\u0131 alt\u0131nda b\u00f6lgeye hizmet edecek olman\u0131n heyecan\u0131n\u0131 dile getirdi. Basut, \u201cToroslar Kamp\u00fcs\u00fcm\u00fcz, b\u00f6lgedeki e\u011fitim standartlar\u0131n\u0131 yeniden tan\u0131mlayacak bir vizyona sahiptir. Mersin\u2019in gelece\u011fini birlikte in\u015fa edece\u011fiz\u201d dedi.<\/p>\n\n\n\n<p>Fahrettin Basut: \u201cE\u011fitim Yolculu\u011fumuzda Yeni Bir D\u00f6nem\u201d<\/p>\n\n\n\n<p>Mersin Toroslar Kamp\u00fcs\u00fc ad\u0131na s\u00f6z alan Y\u00f6netim Kurulu \u00dcyesi Fahrettin Basut ise konu\u015fmas\u0131nda, Basut Okullar\u0131 olarak y\u0131llard\u0131r s\u00fcrd\u00fcrd\u00fckleri e\u011fitim yolculu\u011funu \u0130stanbul Lider Koleji \u00e7at\u0131s\u0131 alt\u0131nda \u00e7ok daha g\u00fc\u00e7l\u00fc bir yap\u0131ya ta\u015f\u0131d\u0131klar\u0131n\u0131 ifade etti:<\/p>\n\n\n\n<p>\u201cBug\u00fcn burada, e\u011fitimde b\u00fcy\u00fck bir ad\u0131m atman\u0131n gururunu ya\u015f\u0131yoruz. Bu d\u00f6n\u00fc\u015f\u00fcm yaln\u0131zca bir isim de\u011fi\u015fikli\u011fi de\u011fil; ayn\u0131 zamanda akademik m\u00fckemmeliyete ve daha g\u00fc\u00e7l\u00fc bir kurumsal yap\u0131ya ge\u00e7i\u015ftir. Velilerimize te\u015fekk\u00fcr eder, \u00f6\u011frencilerimizi yaln\u0131zca bug\u00fcne de\u011fil, yar\u0131na da haz\u0131rlayaca\u011f\u0131m\u0131z\u0131 taahh\u00fct ederiz.\u201d<\/p>\n\n\n\n<p>Hale Ayd\u0131n: \u201c\u00d6\u011frencilerimiz D\u00fcnya Standartlar\u0131nda E\u011fitimle Bulu\u015fuyor\u201d<\/p>\n\n\n\n<p>Y\u00f6netim Kurulu \u00dcyesi Hale Ayd\u0131n ise \u0130stanbul Lider Koleji\u2019nin sadece akademik ba\u015far\u0131ya de\u011fil, ayn\u0131 zamanda sosyal ve bireysel geli\u015fime \u00f6nem verdi\u011fini belirterek, \u201cToroslar Kamp\u00fcs\u00fcm\u00fcz, \u00f6\u011frencilerimize d\u00fcnya standartlar\u0131nda bir e\u011fitim sunacak\u201d dedi.<\/p>\n\n\n\n<p>Gelece\u011fin E\u011fitim Modeli Mersin\u2019de<\/p>\n\n\n\n<p>\u0130stanbul Lider Koleji\u2019nin yenilik\u00e7i e\u011fitim anlay\u0131\u015f\u0131yla yola \u00e7\u0131kan Toroslar Kamp\u00fcs\u00fc, modern altyap\u0131s\u0131, g\u00fc\u00e7l\u00fc akademik kadrosu ve uluslararas\u0131 e\u011fitim modelleriyle dikkat \u00e7ekiyor. Lansmanda, Kolej\u2019in uluslararas\u0131 i\u015fbirlikleri, PISA m\u00fcfredat\u0131, \u00f6zg\u00fcn akademik yay\u0131nlar\u0131 ve gelece\u011fin mesleklerine y\u00f6nelik kariyer odakl\u0131 rehberlik programlar\u0131 tan\u0131t\u0131ld\u0131.<\/p>\n\n\n\n<p>Mersin Halk\u0131ndan B\u00fcy\u00fck \u0130lgi<\/p>\n\n\n\n<p>Lansman, b\u00f6lgedeki e\u011fitim d\u00fcnyas\u0131nda b\u00fcy\u00fck bir yank\u0131 uyand\u0131rd\u0131. \u0130stanbul Lider Koleji Toroslar Kamp\u00fcs\u00fc\u2019n\u00fcn yeni d\u00f6nemde \u00f6\u011frencilerine ve Mersin\u2019e sa\u011flayaca\u011f\u0131 katk\u0131lar b\u00fcy\u00fck bir heyecanla bekleniyor. E\u011fitimde fark yaratan bu \u00f6nemli yat\u0131r\u0131m, b\u00f6lge i\u00e7in g\u00fc\u00e7l\u00fc bir ba\u015flang\u0131c\u0131 temsil ediyor.<\/p>\n","protected":false},"excerpt":{"rendered":"<p>\u0130stanbul Lider Koleji\u2019nin e\u011fitimde \u00f6nc\u00fc vizyonunu Mersin\u2019e ta\u015f\u0131yan Toroslar Kamp\u00fcs\u00fc, Divan Otel\u2019de d\u00fczenlenen prestijli bir bas\u0131n lansman\u0131yla tan\u0131t\u0131ld\u0131. Gelece\u011fin e\u011fitim anlay\u0131\u015f\u0131n\u0131 b\u00f6lgeye ta\u015f\u0131yan bu etkinlik, Mersin e\u011fitim d\u00fcnyas\u0131nda b\u00fcy\u00fck yank\u0131 uyand\u0131rd\u0131. Kat\u0131l\u0131mc\u0131lar ve A\u00e7\u0131l\u0131\u015f Konu\u015fmalar\u0131 Lansmana, \u0130stanbul Lider Koleji Y\u00f6netim Kurulu Ba\u015fkan\u0131 Sel\u00e7uk Dereci, Y\u00f6netim Kurulu Ba\u015fkan Yard\u0131mc\u0131s\u0131 Levent K\u00fc\u00e7\u00fckku\u015f\u00e7u, Y\u00f6netim Kurulu \u00dcyesi Hale Ayd\u0131n, [&hellip;]<\/p>\n","protected":false},"author":2,"featured_media":38573,"comment_status":"closed","ping_status":"closed","sticky":false,"template":"","format":"standard","meta":{"footnotes":""},"categories":[34,1,2,3],"tags":[],"class_list":["post-38572","post","type-post","status-publish","format-standard","has-post-thumbnail","hentry","category-flas-haber","category-genel","category-gundem","category-manset"],"views":28,"_links":{"self":[{"href":"https:\/\/mersinkadingazetesi.com\/index.php?rest_route=\/wp\/v2\/posts\/38572"}],"collection":[{"href":"https:\/\/mersinkadingazetesi.com\/index.php?rest_route=\/wp\/v2\/posts"}],"about":[{"href":"https:\/\/mersinkadingazetesi.com\/index.php?rest_route=\/wp\/v2\/types\/post"}],"author":[{"embeddable":true,"href":"https:\/\/mersinkadingazetesi.com\/index.php?rest_route=\/wp\/v2\/users\/2"}],"replies":[{"embeddable":true,"href":"https:\/\/mersinkadingazetesi.com\/index.php?rest_route=%2Fwp%2Fv2%2Fcomments&post=38572"}],"version-history":[{"count":1,"href":"https:\/\/mersinkadingazetesi.com\/index.php?rest_route=\/wp\/v2\/posts\/38572\/revisions"}],"predecessor-version":[{"id":38574,"href":"https:\/\/mersinkadingazetesi.com\/index.php?rest_route=\/wp\/v2\/posts\/38572\/revisions\/38574"}],"wp:featuredmedia":[{"embeddable":true,"href":"https:\/\/mersinkadingazetesi.com\/index.php?rest_route=\/wp\/v2\/media\/38573"}],"wp:attachment":[{"href":"https:\/\/mersinkadingazetesi.com\/index.php?rest_route=%2Fwp%2Fv2%2Fmedia&parent=38572"}],"wp:term":[{"taxonomy":"category","embeddable":true,"href":"https:\/\/mersinkadingazetesi.com\/index.php?rest_route=%2Fwp%2Fv2%2Fcategories&post=38572"},{"taxonomy":"post_tag","embeddable":true,"href":"https:\/\/mersinkadingazetesi.com\/index.php?rest_route=%2Fwp%2Fv2%2Ftags&post=38572"}],"curies":[{"name":"wp","href":"https:\/\/api.w.org\/{rel}","templated":true}]}}