{"id":38575,"date":"2025-01-09T17:08:05","date_gmt":"2025-01-09T14:08:05","guid":{"rendered":"https:\/\/mersinkadingazetesi.com\/?p=38575"},"modified":"2025-01-09T17:08:05","modified_gmt":"2025-01-09T14:08:05","slug":"baskan-secer-ve-chp-genel-baskani-ozel-mersinde-vatandasin-sesine-kulak-verdi","status":"publish","type":"post","link":"https:\/\/mersinkadingazetesi.com\/?p=38575","title":{"rendered":"BA\u015eKAN SE\u00c7ER VE CHP GENEL BA\u015eKANI \u00d6ZEL, MERS\u0130N&#8217;DE VATANDA\u015eIN SES\u0130NE KULAK VERD\u0130"},"content":{"rendered":"\n<p>Mersin B\u00fcy\u00fck\u015fehir Belediye Ba\u015fkan\u0131 Vahap Se\u00e7er ve Cumhuriyet Halk Partisi (CHP) Genel Ba\u015fkan\u0131 \u00d6zg\u00fcr \u00d6zel, Mersin&#8217;de ger\u00e7ekle\u015ftirdikleri ziyaretlerde vatanda\u015flarla bulu\u015fup, onlar\u0131n sesine kulak verdi. Program kapsam\u0131nda ilk olarak Hastane Caddesi&#8217;nde esnaf ziyareti yapan ve vatanda\u015flarla bir araya gelen Ba\u015fkan Se\u00e7er ve Genel Ba\u015fkan \u00d6zel, sorunlar\u0131 dinleyerek, talepleri not ald\u0131.<\/p>\n\n\n\n<p>Programlara; Adana B\u00fcy\u00fck\u015fehir Belediye Ba\u015fkan\u0131 Zeydan Karalar, CHP Yerel Y\u00f6netimlerden Sorumlu Genel Ba\u015fkan Yard\u0131mc\u0131s\u0131 G\u00f6kan Zeybek, CHP Mersin \u0130l Ba\u015fkan\u0131 Koral \u00d6m\u00fcr, genel merkez y\u00f6neticileri, il ve b\u00f6lge milletvekilleri, il\u00e7e belediye ba\u015fkanlar\u0131 ve partililer de e\u015flik etti. Genel Ba\u015fkan \u00d6zel ve Ba\u015fkan Se\u00e7er, esnaf ziyaretinde vatanda\u015flar\u0131n da yo\u011fun ilgi ve sevgisi ile kar\u015f\u0131land\u0131.<\/p>\n\n\n\n<p><strong>Genel Ba\u015fkan \u00d6zel, emeklinin ve asgari \u00fccretle ge\u00e7inen emek\u00e7inin sesine kulak verdi: &#8220;Her yer Mersin gibi olacak&#8221;<\/strong><\/p>\n\n\n\n<p>CHP Genel Ba\u015fkan\u0131 \u00d6zg\u00fcr \u00d6zel, Ba\u015fkan Se\u00e7er ile birlikte yapt\u0131klar\u0131 esnaf ziyaretinde emeklilerin ve asgari \u00fccretle ge\u00e7inen emek\u00e7ilerin seslerine kulak verdi. Genel Ba\u015fkan \u00d6zel,&nbsp;<strong>&#8220;Biz;&nbsp;<em>&#8216;Asgari \u00fccret 30 bin lira olsun&#8217;<\/em>&nbsp;dedik. 6 bin liras\u0131n\u0131 devlet destekleme yaps\u0131n;&nbsp;<em>&#8216;Alana 30, verene 24 olsun&#8217;<\/em>&nbsp;dedik ama kabul ettiremedik. 22 bin lira yapt\u0131lar ge\u00e7tiler. \u00c7al\u0131\u015fan da ge\u00e7inemiyor&#8221;&nbsp;<\/strong>dedi.<\/p>\n\n\n\n<p>Bir vatanda\u015ftan gelen;&nbsp;<strong>&#8220;Ba\u015fkan\u0131m emeklinin hali de k\u00f6t\u00fc, en ma\u011fdur biziz&#8221;&nbsp;<\/strong>feryad\u0131na da yan\u0131t veren \u00d6zel, emekli vatanda\u015f ile sohbet etti. Vatanda\u015f\u0131n;&nbsp;<strong>&#8220;Ben memur emeklisiyim, 20 bin lira al\u0131yorum&#8221;&nbsp;<\/strong>demesi \u00fczerine \u00d6zel de&nbsp;<strong>&#8220;Y\u00fczde 12 zam verildi de\u011fil mi? T\u00dc\u0130K&#8217;e g\u00f6re enflasyon y\u00fczde 50. Y\u00fczde 12 enflasyon fark\u0131 veriliyor&#8221;&nbsp;<\/strong>dedi. Emekli vatanda\u015f\u0131n;&nbsp;<strong>&#8220;Ba\u015fkan\u0131m, buna bir \u00e7\u00f6z\u00fcm gelecek de\u011fil mi?&#8221;&nbsp;<\/strong>sorusu\u00fczerine ise Ba\u015fkan Se\u00e7er,&nbsp;<strong>&#8220;Partimizi iktidara getirece\u011fiz ki, \u00e7\u00f6z\u00fcm olacak&#8221;&nbsp;<\/strong>diye yan\u0131t verdi. Emekli vatanda\u015f da Mersin&#8217;de var olan ba\u015far\u0131y\u0131 \u00fclke genelinde g\u00f6rmek istediklerini ifade etti.<\/p>\n\n\n\n<p><strong>Mersinlilerden Belediye hizmetlerine tam not<\/strong><\/p>\n\n\n\n<p>Genel Ba\u015fkan \u00d6zel,&nbsp;<strong>&#8220;\u00d6yle bir noktaya gelindi ki, 20 bin lira emekli maa\u015f\u0131 alan,&nbsp;<em>&#8216;Ben di\u011ferlerine g\u00f6re yine \u00e7ok al\u0131yorum&#8217;<\/em>&nbsp;diyor. Oysa en d\u00fc\u015f\u00fck emekli maa\u015f\u0131 bu iktidar geldi\u011finde 1,5 asgari \u00fccretti, bug\u00fcnk\u00fc hesapla 33 bin lira. Sen \u015fu anki durumunla asgari \u00fccretin alt\u0131nda al\u0131yorsun. Devlet kendi emeklisine 12 bin lira veriyor. Hepsini d\u00fczeltece\u011fiz. Mersin&#8217;i nas\u0131l d\u00fczelttiniz, ba\u015fka partideydi, \u015fik\u00e2yetiniz \u00e7oktu. Vahap Ba\u015fkan&#8217;\u0131 se\u00e7tiniz, 5 sene \u00e7al\u0131\u015ft\u0131 ve bu sefer y\u00fczde 60 ile rekor k\u0131rd\u0131. Yine \u00f6yle olacak&#8221;&nbsp;<\/strong>dedi.<\/p>\n\n\n\n<p>Ba\u015fkan Se\u00e7er de \u00fclke i\u00e7in;&nbsp;<strong>&#8220;Mersin gibi yapaca\u011f\u0131z&#8221;&nbsp;<\/strong>ifadelerini kullan\u0131rken, vatanda\u015flar da&nbsp;<strong>&#8220;Mersin \u00e7a\u011f atlad\u0131&#8221;&nbsp;<\/strong>diyerek,t\u00fcm T\u00fcrkiye&#8217;nin Mersin gibi olmas\u0131 temennilerinde bulundular. Tek tek d\u00fckk\u00e2nlar\u0131 ziyaret eden Genel Ba\u015fkan \u00d6zel,&nbsp;<strong>&#8220;Vahap Ba\u015fkan geldi\u011finde Mersin nas\u0131ld\u0131, \u015fimdi Mersin&#8217;i aya\u011fa kald\u0131rd\u0131. CHP geldi\u011finde de T\u00fcrkiye&#8217;yi aya\u011fa kald\u0131raca\u011f\u0131z&#8221;&nbsp;<\/strong>dedi ve esnaftan da;&nbsp;<strong>&#8220;Mersin&#8217;de ekip d\u00f6rt d\u00f6rtl\u00fck \u00e7al\u0131\u015f\u0131yor. Her zaman sand\u0131ktan Mersin birinci \u00e7\u0131kt\u0131&#8221;&nbsp;<\/strong>yorumlar\u0131 geldi. Esnafa&nbsp;<strong>&#8220;Belediye hizmetleri nas\u0131l?&#8221;&nbsp;<\/strong>diye soran Genel Ba\u015fkan \u00d6zel, verilen hizmetler i\u00e7in&nbsp;<strong><em>&#8220;10 numara&#8221;<\/em><\/strong>&nbsp;&nbsp;yorumunu ald\u0131.<\/p>\n\n\n\n<p><strong>Genel Ba\u015fkan \u00d6zel ve Ba\u015fkan Se\u00e7er \u00fcretici kad\u0131nlarla bulu\u015ftu<\/strong><\/p>\n\n\n\n<p>Ba\u015fkan Se\u00e7er ve Genel Ba\u015fkan \u00d6zel, ziyaret program\u0131 kapsam\u0131nda \u00d6zgecan Aslan Bar\u0131\u015f Meydan\u0131&#8217;nda Mersin&#8217;in il\u00e7eleri ile \u00e7evre illerden gelip stant kuran \u00fcretici kad\u0131n stantlar\u0131n\u0131 da ziyaret etti ve kad\u0131n giri\u015fimcilerle g\u00f6r\u00fc\u015ft\u00fc. Kad\u0131nlar\u0131n eme\u011fiyle ortaya \u00e7\u0131kan \u00fcr\u00fcnleri inceleyen ve \u00fcr\u00fcnlerinin tad\u0131na bakan Se\u00e7er ve \u00d6zel, bol kazan\u00e7lar dile\u011finde bulundular.<\/p>\n\n\n\n<p><strong>\u00dcretici kad\u0131nlardan tam destek!<\/strong><\/p>\n\n\n\n<p>Genel Ba\u015fkan \u00d6zel, Mersin&#8217;de uygulanan&nbsp;<strong><em>&#8216;Ya\u015fam\u0131 Sahiplen Destek B\u00fcy\u00fck\u015fehir&#8217;den&#8217;<\/em><\/strong>&nbsp;kampanyas\u0131na da de\u011finerek,&nbsp;<strong>&#8220;Vahap Ba\u015fkan hayvanlar\u0131 uyutacak yasa yerine, 900 hayvan sahiplendirmi\u015f, alm\u0131\u015f, a\u015f\u0131lam\u0131\u015f ve bakm\u0131\u015f. Vahap Ba\u015fkan hem ya\u015fatm\u0131\u015f hem evlere koymu\u015f&#8221;<\/strong>&nbsp;diye konu\u015ftu. \u00dcreticilerden;&nbsp;<strong>&#8220;Ba\u015far\u0131lar\u0131n\u0131z daim olsun, her zaman arkan\u0131zday\u0131z&#8221;<\/strong>&nbsp;\u015feklinde destek c\u00fcmleleri gelirken,&nbsp;<strong>&#8220;Vahap Ba\u015fkan\u0131m\u0131z harika, Ba\u015fkan\u0131m\u0131za sahip \u00e7\u0131k\u0131n&#8221;<\/strong>&nbsp;yorumlar\u0131 da geldi. \u00dcreticiler, Ba\u015fkan Se\u00e7er&#8217;i \u00e7ok sevdiklerinden de s\u00f6z ederek, \u00d6zel ve Se\u00e7er&#8217;e u\u011fur getirsin diye de u\u011fur b\u00f6ce\u011fi fig\u00fcr\u00fc hediye ettiler. \u00dcretici kad\u0131nlar son olarak ise&nbsp;<strong>&#8220;Her \u015fey g\u00fczel olacak&#8221;<\/strong>&nbsp;dediler.&nbsp;&nbsp;<\/p>\n\n\n\n<p><strong>\u00d6zel: &#8220;Cinsiyet e\u015fitli\u011fini sa\u011flayan belediyelere ve esnafa&nbsp;<em>&#8216;Mor Bayrak&#8217;<\/em>&nbsp;verilecek&#8221;<\/strong><\/p>\n\n\n\n<p>Kad\u0131nlar\u0131n Mersin B\u00fcy\u00fck\u015fehir&#8217;in cinsiyet e\u015fitli\u011fi noktas\u0131ndaki \u00e7al\u0131\u015fmalar\u0131ndan \u00f6vg\u00fcyle bahsetmelerinin ard\u0131ndan konu\u015fan \u00d6zel,&nbsp;<strong>&#8220;Mersin B\u00fcy\u00fck\u015fehir Belediyesi \u00f6v\u00fcn\u00e7 duydu\u011fumuz belediyelerden bir tanesi. Kad\u0131na kar\u015f\u0131 \u015fiddetle m\u00fccadele noktas\u0131nda yerel y\u00f6netimler \u00fczerlerine d\u00fc\u015feni yap\u0131yor ve \u00f6nc\u00fcl\u00fck ediyorlar&#8221;&nbsp;<\/strong>dedi. Kad\u0131nlara&nbsp;<strong><em>&#8216;Mor Bayrak&#8217;<\/em><\/strong>&nbsp;uygulamas\u0131ndan bahseden \u00d6zel,&nbsp;<strong>&#8220;T\u00fcrkiye Belediyeler Birli\u011fi ve CHP&#8217;li belediyeler kendi i\u00e7lerinde&nbsp;<em>&#8216;Mor Bayrak&#8217;&nbsp;<\/em>uygulamas\u0131 ba\u015flat\u0131yorlar. Cinsiyet e\u015fitli\u011fi noktas\u0131ndaki ad\u0131mlar\u0131 atan ve kendi b\u00fcnyesindeki bunu uygulayan belediyelerimize TBB, Mor Bayrak verecek. Belediyelerimiz de koydu\u011fu hedeflerimize ula\u015fan esnafa Mor Bayrak verecek. Vatanda\u015f al\u0131\u015fveri\u015f yaparken kad\u0131n eme\u011fine sayg\u0131l\u0131, toplumsal cinsiyet e\u015fitli\u011fi noktas\u0131nda \u00fczerine d\u00fc\u015feni yapan ve yapmayan esnaf\u0131 g\u00f6recek. Di\u011ferleri de bu Mor Bayra\u011f\u0131 edinebilmek i\u00e7in ellerinden geleni yapacaklar&#8221;&nbsp;<\/strong>diye anlatt\u0131. Ayn\u0131 zamanda CHP i\u00e7erisinde kad\u0131n kotas\u0131n\u0131n da y\u00fczde 33&#8217;ten y\u00fczde 50&#8217;ye y\u00fckseltilmesi i\u00e7in \u00e7al\u0131\u015fma ba\u015flatt\u0131klar\u0131n\u0131 s\u00f6yleyen \u00d6zel,&nbsp;<strong>&#8220;T\u00fcrkiye&#8217;de her \u015feyin yar\u0131s\u0131 kad\u0131n, yar\u0131s\u0131 erkek olacak&#8221;<\/strong>&nbsp;dedi.<\/p>\n\n\n\n<p><strong>&#8220;\u0130ktidara geldi\u011fimiz ilk ay \u0130stanbul S\u00f6zle\u015fmesi&#8217;ni yeniden y\u00fcr\u00fcrl\u00fc\u011fe sokaca\u011f\u0131z&#8221;<\/strong><\/p>\n\n\n\n<p>Stantlar\u0131 gezdi\u011fi s\u0131rada kad\u0131nlar\u0131n taleplerini de dinleyen \u00d6zel, kad\u0131na y\u00f6nelik \u015fiddetin engellenmesi i\u00e7in e\u015fitlik politikalar\u0131n\u0131n hayata ge\u00e7irilmesi ve \u0130stanbul S\u00f6zle\u015fmesi&#8217;nin yeniden y\u00fcr\u00fcrl\u00fc\u011fe koyulmas\u0131 i\u00e7in iktidara bask\u0131 kurulmas\u0131 talebine yan\u0131t vererek<strong>, &#8220;\u0130stanbul S\u00f6zle\u015fmesi hukuken kald\u0131r\u0131lmad\u0131, \u00e7\u00fcnk\u00fc bir s\u00f6zle\u015fme y\u00fcr\u00fcrl\u00fc\u011fe nas\u0131l girdiyse \u00f6yle kald\u0131r\u0131l\u0131r. Ben Dan\u0131\u015ftay&#8217;da kad\u0131n \u00f6rg\u00fctleri d\u0131\u015f\u0131nda dava a\u00e7an tek erke\u011fim. Hukuksal s\u00fcre\u00e7lerini devam ettiriyoruz&#8221;<\/strong>&nbsp;diyerek, iktidara geldikleri ilk bir ay i\u00e7erisinde \u0130stanbul S\u00f6zle\u015fmesi&#8217;ni yeniden y\u00fcr\u00fcrl\u00fc\u011fe koyacaklar\u0131n\u0131n alt\u0131n\u0131 \u00e7izdi.<\/p>\n\n\n\n<p><strong>&#8220;Vahap Se\u00e7er Mersin&#8217;i insanlar\u0131n birbirine g\u00fcvenle, severek bakt\u0131klar\u0131 bir kente d\u00f6n\u00fc\u015ft\u00fcrd\u00fc&#8221;<\/strong><\/p>\n\n\n\n<p>Mersin&#8217;in kendileri i\u00e7in \u00e7ok k\u0131ymetli bir \u015fehir oldu\u011funun vurgusunu yapan \u00d6zel,<strong>&nbsp;&#8220;Mersin&#8217;de her \u015fey yolunda&#8221;&nbsp;<\/strong>diye konu\u015ftu. Genel Ba\u015fkan \u00d6zel, Ba\u015fkan Se\u00e7er&#8217;in g\u00f6reve geldi\u011fi 2019 y\u0131l\u0131ndan bu yana Mersin&#8217;de olumlu anlamda bir d\u00f6n\u00fc\u015f\u00fcm ya\u015fand\u0131\u011f\u0131n\u0131 anlatarak,&nbsp;<strong>&#8220;O gecenin en kahraman hikayelerinden bir tanesi Mersin&#8217;de yazd\u0131\u011f\u0131m\u0131z hikayedir. 2019 y\u0131l\u0131nda Mersinliler Mersin&#8217;i, bir partinin ve o partiye m\u00fczahir bir tak\u0131m yap\u0131lar\u0131n elinden, Mersin&#8217;in k\u0131y\u0131lar\u0131n\u0131 talan olmaktan, pe\u015fke\u015f \u00e7ekilmekten \u00e7\u0131kar\u0131p Vahap Se\u00e7er&#8217;e emanet etmi\u015fti. 5 y\u0131l sonra Vahap Se\u00e7er Mersin&#8217;i; ranta de\u011fil halka a\u00e7\u0131lm\u0131\u015f k\u0131y\u0131lar\u0131n, plajlar\u0131n, b\u00fct\u00fcn b\u00fcfelerin belediye taraf\u0131ndan i\u015fletildi\u011fi ve son derece ucuz hizmetlerin verildi\u011fi, sokaklar\u0131n temiz ve g\u00fcvenli oldu\u011fu, insanlar\u0131n birbirine g\u00fcvenle, severek bakt\u0131klar\u0131 bir kente d\u00f6n\u00fc\u015ft\u00fcrd\u00fc ve 5 y\u0131l sonra bu kez y\u00fczde 60&#8217;la se\u00e7imleri kazand\u0131, T\u00fcrkiye&#8217;de rekor k\u0131rd\u0131&#8221;<\/strong>&nbsp;dedi.<\/p>\n\n\n\n<p><strong>&#8220;T\u00fcrkiye&#8217;yi de Mersin gibi y\u00f6netece\u011fiz&#8221;<\/strong><\/p>\n\n\n\n<p>Genel Ba\u015fkan \u00d6zel, ilk kez AK Parti ve MHP&#8217;den al\u0131nan belediyelerin 5 y\u0131l sonra oylar\u0131n\u0131 art\u0131rarak tekrar al\u0131nd\u0131\u011f\u0131n\u0131n \u00f6nemine vurgu yaparak,&nbsp;<strong>&#8220;Ba\u015fkanlar\u0131n cebinde bir tane anahtar var, o da CHP&#8217;nin iktidar\u0131n\u0131n anahtar\u0131. Ba\u015fkalar\u0131 gibi belediyenin kasas\u0131na g\u00f6z dikenlerden de\u011fil, T\u00fcrkiye&#8217;nin gelece\u011fine umut olanlardan bahsediyoruz. Vahap Ba\u015fkan da b\u00fct\u00fcn belediye ba\u015fkanlar\u0131m\u0131z da israf yerine hizmet yapan, belediyeye, \u015fehirde ya\u015fayan b\u00fct\u00fcn \u00e7ocuklara kendi \u00e7ocu\u011fu gibi bakan, b\u00fct\u00fcn yoksullara kendi karde\u015fine yard\u0131m edermi\u015f gibi yard\u0131m eden bir anlay\u0131\u015fla y\u00f6netiyorlar. T\u00fcrkiye&#8217;yi de b\u00f6yle y\u00f6netece\u011fiz&#8221;&nbsp;<\/strong>diye konu\u015ftu.<\/p>\n\n\n\n<p><strong>&#8220;Anketlerde en y\u00fcksek be\u011feni oran\u0131 Vahap Se\u00e7er&#8217;de, rekora devam ediyor&#8221;<\/strong><\/p>\n\n\n\n<p>Yap\u0131lan anketlerde CHP&#8217;nin Mersin&#8217;deki oylar\u0131nda art\u0131\u015f oldu\u011funa dikkat \u00e7eken Genel Ba\u015fkan \u00d6zel,&nbsp;&nbsp;<strong>&#8220;Vahap Bey&#8217;in de elinde;&nbsp;<em>&#8216;CHP&#8217;nin Mersin&#8217;de bug\u00fcn milletvekili se\u00e7imi olsa kime oy verirsiniz?&#8217;<\/em>&nbsp;sorusunda 5,5 puanl\u0131k CHP&#8217;ye bir art\u0131\u015f kaydedildi\u011fine ili\u015fkin anket var. Bizim elimizde,&nbsp;<em>&#8216;Vahap Se\u00e7er&#8217;in bug\u00fcn se\u00e7im olsa y\u00fczde 70&#8217;le se\u00e7ilece\u011fine&#8217;<\/em>&nbsp;dair anket var. Rekora devam ediyor, yine en y\u00fcksek be\u011feni oran\u0131 Vahap Se\u00e7er&#8217;de. 60&#8217;a kadar \u00e7\u0131kt\u0131, onu tepe nokta sand\u0131k ama kendi rekorlar\u0131n\u0131 k\u0131rmaya devam ediyor. CHP&#8217;nin ilk 6 ay diye ba\u015flay\u0131p anketler bitti\u011finde 8 ay\u0131n de\u011ferlendirildi\u011fi anketlerde y\u00fczde 70 deste\u011fe kavu\u015fmu\u015f noktada. Vahap Ba\u015fkan bununla da yetinmiyor, Mersin&#8217;de kendisine oy vermeyecek kimse kalmayana kadar \u00e7al\u0131\u015fmaya devam ediyor&#8221;<\/strong>&nbsp;ifadelerine yer verdi.<\/p>\n\n\n\n<p>Ba\u015fkan Se\u00e7er ve Genel Ba\u015fkan\u0131 \u00d6zel&#8217;e \u00fcretici kad\u0131nlar el emeklerinden hediyeler verdi ve y\u00f6resel tatlar ikram edildi. Stant ziyaretlerinin ard\u0131ndan Ba\u015fkan Se\u00e7er, CHP Genel Ba\u015fkan\u0131 \u00d6zel ve beraberindeki heyet, kad\u0131nlar\u0131n kurmu\u015f oldu\u011fu sofrada \u00fcretici kad\u0131nlarla beraber yemek yedi.<\/p>\n","protected":false},"excerpt":{"rendered":"<p>Mersin B\u00fcy\u00fck\u015fehir Belediye Ba\u015fkan\u0131 Vahap Se\u00e7er ve Cumhuriyet Halk Partisi (CHP) Genel Ba\u015fkan\u0131 \u00d6zg\u00fcr \u00d6zel, Mersin&#8217;de ger\u00e7ekle\u015ftirdikleri ziyaretlerde vatanda\u015flarla bulu\u015fup, onlar\u0131n sesine kulak verdi. Program kapsam\u0131nda ilk olarak Hastane Caddesi&#8217;nde esnaf ziyareti yapan ve vatanda\u015flarla bir araya gelen Ba\u015fkan Se\u00e7er ve Genel Ba\u015fkan \u00d6zel, sorunlar\u0131 dinleyerek, talepleri not ald\u0131. Programlara; Adana B\u00fcy\u00fck\u015fehir Belediye Ba\u015fkan\u0131 Zeydan [&hellip;]<\/p>\n","protected":false},"author":2,"featured_media":38576,"comment_status":"closed","ping_status":"closed","sticky":false,"template":"","format":"standard","meta":{"footnotes":""},"categories":[34,3,5],"tags":[],"class_list":["post-38575","post","type-post","status-publish","format-standard","has-post-thumbnail","hentry","category-flas-haber","category-manset","category-mersin"],"views":6,"_links":{"self":[{"href":"https:\/\/mersinkadingazetesi.com\/index.php?rest_route=\/wp\/v2\/posts\/38575"}],"collection":[{"href":"https:\/\/mersinkadingazetesi.com\/index.php?rest_route=\/wp\/v2\/posts"}],"about":[{"href":"https:\/\/mersinkadingazetesi.com\/index.php?rest_route=\/wp\/v2\/types\/post"}],"author":[{"embeddable":true,"href":"https:\/\/mersinkadingazetesi.com\/index.php?rest_route=\/wp\/v2\/users\/2"}],"replies":[{"embeddable":true,"href":"https:\/\/mersinkadingazetesi.com\/index.php?rest_route=%2Fwp%2Fv2%2Fcomments&post=38575"}],"version-history":[{"count":1,"href":"https:\/\/mersinkadingazetesi.com\/index.php?rest_route=\/wp\/v2\/posts\/38575\/revisions"}],"predecessor-version":[{"id":38577,"href":"https:\/\/mersinkadingazetesi.com\/index.php?rest_route=\/wp\/v2\/posts\/38575\/revisions\/38577"}],"wp:featuredmedia":[{"embeddable":true,"href":"https:\/\/mersinkadingazetesi.com\/index.php?rest_route=\/wp\/v2\/media\/38576"}],"wp:attachment":[{"href":"https:\/\/mersinkadingazetesi.com\/index.php?rest_route=%2Fwp%2Fv2%2Fmedia&parent=38575"}],"wp:term":[{"taxonomy":"category","embeddable":true,"href":"https:\/\/mersinkadingazetesi.com\/index.php?rest_route=%2Fwp%2Fv2%2Fcategories&post=38575"},{"taxonomy":"post_tag","embeddable":true,"href":"https:\/\/mersinkadingazetesi.com\/index.php?rest_route=%2Fwp%2Fv2%2Ftags&post=38575"}],"curies":[{"name":"wp","href":"https:\/\/api.w.org\/{rel}","templated":true}]}}