{"id":38578,"date":"2025-01-10T09:29:07","date_gmt":"2025-01-10T06:29:07","guid":{"rendered":"https:\/\/mersinkadingazetesi.com\/?p=38578"},"modified":"2025-01-10T09:29:08","modified_gmt":"2025-01-10T06:29:08","slug":"yapay-zeka-dijitallesme-ve-egitimde-donusum-konulu-panel-gerceklestirildi","status":"publish","type":"post","link":"https:\/\/mersinkadingazetesi.com\/?p=38578","title":{"rendered":"\u00a0&#8220;YAPAY ZEK\u00c2, D\u0130J\u0130TALLE\u015eME VE E\u011e\u0130T\u0130MDE D\u00d6N\u00dc\u015e\u00dcM&#8221; KONULU PANEL GER\u00c7EKLE\u015eT\u0130R\u0130LD\u0130"},"content":{"rendered":"\n<p>Mersin Valili\u011fimiz himayelerinde, M\u00fcd\u00fcrl\u00fc\u011f\u00fcm\u00fcz taraf\u0131ndan, SOD\u0130MER Ba\u015fkan\u0131 Prof. Dr. Levent Eraslan, \u0130stanbul \u00dcniversitesi \u00d6\u011fretim \u00dcyesi Prof. Dr. Veysel Bozkurt, Ankara \u00dcniversitesi \u00d6\u011fretim \u00dcyesi Prof. Dr. As\u0131m Egemen Y\u0131lmaz&#8217;\u0131n konu\u015fmac\u0131 olarak kat\u0131l\u0131mlar\u0131yla Suphi \u00d6ner \u00d6\u011fretmen Evi Tarsus Salonu&#8217;nda &#8220;Yapay Zek\u00e2, Dijitalle\u015fme ve E\u011fitimde D\u00f6n\u00fc\u015f\u00fcm&#8221; konulu panel ger\u00e7ekle\u015ftirildi.&nbsp;<\/p>\n\n\n\n<p>Program \u0130l Mill\u00ee E\u011fitim M\u00fcd\u00fcr\u00fc Fazilet Durmu\u015f&#8217;un a\u00e7\u0131l\u0131\u015f konu\u015fmalar\u0131yla ba\u015flad\u0131. Fazilet Durmu\u015f: &#8220;\u00d6\u011frencilerimiz dijital i\u00e7eriklerimizi \u00fcreterek dijital d\u00fcnyada s\u00f6z sahibi olsun istiyoruz. Ama dijital becerilerini geli\u015ftirirken insan kalabilsinler, empati kurabilsinler, duyarl\u0131 ve merhametli olsunlar istiyoruz.&#8221; ifadelerini kulland\u0131. Dijitalle\u015fen d\u00fcnyan\u0131n i\u00e7erisinde insani \u00f6zelliklerimizi de kaybetmeden yapay zek\u00e2y\u0131 insan\u0131 g\u00fc\u00e7lendirmek ama\u00e7l\u0131 kullanman\u0131n \u00f6nemine de\u011finen Fazilet Durmu\u015f, &#8220;\u015eehrimin \u00e7ocuklar\u0131na katk\u0131 sunmak ad\u0131na buraya geldikleri i\u00e7in \u00e7ok te\u015fekk\u00fcr ediyorum.&#8221; dedi.&nbsp;<\/p>\n\n\n\n<p>Fazilet Durmu\u015f&#8217;un moderat\u00f6rl\u00fc\u011f\u00fcnde ger\u00e7ekle\u015ftirilen panel, Prof. Dr. Veysel Bozkurt&#8217;un &#8220;Yapay Zek\u00e2,&nbsp; Dijital D\u00f6n\u00fc\u015f\u00fcm ve Yapay Zek\u00e2 Okuryazarl\u0131\u011f\u0131 &#8221; konulu sunumu ile ba\u015flad\u0131.&nbsp;<\/p>\n\n\n\n<p>Bili\u015fim \u00f6\u011fretmenleri ve bili\u015fim alan\u0131nda e\u011fitime devam eden lise d\u00fczeyindeki \u00f6\u011frencilerimize hitaben d\u00fczenlenen panelde yapay zek\u00e2n\u0131n varolu\u015fu ve d\u00fcnyadaki durumu, \u00dclkemizin yapay zek\u00e2 konusunda bulundu\u011fu nokta, Yapay zek\u00e2 ve gelecek nesillerin yapay zek\u00e2ya haz\u0131rl\u0131k durumu, Yapay zek\u00e2n\u0131n gelece\u011fin toplum k\u00fclt\u00fcr\u00fcne yans\u0131mas\u0131, E\u011fitim sisteminin yapay zek\u00e2 \u00e7a\u011f\u0131na uyarlanmas\u0131, Yapay zek\u00e2 kullan\u0131m\u0131nda etik kurallar ve uluslararas\u0131 i\u015f birli\u011fi, \u00d6\u011frenme asistan\u0131 olarak yapay zek\u00e2 kullan\u0131m\u0131, Yapay zek\u00e2n\u0131n dil e\u011fitimindeki rol\u00fc Aile olgusu \u00fczerinde dijital teknolojilerin kullan\u0131m\u0131n\u0131n etkileri konular\u0131 masaya yat\u0131r\u0131ld\u0131. Ailelerin ve \u00f6\u011fretmenlerin yapay zek\u00e2 okuryazarl\u0131\u011f\u0131 ve fark\u0131ndal\u0131\u011f\u0131n\u0131n \u00f6nemi vurguland\u0131.<\/p>\n\n\n\n<p>\u00d6\u011frencilerimizle interaktif olarak ger\u00e7ekle\u015fen panele \u00f6\u011frencilerin ilgisi yo\u011fun oldu. Panelde yapay zek\u00e2n\u0131n e\u011fitimde do\u011fru ve dozunda kullan\u0131lmas\u0131n\u0131n \u00f6\u011frenci ba\u015far\u0131lar\u0131n\u0131 art\u0131rabilece\u011fi, \u00f6\u011fretmenlere destek olabilece\u011fi ve e\u011fitimde h\u0131zl\u0131 \u00f6\u011frenmeyi sa\u011flayabilece\u011finin alt\u0131 \u00e7izildi. Faydalar\u0131n\u0131n \u00e7ok oldu\u011fu ve tehditleri konusunda da fark\u0131ndal\u0131klar\u0131 art\u0131rarak bilin\u00e7lendirme yap\u0131lmas\u0131 konusunda ortak bor g\u00f6r\u00fc\u015fe var\u0131ld\u0131.<\/p>\n\n\n\n<p>Panel, yapay zek\u00e2ya sorular sorulmas\u0131 ve yapay zek\u00e2n\u0131n cevaplamas\u0131 ile renkli anlara sahne oldu.&nbsp;<\/p>\n\n\n\n<p>T\u00fcrkiye Y\u00fczy\u0131l\u0131 Maarif Modeli&#8217;mizin k\u00f6kl\u00fc ge\u00e7mi\u015fiyle zaman\u0131n ruhunu yakalayarak g\u00fc\u00e7l\u00fc gelece\u011fimizi in\u015fa eden ve dijitalle\u015fen d\u00fcnyaya insan kalarak ayak uydurabilen bilge nesiller yeti\u015ftirme hedefine vurgu yapan \u0130l Mill\u00ee E\u011fitim M\u00fcd\u00fcr\u00fc Fazilet Durmu\u015f: &#8220;Yapay zek\u00e2 sesi duyabilir, fakat sessizli\u011fi okuyamaz. O y\u00fczden de sessizli\u011fi okuman\u0131n yolu da insani vas\u0131flar\u0131m\u0131z\u0131 kaybetmeden sesi etkin okuyanlar\u0131n deste\u011fini alarak yol y\u00fcr\u00fcmektir.&#8221;&nbsp; diyerek paneli sonland\u0131rd\u0131 ve katk\u0131lar\u0131ndan dolay\u0131 Prof. Dr. Levent Eraslan, Prof. Dr. Veysel Bozkurt ve Prof. Dr. As\u0131m Egemen Y\u0131lmaz&#8217;a te\u015fekk\u00fcrlerini iletti. Fazilet Durmu\u015f, yapay zek\u00e2n\u0131n e\u011fitimde d\u00f6n\u00fc\u015ft\u00fcr\u00fcc\u00fc bir g\u00fc\u00e7 olaca\u011f\u0131n\u0131 ve ilimizin buna \u00f6nc\u00fcl\u00fck etti\u011fini belirtti.<\/p>\n\n\n\n<p>Panel, konu\u015fmac\u0131lara Te\u015fekk\u00fcr Belgesi takdim edilmesi ve hat\u0131ra foto\u011fraf\u0131 \u00e7ekilmesiyle sona erdi.<\/p>\n\n\n\n<p>Panele, \u0130l Mill\u00ee E\u011fitim M\u00fcd\u00fcr Yard\u0131mc\u0131s\u0131 Fatih Bur\u011fut, Akdeniz \u0130l\u00e7e Mill\u00ee E\u011fitim M\u00fcd\u00fcr\u00fc Saim Demir, G\u00fclnar \u0130l\u00e7e Mill\u00ee E\u011fitim M\u00fcd\u00fcr\u00fc&nbsp; H\u00fcseyin Kadim, Toroslar \u0130l\u00e7e Mill\u00ee E\u011fitim M\u00fcd\u00fcr\u00fc Kaan Aydemir, \u0130l Mill\u00ee E\u011fitim \u015eube M\u00fcd\u00fcrleri, \u0130l\u00e7e Mill\u00ee E\u011fitimlerimizin \u015eube M\u00fcd\u00fcrleri, \u00e7ok say\u0131da y\u00f6netici, Bili\u015fim Teknolojileri \u00f6\u011fretmenleri ve \u00f6\u011frencilerimiz kat\u0131ld\u0131.<\/p>\n\n\n\n<p><a href=\"https:\/\/mersin.meb.gov.tr\/meb_iys_dosyalar\/2025_01\/09170801_whatsappimage20250109at16.36.471.jpg\" target=\"_blank\" rel=\"noreferrer noopener\"><\/a><\/p>\n","protected":false},"excerpt":{"rendered":"<p>Mersin Valili\u011fimiz himayelerinde, M\u00fcd\u00fcrl\u00fc\u011f\u00fcm\u00fcz taraf\u0131ndan, SOD\u0130MER Ba\u015fkan\u0131 Prof. Dr. Levent Eraslan, \u0130stanbul \u00dcniversitesi \u00d6\u011fretim \u00dcyesi Prof. Dr. Veysel Bozkurt, Ankara \u00dcniversitesi \u00d6\u011fretim \u00dcyesi Prof. Dr. As\u0131m Egemen Y\u0131lmaz&#8217;\u0131n konu\u015fmac\u0131 olarak kat\u0131l\u0131mlar\u0131yla Suphi \u00d6ner \u00d6\u011fretmen Evi Tarsus Salonu&#8217;nda &#8220;Yapay Zek\u00e2, Dijitalle\u015fme ve E\u011fitimde D\u00f6n\u00fc\u015f\u00fcm&#8221; konulu panel ger\u00e7ekle\u015ftirildi.&nbsp; Program \u0130l Mill\u00ee E\u011fitim M\u00fcd\u00fcr\u00fc Fazilet Durmu\u015f&#8217;un a\u00e7\u0131l\u0131\u015f konu\u015fmalar\u0131yla [&hellip;]<\/p>\n","protected":false},"author":2,"featured_media":38579,"comment_status":"closed","ping_status":"closed","sticky":false,"template":"","format":"standard","meta":{"footnotes":""},"categories":[3,11],"tags":[],"class_list":["post-38578","post","type-post","status-publish","format-standard","has-post-thumbnail","hentry","category-manset","category-teknoloji"],"views":4,"_links":{"self":[{"href":"https:\/\/mersinkadingazetesi.com\/index.php?rest_route=\/wp\/v2\/posts\/38578"}],"collection":[{"href":"https:\/\/mersinkadingazetesi.com\/index.php?rest_route=\/wp\/v2\/posts"}],"about":[{"href":"https:\/\/mersinkadingazetesi.com\/index.php?rest_route=\/wp\/v2\/types\/post"}],"author":[{"embeddable":true,"href":"https:\/\/mersinkadingazetesi.com\/index.php?rest_route=\/wp\/v2\/users\/2"}],"replies":[{"embeddable":true,"href":"https:\/\/mersinkadingazetesi.com\/index.php?rest_route=%2Fwp%2Fv2%2Fcomments&post=38578"}],"version-history":[{"count":1,"href":"https:\/\/mersinkadingazetesi.com\/index.php?rest_route=\/wp\/v2\/posts\/38578\/revisions"}],"predecessor-version":[{"id":38580,"href":"https:\/\/mersinkadingazetesi.com\/index.php?rest_route=\/wp\/v2\/posts\/38578\/revisions\/38580"}],"wp:featuredmedia":[{"embeddable":true,"href":"https:\/\/mersinkadingazetesi.com\/index.php?rest_route=\/wp\/v2\/media\/38579"}],"wp:attachment":[{"href":"https:\/\/mersinkadingazetesi.com\/index.php?rest_route=%2Fwp%2Fv2%2Fmedia&parent=38578"}],"wp:term":[{"taxonomy":"category","embeddable":true,"href":"https:\/\/mersinkadingazetesi.com\/index.php?rest_route=%2Fwp%2Fv2%2Fcategories&post=38578"},{"taxonomy":"post_tag","embeddable":true,"href":"https:\/\/mersinkadingazetesi.com\/index.php?rest_route=%2Fwp%2Fv2%2Ftags&post=38578"}],"curies":[{"name":"wp","href":"https:\/\/api.w.org\/{rel}","templated":true}]}}