{"id":38587,"date":"2025-01-10T09:33:28","date_gmt":"2025-01-10T06:33:28","guid":{"rendered":"https:\/\/mersinkadingazetesi.com\/?p=38587"},"modified":"2025-01-10T09:33:28","modified_gmt":"2025-01-10T06:33:28","slug":"anaokulu-ve-ilkokul-ogrencilerimizin-velilerine-nitelikli-kitap-secimi-semineri-verildi","status":"publish","type":"post","link":"https:\/\/mersinkadingazetesi.com\/?p=38587","title":{"rendered":"ANAOKULU VE \u0130LKOKUL \u00d6\u011eRENC\u0130LER\u0130M\u0130Z\u0130N VEL\u0130LER\u0130NE &#8221;N\u0130TEL\u0130KL\u0130 K\u0130TAP SE\u00c7\u0130M\u0130 SEM\u0130NER\u0130&#8221; VER\u0130LD\u0130\u00a0"},"content":{"rendered":"\n<p><br>Mersin E\u011fitim Akademisi ve Mezitli \u0130l\u00e7e Mill\u00ee E\u011fitim M\u00fcd\u00fcrl\u00fc\u011f\u00fc i\u015f birli\u011fi ile Mezitli Zeki Koyuncuo\u011flu Anaokulu ve \u0130lkokulu \u00f6\u011frenci velilerine Prof. Dr. Serdarhan Musa Ta\u015fkaya ve \u00d6\u011fretmen Esin D\u00f6nmezler taraf\u0131ndan &#8221;Nitelikli Kitap Se\u00e7imi Semineri&#8221; verildi.&nbsp;<\/p>\n\n\n\n<p>Nitelikli kitap se\u00e7imi konusunda velilerin fark\u0131ndal\u0131klar\u0131n\u0131n geli\u015ftirilmesine y\u00f6nelik yap\u0131lan seminerde \u0130l Mill\u00ee E\u011fitim M\u00fcd\u00fcr\u00fc Fazilet Durmu\u015f bir konu\u015fma ger\u00e7ekle\u015ftirdi. Konu\u015fmalar\u0131na &#8220;En g\u00fczel, en nitelikli kitap ebeveynlerin \u00e7ocuklar\u0131n\u0131n g\u00f6zleri \u00f6n\u00fcnde okudu\u011fu kitapt\u0131r.&#8221; diyerek ba\u015flayan Fazilet Durmu\u015f: &#8220;Evlatlar\u0131m\u0131z\u0131n nasihatten \u00e7ok, iyi \u00f6rne\u011fe ihtiya\u00e7lar\u0131 vard\u0131r. \u015eayet ailemiz, evlatlar\u0131m\u0131z\u0131n ilk okulu, e\u011fitim g\u00f6rd\u00fc\u011f\u00fc ilk kutsal kurumsa bizlerin de bu bilin\u00e7le her anlamda evlatlar\u0131m\u0131za \u00f6rnek olmam\u0131z gerekiyor. &#8216;\u00c7ocu\u011funda sevmedi\u011fin bir davran\u0131\u015f g\u00f6r\u00fcyorsan o senin yapt\u0131\u011f\u0131n bir davran\u0131\u015ft\u0131r. Kendini d\u00fczelt&#8217; diyor Hasan-i Basri Hazretleri.&nbsp;<\/p>\n\n\n\n<p>Dolay\u0131s\u0131yla evlatlar\u0131m\u0131z\u0131n davran\u0131\u015flar\u0131 asl\u0131nda biz velilerin ya\u015famlar\u0131m\u0131za dair iz d\u00fc\u015f\u00fcmlerimizdir. Bizleri k\u0131rmay\u0131p ilimize s\u0131k s\u0131k gelen, e\u011fitim ad\u0131na verdi\u011fi seminerlerle bizlere \u00e7ok k\u0131ymetli birikimlerini aktaran son d\u00f6nemin \u00f6nemli E\u011fitimci Yazarlar\u0131ndan Profes\u00f6r Doktor Ayta\u00e7 A\u00e7\u0131kal\u0131n bir sohbetimizde \u015funu ifade etmi\u015fti: &#8216;Siz \u00f6\u011fretmenler okullarda hi\u00e7bir evlad\u0131m\u0131za k\u00fcf\u00fcr etmeyi, k\u00f6t\u00fc s\u00f6z s\u00f6ylemeyi \u00f6\u011fretiyor musunuz? \u00d6\u011fretmiyorsunuz elbette. Peki bu yavrular\u0131m\u0131z bu k\u00f6t\u00fc h\u00e2lleri nerden \u00f6\u011freniyor?&#8217; \u0130\u015fte de\u011ferli veliler, evlatlar\u0131m\u0131z bir dijital bir kay\u0131t cihaz\u0131 gibi, g\u00f6rd\u00fckleri hem iyi davran\u0131\u015flar\u0131 hem de olumsuz davran\u0131\u015flar\u0131 kaydediyorlar.&#8221; ifadelerini kulland\u0131.<\/p>\n\n\n\n<p>Seminere \u00e7al\u0131\u015fma ve birikimleriyle katk\u0131 sunan Prof. Dr. Serdarhan Musa Ta\u015fkaya&#8217;ya, Esin D\u00f6nmezler&#8217;e ve velilerimize kat\u0131l\u0131mlar\u0131ndan dolay\u0131 te\u015fekk\u00fcr eden Fazilet Durmu\u015f, s\u00f6zlerini: &#8220;K\u0131ymetli veliler, \u00e7ocuklar\u0131n\u0131zla 7 ya\u015f\u0131na kadar oynay\u0131n, 15 ya\u015f\u0131na kadar arkada\u015f olun, 15 ya\u015f\u0131ndan sonra ise isti\u015fare edin.&#8221; diyerek tamamlad\u0131.<\/p>\n\n\n\n<p>Velilerimiz i\u00e7in \u00e7ok faydal\u0131 olan seminerde Fazilet Durmu\u015f, konu\u015fmac\u0131lara kat\u0131l\u0131mlar\u0131ndan ve katk\u0131lar\u0131ndan dolay\u0131 te\u015fekk\u00fcr belgesi takdim etti.&nbsp;<\/p>\n\n\n\n<p>Fazilet Durmu\u015f, seminerin ard\u0131ndan okulda Dilimizin Zenginlikleri ve K\u00fclt\u00fcr\u00fcn \u0130zinde Mersin projleri kapsam\u0131nda a\u00e7\u0131lan Y\u00f6r\u00fck k\u00fclt\u00fcr\u00fcne ait y\u00f6resel \u00fcr\u00fcnlerin sergilendi\u011fi sergiyi ziyaret etti.&nbsp;<\/p>\n\n\n\n<p>\u0130l Mill\u00ee E\u011fitim M\u00fcd\u00fcr\u00fc Fazilet Durmu\u015f&#8217;un kat\u0131ld\u0131\u011f\u0131 seminer ve sergiye \u0130l Mill\u00ee E\u011fitim M\u00fcd\u00fcr Yard\u0131mc\u0131s\u0131 Nazmi Kendigelen, Mezitli \u0130l\u00e7e Mill\u00ee E\u011fitim M\u00fcd\u00fcr\u00fc Mehmet Badas, \u0130l Mill\u00ee E\u011fitim \u015eube M\u00fcd\u00fcr\u00fc \u00c7a\u011fatay \u00c7etin, Mezitli \u0130l\u00e7e Mill\u00ee E\u011fitim \u015eube M\u00fcd\u00fcrleri, y\u00f6neticiler, \u00f6\u011fretmenler ve \u00e7ok say\u0131da velimiz i\u015ftirak etti.<\/p>\n","protected":false},"excerpt":{"rendered":"<p>Mersin E\u011fitim Akademisi ve Mezitli \u0130l\u00e7e Mill\u00ee E\u011fitim M\u00fcd\u00fcrl\u00fc\u011f\u00fc i\u015f birli\u011fi ile Mezitli Zeki Koyuncuo\u011flu Anaokulu ve \u0130lkokulu \u00f6\u011frenci velilerine Prof. Dr. Serdarhan Musa Ta\u015fkaya ve \u00d6\u011fretmen Esin D\u00f6nmezler taraf\u0131ndan &#8221;Nitelikli Kitap Se\u00e7imi Semineri&#8221; verildi.&nbsp; Nitelikli kitap se\u00e7imi konusunda velilerin fark\u0131ndal\u0131klar\u0131n\u0131n geli\u015ftirilmesine y\u00f6nelik yap\u0131lan seminerde \u0130l Mill\u00ee E\u011fitim M\u00fcd\u00fcr\u00fc Fazilet Durmu\u015f bir konu\u015fma ger\u00e7ekle\u015ftirdi. Konu\u015fmalar\u0131na [&hellip;]<\/p>\n","protected":false},"author":2,"featured_media":38588,"comment_status":"closed","ping_status":"closed","sticky":false,"template":"","format":"standard","meta":{"footnotes":""},"categories":[3],"tags":[],"class_list":["post-38587","post","type-post","status-publish","format-standard","has-post-thumbnail","hentry","category-manset"],"views":9,"_links":{"self":[{"href":"https:\/\/mersinkadingazetesi.com\/index.php?rest_route=\/wp\/v2\/posts\/38587"}],"collection":[{"href":"https:\/\/mersinkadingazetesi.com\/index.php?rest_route=\/wp\/v2\/posts"}],"about":[{"href":"https:\/\/mersinkadingazetesi.com\/index.php?rest_route=\/wp\/v2\/types\/post"}],"author":[{"embeddable":true,"href":"https:\/\/mersinkadingazetesi.com\/index.php?rest_route=\/wp\/v2\/users\/2"}],"replies":[{"embeddable":true,"href":"https:\/\/mersinkadingazetesi.com\/index.php?rest_route=%2Fwp%2Fv2%2Fcomments&post=38587"}],"version-history":[{"count":1,"href":"https:\/\/mersinkadingazetesi.com\/index.php?rest_route=\/wp\/v2\/posts\/38587\/revisions"}],"predecessor-version":[{"id":38589,"href":"https:\/\/mersinkadingazetesi.com\/index.php?rest_route=\/wp\/v2\/posts\/38587\/revisions\/38589"}],"wp:featuredmedia":[{"embeddable":true,"href":"https:\/\/mersinkadingazetesi.com\/index.php?rest_route=\/wp\/v2\/media\/38588"}],"wp:attachment":[{"href":"https:\/\/mersinkadingazetesi.com\/index.php?rest_route=%2Fwp%2Fv2%2Fmedia&parent=38587"}],"wp:term":[{"taxonomy":"category","embeddable":true,"href":"https:\/\/mersinkadingazetesi.com\/index.php?rest_route=%2Fwp%2Fv2%2Fcategories&post=38587"},{"taxonomy":"post_tag","embeddable":true,"href":"https:\/\/mersinkadingazetesi.com\/index.php?rest_route=%2Fwp%2Fv2%2Ftags&post=38587"}],"curies":[{"name":"wp","href":"https:\/\/api.w.org\/{rel}","templated":true}]}}