{"id":38590,"date":"2025-01-10T09:34:58","date_gmt":"2025-01-10T06:34:58","guid":{"rendered":"https:\/\/mersinkadingazetesi.com\/?p=38590"},"modified":"2025-01-10T09:34:59","modified_gmt":"2025-01-10T06:34:59","slug":"baskan-tuncer-chp-genel-baskani-ozgur-ozeli-mezitli-belediyesinde-agirladi","status":"publish","type":"post","link":"https:\/\/mersinkadingazetesi.com\/?p=38590","title":{"rendered":"BA\u015eKAN TUNCER, CHP GENEL BA\u015eKANI \u00d6ZG\u00dcR \u00d6ZEL&#8217;\u0130 MEZ\u0130TL\u0130 BELED\u0130YES\u0130&#8217;NDE A\u011eIRLADI"},"content":{"rendered":"\n<p>Cumhuriyet Halk Partisi Genel Ba\u015fkan\u0131 \u00d6zg\u00fcr \u00d6zel, Mersin ziyareti kapsam\u0131nda Mezitli Belediyesi&#8217;ni ziyaret ederek Belediye Ba\u015fkan\u0131 Ahmet Serkan Tuncer ile bir araya geldi. \u00d6zg\u00fcr \u00d6zel, Mezitli Belediyesi&#8217;nin sosyal projeleri ve ba\u015far\u0131l\u0131 \u00e7al\u0131\u015fmalar\u0131 hakk\u0131nda bilgi al\u0131rken Ba\u015fkan Tuncer&#8217;in g\u00f6reve geldi\u011fi g\u00fcnden bu yana hayata ge\u00e7irdi\u011fi projeler i\u00e7in kendisini tebrik etti.<\/p>\n\n\n\n<p>Mezitli Belediyesi&#8217;ndeki g\u00f6r\u00fc\u015fme s\u0131ras\u0131nda Genel Ba\u015fkan \u00d6zg\u00fcr \u00d6zel, Ba\u015fkan Tuncer&#8217;in gen\u00e7 ya\u015f\u0131na ra\u011fmen partisinin ve Mezitli halk\u0131n\u0131n g\u00fcvenini kazanarak \u00f6nemli ba\u015far\u0131lara imza att\u0131\u011f\u0131n\u0131 belirtti. \u00d6zel, &#8220;41 ya\u015f\u0131ndaki ba\u015fkan\u0131m\u0131za 41 kere ma\u015fallah. Ahmet Serkan Tuncer, hem partimize olan ba\u011fl\u0131l\u0131\u011f\u0131 hem de Mezitli&#8217;deki \u00e7al\u0131\u015fmalar\u0131ndaki ba\u015far\u0131s\u0131yla \u00f6rnek bir belediye ba\u015fkan\u0131d\u0131r&#8221; dedi.<\/p>\n\n\n\n<p>Ba\u015fkan Tuncer ise &#8220;Genel Ba\u015fkan\u0131m\u0131z \u00d6zg\u00fcr \u00d6zel&#8217;i belediyemizde a\u011f\u0131rlamaktan b\u00fcy\u00fck bir onur duyuyorum. Mezitli halk\u0131n\u0131n bize olan g\u00fcvenine ve partimize lay\u0131k olmak i\u00e7in \u00e7al\u0131\u015fmalar\u0131m\u0131za ara vermeden devam edece\u011fiz&#8221; ifadelerini kulland\u0131.<\/p>\n\n\n\n<p><strong>GENEL BA\u015eKAN \u00d6ZG\u00dcR \u00d6ZEL \u0130LE YO\u011eUN PROGRAM<\/strong><\/p>\n\n\n\n<p>Mezitli Belediyesi ziyaretinin yan\u0131 s\u0131ra, Ba\u015fkan Ahmet Serkan Tuncer, \u00d6zg\u00fcr \u00d6zel ile birlikte Mersin&#8217;de yo\u011fun bir programa kat\u0131ld\u0131. \u0130lk olarak CHP Mersin \u0130l Ba\u015fkanl\u0131\u011f\u0131&#8217;n\u0131 ziyaret eden heyet, burada parti \u00f6rg\u00fct\u00fcyle bir araya geldi. Ard\u0131ndan Mersin B\u00fcy\u00fck\u015fehir Belediyesi&#8217;ni ziyaret eden \u00d6zel, Ba\u015fkan Tuncer&#8217;in de yer ald\u0131\u011f\u0131 programda Ba\u015fkan Vahap Se\u00e7er ve il\u00e7e belediye ba\u015fkanlar\u0131, milletvekilleri ve parti mensuplar\u0131yla bulu\u015ftu.<\/p>\n\n\n\n<p>Program kapsam\u0131nda kad\u0131n \u00fcretici pazar\u0131n\u0131 ziyaret eden Genel Ba\u015fkan \u00d6zel, \u00fcreticilerle sohbet etti. Ard\u0131ndan Mersin&#8217;in \u00e7e\u015fitli b\u00f6lgelerinde esnaf ziyaretleri ger\u00e7ekle\u015ftirildi. \u00d6zg\u00fcr \u00d6zel, Mersin B\u00fcy\u00fck\u015fehir Belediyesi taraf\u0131ndan hizmete a\u00e7\u0131lan projelerin a\u00e7\u0131l\u0131\u015f\u0131na kat\u0131ld\u0131. T\u00fcm bu programlarda Ba\u015fkan Ahmet Serkan Tuncer de \u00d6zel&#8217;e e\u015flik etti ve projelerle ilgili bilgi payla\u015f\u0131m\u0131nda bulundu.<\/p>\n\n\n\n<p>Ziyaretlerin ard\u0131ndan \u00d6zg\u00fcr \u00d6zel&#8217;in Mezitli Belediyesi&#8217;ni ziyareti, g\u00fcn\u00fcn en \u00f6nemli dura\u011f\u0131 oldu. Ba\u015fkan Tuncer, Genel Ba\u015fkan \u00d6zel&#8217;e Mezitli halk\u0131na daha iyi hizmet sunmak ad\u0131na, projeleri geli\u015ftirmek i\u00e7in \u00e7al\u0131\u015fmalara devam edeceklerini ifade etti.<\/p>\n","protected":false},"excerpt":{"rendered":"<p>Cumhuriyet Halk Partisi Genel Ba\u015fkan\u0131 \u00d6zg\u00fcr \u00d6zel, Mersin ziyareti kapsam\u0131nda Mezitli Belediyesi&#8217;ni ziyaret ederek Belediye Ba\u015fkan\u0131 Ahmet Serkan Tuncer ile bir araya geldi. \u00d6zg\u00fcr \u00d6zel, Mezitli Belediyesi&#8217;nin sosyal projeleri ve ba\u015far\u0131l\u0131 \u00e7al\u0131\u015fmalar\u0131 hakk\u0131nda bilgi al\u0131rken Ba\u015fkan Tuncer&#8217;in g\u00f6reve geldi\u011fi g\u00fcnden bu yana hayata ge\u00e7irdi\u011fi projeler i\u00e7in kendisini tebrik etti. Mezitli Belediyesi&#8217;ndeki g\u00f6r\u00fc\u015fme s\u0131ras\u0131nda Genel Ba\u015fkan [&hellip;]<\/p>\n","protected":false},"author":2,"featured_media":38591,"comment_status":"closed","ping_status":"closed","sticky":false,"template":"","format":"standard","meta":{"footnotes":""},"categories":[34,3,5],"tags":[],"class_list":["post-38590","post","type-post","status-publish","format-standard","has-post-thumbnail","hentry","category-flas-haber","category-manset","category-mersin"],"views":6,"_links":{"self":[{"href":"https:\/\/mersinkadingazetesi.com\/index.php?rest_route=\/wp\/v2\/posts\/38590"}],"collection":[{"href":"https:\/\/mersinkadingazetesi.com\/index.php?rest_route=\/wp\/v2\/posts"}],"about":[{"href":"https:\/\/mersinkadingazetesi.com\/index.php?rest_route=\/wp\/v2\/types\/post"}],"author":[{"embeddable":true,"href":"https:\/\/mersinkadingazetesi.com\/index.php?rest_route=\/wp\/v2\/users\/2"}],"replies":[{"embeddable":true,"href":"https:\/\/mersinkadingazetesi.com\/index.php?rest_route=%2Fwp%2Fv2%2Fcomments&post=38590"}],"version-history":[{"count":1,"href":"https:\/\/mersinkadingazetesi.com\/index.php?rest_route=\/wp\/v2\/posts\/38590\/revisions"}],"predecessor-version":[{"id":38592,"href":"https:\/\/mersinkadingazetesi.com\/index.php?rest_route=\/wp\/v2\/posts\/38590\/revisions\/38592"}],"wp:featuredmedia":[{"embeddable":true,"href":"https:\/\/mersinkadingazetesi.com\/index.php?rest_route=\/wp\/v2\/media\/38591"}],"wp:attachment":[{"href":"https:\/\/mersinkadingazetesi.com\/index.php?rest_route=%2Fwp%2Fv2%2Fmedia&parent=38590"}],"wp:term":[{"taxonomy":"category","embeddable":true,"href":"https:\/\/mersinkadingazetesi.com\/index.php?rest_route=%2Fwp%2Fv2%2Fcategories&post=38590"},{"taxonomy":"post_tag","embeddable":true,"href":"https:\/\/mersinkadingazetesi.com\/index.php?rest_route=%2Fwp%2Fv2%2Ftags&post=38590"}],"curies":[{"name":"wp","href":"https:\/\/api.w.org\/{rel}","templated":true}]}}